{"id":97,"date":"2019-04-02T11:05:26","date_gmt":"2019-04-02T09:05:26","guid":{"rendered":"http:\/\/pracanaroli.pl\/?p=97"},"modified":"2019-04-02T15:52:06","modified_gmt":"2019-04-02T13:52:06","slug":"rolniczy-raport-asf-_29-03-2019-r","status":"publish","type":"post","link":"https:\/\/pracanaroli.pl\/index.php\/2019\/04\/02\/rolniczy-raport-asf-_29-03-2019-r\/","title":{"rendered":"Rolniczy Raport ASF _29.03.2019 r."},"content":{"rendered":"\n<p><strong>ROLNICZY RAPORT ASF<\/strong> &#8211; to przegl\u0105d informacji zwi\u0105zanych z sytuacj\u0105 producent\u00f3w trzody chlewnej opracowywany przez NSZZ Rolnik\u00f3w Indywidualnych na Pomorzu Zachodnim. Zapraszamy do wsp\u00f3\u0142tworzenia raportu i dzielenia si\u0119 nim z rolnikami, przetw\u00f3rcami, samorz\u0105dowcami, politykami, dziennikarzami, czy s\u0105siadami (skopiuj do maila, podaj dalej). Skorzystaj z mo\u017cliwo\u015bci powiadomienia nas o wa\u017cnych wydarzeniach: protestrolnikow@gmail.com  <a rel=\"noreferrer noopener\" href=\"https:\/\/www.facebook.com\/hashtag\/trzodachlewna?source=note&amp;epa=HASHTAG\" target=\"_blank\">#trzodachlewna <\/a><a rel=\"noreferrer noopener\" href=\"https:\/\/www.facebook.com\/hashtag\/polskiemi%C4%99so?source=note&amp;epa=HASHTAG\" target=\"_blank\">#PolskieMi\u0119so <\/a><a rel=\"noreferrer noopener\" href=\"https:\/\/www.facebook.com\/hashtag\/asf?source=note&amp;epa=HASHTAG\" target=\"_blank\">#ASF <\/a><a rel=\"noreferrer noopener\" href=\"https:\/\/www.facebook.com\/hashtag\/solidarno%C5%9B%C4%87ri?source=note&amp;epa=HASHTAG\" target=\"_blank\">#Solidarno\u015b\u0107RI<\/a> <br>(opracowanie: 29.03.2019 r.). Facebook: PROTEST ROLNIK\u00d3W<\/p>\n\n\n\n<p><strong>Polecamy: <\/strong><\/p>\n\n\n\n<p><strong>JAK CZECHY POKONA\u0141Y ASF? CZY MO\u017bEMY ZROBI\u0106 TO SAMO?<\/strong><br>&#8222;W ramach zapobiegawczych dzia\u0142a\u0144 uznano wtedy ca\u0142y region o powierzchni 1,034 km2 za ska\u017cony i natychmiast wprowadzono na nim konkretne czynno\u015bci w celu zminimalizowania ryzyka dalszego rozprzestrzenienia choroby. Zainfekowany region podzielono na r\u00f3\u017cne strefy \u2013 obszar ogrodzony, obszary o du\u017cym i ma\u0142ym ryzyku wyst\u0119powania ASF oraz obszar prowadzenia intensywnych polowa\u0144.&#8221; Info. za: <a rel=\"noreferrer noopener\" href=\"https:\/\/l.facebook.com\/l.php?u=https%3A%2F%2Fwww.cenyrolnicze.pl%2Fwiadomosci%2Fasf%2F15059-jak-czechy-pokonaly-asf-czy-mozemy-zrobic-to-samo%3Ffbclid%3DIwAR32ekFd-bqZZrD7VWMYNXUzEvwsF3O7eWkmiJObukIVJaDAh8EtBXC0NN4&amp;h=AT1P2YZNK1suBytB9aVX-zE0LVWZyiTaz3gwEO16jtOnBqxXu96QAbu_1bmcf-tv6BnGcmVaz_7M8rTcRA9q10KIR4EFDjH-bPtU2wXYQ4jMoqoATvd-XM2ugTTr3Gbv_PIsYhCJ6rbAbCjX9NtvoQ\" target=\"_blank\">cenyrolnicze.pl (23.02.19)<\/a><\/p>\n\n\n\n<p><strong>CZECHY<\/strong> Uda\u0142o im si\u0119 pokona\u0107 (dop. p\u00f3ki co) ASF, ale ka\u017cda tuczona \u015bwinia, kt\u00f3ra idzie na ub\u00f3j w Czechach, oznacza strat\u0119 co najmniej 500 koron dla firmy. I pojawiaj\u0105 si\u0119 g\u0142osy, \u017ce w najbli\u017cszym czasie sytaucja nie ulegnie poprawie. Republika Czeska jest obecnie samowystarczalna w 53 proc., a czescy rolnicy obawiaj\u0105 si\u0119, \u017ce zale\u017cno\u015b\u0107 od importu wzro\u015bnie. Info. za: <a rel=\"noreferrer noopener\" href=\"https:\/\/www.idnes.cz\/ekonomika\/domaci\/cesti-farmari-rusi-chovy-prasat-levne-maso-z-evropy.A190226_200409_ekonomika_chtl?fbclid=IwAR0zMqN2RP_zQt_G3ftiO8uN4jxwrGSbu78ijIOuwYl-qzABqfTRojNt0NM\" target=\"_blank\">&#8222;\u010cesk\u00e9 prase na vym\u0159en\u00ed. Kv\u016fli dovozu ru\u0161\u00ed farm\u00e1\u0159i chovy&#8221; w: www.idnes.cz (27.02.19)<\/a><\/p>\n\n\n\n<p><strong>CHINY \/ NAUKA<\/strong> &#8222;Chi\u0144scy badacze wykryli wirusa afryka\u0144skiego pomoru \u015bwi\u0144 u kleszczy twardych pobranych od owiec i byd\u0142a, ale tak\u017ce w ich krwi. Dotychczas wiadomo by\u0142o, \u017ce niekt\u00f3re gatunki kleszczy mi\u0119kkich s\u0105 wektorem wirusa, ale nie przypuszczano, \u017ce wirus mo\u017ce wyst\u0119powa\u0107 u prze\u017cuwaczy&#8230;&#8221; Info. za: <a rel=\"noreferrer noopener\" href=\"https:\/\/l.facebook.com\/l.php?u=https%3A%2F%2Fwww.topagrar.pl%2Farticles%2Faktualnosci-branzowe-bydlo%2Fasf-po-raz-pierwszy-wykryty-u-owiec-i-bydla%2F%3Ffbclid%3DIwAR1NWCg8LnGkOu-qGD_ZVV1PIz04HLKxRC1ZFzU7KUuCvFmYiPGt9RqK-LE&amp;h=AT1PsWdXxyZw83n_O_bY343uLTfOVt33Z_VdgpbjBmZ2dBAoTSm81gtNNFCWiI6HyxLixzEjgWstpWdKdO-lI-tU5ZD01iYnDavC_i747MVkodj36r_2TPlpWOhPJQftloBqo2ES9HGen6HyJ_d4LQ\" target=\"_blank\">&#8222;ASF \u2013 po raz pierwszy wykryty u owiec i byd\u0142a&#8221; w: topagrar.pl (27.03.19)<\/a><\/p>\n\n\n\n<p><strong>AZJA \/ MONGOLIA<\/strong> \u017baden kraj nie mo\u017ce sobie pozwoli\u0107 na iluzj\u0119, \u017ce mo\u017ce odizolowa\u0107 si\u0119 od regionalnej dynamiki poruszania si\u0119 tego wirusa &#8211; powiedzia\u0142 Dirk Pfeiffer, profesor w Katedrze Chor\u00f3b Zaka\u017anych i Zdrowia Publicznego na Uniwersytecie Miejskim w Hongkongu (&#8230;) Fakt, \u017ce Mongolia ma nisk\u0105 g\u0119sto\u015b\u0107 populacji \u015bwi\u0144 jeszcze bardziej wzmacnia hipotez\u0119 o powszechnym geograficznym wyst\u0119powaniu ASF. Info. za: <a rel=\"noreferrer noopener\" href=\"https:\/\/l.facebook.com\/l.php?u=https%3A%2F%2Fwww.bloomberg.com%2Fnews%2Farticles%2F2019-01-16%2Fhogs-on-alert-in-asia-as-african-swine-fever-spreads-to-mongolia%3Ffbclid%3DIwAR0LfhfopluKjCFrqucLUSHzIbCgf33zqx2gDthxcmLjYpcYLaPbhYnbxgM&amp;h=AT0Dsp_FLuRy6fnxrt7GIlPHaO2LhtpgbjAcmzxIM3SyF9_qTxt2llIqJq5XQu74ApGmt7mDpjT4xTyVbJxdOVpXYnuCOM8qPPMwVngghf9ecMhv_8qRcDuo_kZHFjg9ACcgRQR-4Ch9bn0_zWoYag\" target=\"_blank\">&#8222;African Swine Fever Spreads to Mongolia&#8221; w: bloomberg.com (16.01.19)<\/a><\/p>\n\n\n\n<p><strong>UNIA EUROPEJSKA<\/strong> Opinia. Afryka\u0144ski pom\u00f3r \u015bwi\u0144 mo\u017ce spowodowa\u0107 roz\u0142am w UE. Problemy zwi\u0105zane z epidemi\u0105 ASF mog\u0105 os\u0142abi\u0107 Wsp\u00f3ln\u0105 Polityk\u0119 Roln\u0105 UE poprzez zwi\u0119kszenie napi\u0119\u0107 mi\u0119dzy pa\u0144stwami cz\u0142onkowskimi oraz mi\u0119dzy pa\u0144stwami, a Komisj\u0105 Europejsk\u0105. Ilaria Capua i Mario Monti zwracaj\u0105 tak\u017ce uwag\u0119 na aktywno\u015b\u0107 ruch\u00f3w populistycznych i nacjonalistycznych. Podsycanie nieufno\u015bci do rz\u0105d\u00f3w krajowych, opinii publicznej, czy w\u015br\u00f3d partner\u00f3w handlowych. Info. za: <a rel=\"noreferrer noopener\" href=\"https:\/\/l.facebook.com\/l.php?u=https%3A%2F%2Fwww.nature.com%2Farticles%2Fd41586-019-00621-z%3Ffbclid%3DIwAR0e_ertQN-buR2aDbqPeXjgMMRdMV_QKqzMwi5UdrP0yZPBUSksTI5RvsI&amp;h=AT1qKWrUzj5jebu6o2raZCKoLSQs_FaaiCyN90K5qTvTSO5agpjdrgo0fV-p00WJNs3S1ZGCluQSvBSz0fyA1YvlPZ-pKNHwIrJ8fQzRt4sA8rTRvKiVLazNZfzbUbSLyzt8fspfNMnOqA2zuvuYe3-dnXecNIRyjas\" target=\"_blank\">&#8222;African swine fever could cause EU rift&#8221; w: www.nature.com (19.02.19)<\/a><\/p>\n\n\n\n<p><strong>WYMIAR SPO\u0141ECZNY ASF<\/strong> Sama wiedza weterynaryjna nie jest wystarczaj\u0105ca do osi\u0105gni\u0119cia kontroli choroby i \u017ce zrozumienie lokalnych wymiar\u00f3w spo\u0142eczno-kulturowych, gospodarczych i politycznych jest r\u00f3wnie wa\u017cne. Badania w dziedzinie nauk spo\u0142ecznych i dog\u0142\u0119bne badania lokalnych praktyk s\u0105 coraz cz\u0119\u015bciej uznawane za wa\u017cne dla zrozumienia ekologii chor\u00f3b. Info. za: <a rel=\"noreferrer noopener\" href=\"https:\/\/l.facebook.com\/l.php?u=https%3A%2F%2Fblogs.biomedcentral.com%2Fon-biology%2F2019%2F01%2F08%2Funderstanding-humans-key-african-swine-fever-control%2F%3Ffbclid%3DIwAR1lMReQvTRISa5OFb_wHu4DqoAzGVhFXd28Nxq7-bzqOyLHe9v9azzcepI&amp;h=AT3S2MfiFNqLn3IyA9QMdJb2tBxE_AtJm_tbWwP_JKSIhNRpWIdvgDZL0jz_mUcVdrx6JuBsFFPXFGecr5I2CESKafQ3vZNDXBJojfuHfj3CZsPgVbuGb2-0031Bt50rZFyMjHOzIgoqpcKzN_bj7w\" target=\"_blank\">&#8222;Understanding humans \u2013 the key to African swine fever control&#8221; w: blogs.biomedcentral.com (8.01.19)<\/a><br><\/p>\n\n\n\n<p><strong>***<br>G\u0141\u00d3WNY INSPEKTORAT WETERYNARII:<\/strong> Informacje zwi\u0105zane z ASF mo\u017cna tak\u017ce uzyska\u0107 w GIW pod numerami telefon\u00f3w: 22 623 10 65, 22 623 15 29, 22 623 16 41 lub wysy\u0142aj\u0105c pytanie na adres: asfpytania@wetgiw.gov.pl. Wi\u0119cej: <a rel=\"noreferrer noopener\" href=\"https:\/\/l.facebook.com\/l.php?u=https%3A%2F%2Fwww.wetgiw.gov.pl%2F%3Ffbclid%3DIwAR39I62LbdqaRUHzv7Xto6mLMZMScTkPbQqnZZAXYbf6VCiSuDwEJxa3g1E&amp;h=AT0Jh2k0vOka8mAFuGCVSIkUtWCVank-tWo-9lbP2Rh3RFHKm5aGpvofGENYSC_qZg5lu_Q8A9W6xjixbCaCsYd5tyN5O4HMJfS24SQ7i951teTeJRFCvBRsbyt7IT3c2KkiaOhqDgByBvKim5lUng\" target=\"_blank\">https:\/\/www.wetgiw.gov.pl<\/a> <\/p>\n\n\n\n<p><strong>ASF w Polsce &#8211; mapa, obszary obj\u0119te restrykcjami, ogniska, przypadki<\/strong>: <a rel=\"noreferrer noopener\" href=\"https:\/\/l.facebook.com\/l.php?u=https%3A%2F%2Fwww.wetgiw.gov.pl%2Fnadzor-weterynaryjny%2Fasf-w-polsce%3Ffbclid%3DIwAR3kf8fZ9g8l_nh-Q6_Z8kVy8FxzyRCqPeTeXP4-kKWP8YvSs7PPjBFqILQ&amp;h=AT1g7S_FrtkrxHZpzpMSt-L_512XVUqNBNcoEkNBkUMg8isQ0R6xFRpEeCYxx7cQUtAQkeZOj6UG8GV6eVTgYlPqhG7P56D2Xr138cVX0yD4SXDqnYWQjIJXuehcY-U0irlfZWGeBeZ7RADcpOD-K0IicRYbGl8rZdk\" target=\"_blank\">https:\/\/www.wetgiw.gov.pl\/nadzor-weterynaryjny\/asf-w-polsce<\/a> <\/p>\n\n\n\n<p><strong>!!! W Inspekcji Weterynaryjnej brakuje r\u0105k do pracy<\/strong><br>&#8222;Inspekcja Weterynaryjna boryka si\u0119 z problemami kadrowymi. Wed\u0142ug szacunk\u00f3w w inspektoratach brakuje ponad 300 lekarzy. Najgorzej jest na Mazowszu oraz na wschodzie Polski. G\u0142\u00f3wn\u0105 przyczyn\u0105 takiej sytuacji s\u0105 niskie zarobki.&#8221; Info. za: <a rel=\"noreferrer noopener\" href=\"https:\/\/l.facebook.com\/l.php?u=https%3A%2F%2Fwww.tygodnik-rolniczy.pl%2Farticles%2Fhodowla-zwierzat%2Fw-inspekcji-weterynaryjnej-brakuje-rak-do-pracy%2F%3Ffbclid%3DIwAR05mPkmAv38jtM6TmfipsGxTyjchIku1M6gI63EQCuSA2pyrxrwB35Kk0Y&amp;h=AT2s_Kjj1N7NJFEdpwdn8pgFGZ31L0Kz9EPYbMpy27h8_hSCbVivQc3sjy3bTXEHMYMOVW-DZ8RAwXEZ6Srg8IozH3teBcW_TTQ6X5rjJgNs_1QMMR-GNBcjXhzJxBwXPHDyoXzaHW5EAqdUW5tB1g\" target=\"_blank\">tygodnik-rolniczy.pl (23.03.19)<\/a> !!!<\/p>\n\n\n\n<p><strong>CHC\u0104, ALE NIE MOG\u0104. MINISTER ROLNICTWA NIE MA WP\u0141YWU NA FINANSOWANIE INSPEKCJI WETERYNARYJNEJ<br><\/strong>&#8222;Ministerstwo rolnictwa dostrzega potrzeb\u0119 wzmocnienia Inspekcji Weterynaryjnej, ale nie ma kompetencji ustalania poziomu funduszu wynagrodze\u0144 pracownik\u00f3w Inspekcji i wskazuje wojewod\u00f3w, kt\u00f3rzy jako dysponenci cz\u0119\u015bci bud\u017cetowych w porozumieniu z Ministrem Finans\u00f3w, kszta\u0142tuj\u0105 bud\u017cet wojew\u00f3dzkich i powiatowych inspektorat\u00f3w weterynarii.&#8221;<br>Info. za: <a rel=\"noreferrer noopener\" href=\"https:\/\/l.facebook.com\/l.php?u=https%3A%2F%2Fwww.cenyrolnicze.pl%2Fwiadomosci%2Fprawo-i-finanse%2F15357-chca-ale-nie-moga-minister-rolnictwa-nie-ma-wplywu-na-finansowanie-inspekcji-weterynaryjnej%3Ffbclid%3DIwAR1KG7nl2whkb5X0iX0vaZZywP6QUj9QeWCvkqPU5ec2wddAmBYlbmt5U1I&amp;h=AT0sByErU1K_Er8nUnd_gSxP4k0qIJEF2tpyOaS7UfZQgeLVG3GdVvtAPrArCxqtINE9QwKTON2HRNxPOlxRTNVHaMpOLFOqGPGZ57RWE3anlzjhP3jGKfHwTkQWOAUsy-HsU4UdKubah1bbIGSqUg\" target=\"_blank\">cenyrolnicze.pl (27.03.19)<\/a><\/p>\n\n\n\n<p><strong>92 kolejne przypadki ASF <\/strong>&#8222;G\u0142\u00f3wny lekarz weterynarii potwierdzi\u0142 kolejne 92 przypadki ASF w Polsce. Od pocz\u0105tku stycznia odnotowano ich ju\u017c 608.&#8221; Info. za: <a rel=\"noreferrer noopener\" href=\"https:\/\/l.facebook.com\/l.php?u=https%3A%2F%2Fwww.agropolska.pl%2Fprodukcja-zwierzeca%2Ftrzoda-chlewna%2Fwirus-asf-wciaz-zabija-608-przypadkow-w-ciagu-trzech-miesiecy%2C1806.html%3Ffbclid%3DIwAR0TnKSHU66EGKtZz3p4uoArudj1BXoA49bE9Tn4z7jQQ9boemsyvErETOI&amp;h=AT0JJJrxxhwQNrdinjb1XE64cGGvfesUkwyb8Sq8d7B7aY_v-1JgYM0NTqrnqRJIFqRWhlDxYi0TuYemjhwaYVmRI9Kapsnk7g5aEvgk-bZ0kgvhI7bOrcn6FHL7nS_9EPOWRsrzpB2ftqrxTscjNg\" target=\"_blank\">&#8222;Wirus ASF wci\u0105\u017c zabija. 608 przypadk\u00f3w w ci\u0105gu trzech miesi\u0119cy\u201d w: agropolska.pl (19.03.19)<\/a> <\/p>\n\n\n\n<p><strong>ASF &#8211; \u017bADNYCH MIT\u00d3W, TYLKO FAKTY: WYWIAD Z WOJEW\u00d3DZKIM INSPEKTOREM WETERYNARII, LEK. WET. TOMASZEM WIELICHEM.<\/strong> <br>Hanna Krugie\u0142ka: &#8222;O wypowied\u017a, w sprawach tak wa\u017cnych dla Czytelnik\u00f3w Cen Rolniczych, poprosi\u0142am Wojew\u00f3dzkiego Inspektora ds. zdrowia i ochrony zwierz\u0105t z Wojew\u00f3dzkiego Inspektoratu Weterynarii w Poznaniu \u2013 lek. wet. Tomasza Wielicha.&#8221; Info. za: <a rel=\"noreferrer noopener\" href=\"https:\/\/l.facebook.com\/l.php?u=https%3A%2F%2Fwww.cenyrolnicze.pl%2Fwiadomosci%2Fasf%2F14804-o-asf-mowi-wojewodzki-inspektor-ds-zdrowia-i-ochrony-zwierzat-z-wojewodzkiego-inspektoratu-weterynarii-w-poznaniu-lek-wet-tomasz-wielich%3Ffbclid%3DIwAR0vWOq_mPFjJ7SkYq9sOhBq4AfTyG1XHH6zFNvgXG9BY4HVM-xonSfV8uw&amp;h=AT2q_yJUZHeql_5YOif5VVcLuhc3h25PfFzQLSGhNd9f_5MqYE5o9x1XttqQrBhm7KgwJ0XzFqaGhMZ1hMV-hKk2pIKlDa0sM0x_AswN3eFRUCoJSFm98oNwcCvrd-BnteRqR2IL_7j2hR-lRVNiAisVjxJvTBEAGT0\" target=\"_blank\">www.cenyrolnicze.pl (26.01.19)<\/a> <\/p>\n\n\n\n<p><strong>LABORATORIUM \/ GDA\u0143SK<\/strong> &#8222;Uruchomiono now\u0105 pracowni\u0119 wirusologiczn\u0105 Zak\u0142adu Higieny Weterynaryjnej w Gda\u0144sku, w kt\u00f3rej prowadzone b\u0119d\u0105 badania w kierunku afryka\u0144skiego pomoru \u015bwi\u0144 (ASF) &#8211; poinformowa\u0142 w poniedzia\u0142ek resort rolnictwa.&#8221; Info. za: <a rel=\"noreferrer noopener\" href=\"https:\/\/l.facebook.com\/l.php?u=http%3A%2F%2Fwww.farmer.pl%2Fprodukcja-zwierzeca%2Ftrzoda-chlewna%2Fnowe-laboratorium-diagnostyczne-asf-uruchomiono-w-gdansku%2C84149.html%3Ffbclid%3DIwAR08Cb1pPxVN7m9-iuHfcIsszDkRNPESJTDA2xeiwlUr_1-qVfJnWVmXqYM&amp;h=AT3bA9hbwiwyqUVB7M4wOYoi9lqIk4gZEA2wvzGY2pxu2ZXJfBiFNC1BIuNJ3fuyNt2w_wPoq33pyzqNfv3eidfemDYsmnGgfhVgosHnL5tkmIZ42BbQAffEUcPgixP1q6d8lXva7ArguDRGq3Ht8ORPeN6YKTfuUDg\" target=\"_blank\">&#8222;Nowe laboratorium diagnostyczne ASF uruchomiono w Gda\u0144sku&#8221; w: farmer.pl (26.02.19)<\/a><\/p>\n\n\n\n<p><strong>WALKA z ASF<\/strong> &#8222;Nawet ponad 30 lat do\u015bwiadcze\u0144 w walce z afryka\u0144skim pomorem \u015bwi\u0144 w Hiszpanii nie pozwala wci\u0105\u017c na opracowanie skutecznej metody walki z t\u0105 chorob\u0105, a zw\u0142aszcza uzyskanie przeciwko niej szczepionki. Na \u0141otwie pojawi\u0142y si\u0119 ma\u0142o zjadliwe szczepy wirusa, kt\u00f3re wykorzystuje si\u0119 do prac nad szczepionk\u0105.&#8221; Info. za: <a rel=\"noreferrer noopener\" href=\"https:\/\/l.facebook.com\/l.php?u=https%3A%2F%2Fwww.tygodnik-rolniczy.pl%2Farticles%2Fhodowla-zwierzat%2File-bedzie-nas-kosztowac-walka-z-asf%2F%3Ffbclid%3DIwAR1FQ0L_hjXQhGI8hx1YG0iZ-RwX_P4lwbijIseAZ_EbEr1KaAGyar0utOM&amp;h=AT0bmrQidtR01WAoqylP3xA362q3HVp_VgtNmAvMRIRAyuO4XRR8sndSwQnJgbl6Ly-CSXu2Zq2KcNcNDg_awcTky7wMNfk9MHpHFDWS2G7DadEiCoNthqiCIwlR8uqRWYH7eKyLKqlNiYiguKMPIw\" target=\"_blank\">&#8222;Ile b\u0119dzie nas kosztowa\u0107 walka z ASF?&#8221; w: tygodnik-rolniczy.pl (5.03.19)<\/a><\/p>\n\n\n\n<p><strong>UWAGA<\/strong> Oszu\u015bci podszywaj\u0105 si\u0119 pod Inspekcj\u0119 Weterynaryjn\u0105 &#8222;Powiatowi lekarze weterynarii z wojew\u00f3dztwa \u0142\u00f3dzkiego przestrzegaj\u0105 rolnik\u00f3w utrzymuj\u0105cych \u015bwinie przed osobami, kt\u00f3re podszywaj\u0105 si\u0119 pod pracownik\u00f3w Inspekcji Weterynaryjnej.&#8221; Info. za: <a rel=\"noreferrer noopener\" href=\"https:\/\/l.facebook.com\/l.php?u=https%3A%2F%2Fwww.tygodnik-rolniczy.pl%2Farticles%2Faktualnosci_%2Foszusci-podszywaja-sie-pod-inspekcje-weterynaryjna%2F%3Ffbclid%3DIwAR2hM5LMKcVOuamGtukB5ZMNq8jCR7aMXnxSQJlm9jjQc1eeyoSjGk3ngOc&amp;h=AT1Xwha81JRq8vgNpeYYM3W7jb_BvDV1EThVFf4h1J7Le85bhqPbHF3wUOxKHJnPhw4PH7JxFnzaAYB8i_vqbV8K4RZm_XmlSp-9gr6r2Qwt9wA7MevxbnFdvGtpmdvSuJ6leukwvJUMxSCQnMdKnA\" target=\"_blank\">&#8222;Oszu\u015bci podszywaj\u0105 si\u0119 pod Inspekcj\u0119 Weterynaryjn\u0105&#8221; w: tygodnik-rolniczy.pl (6.03.19)<\/a><\/p>\n\n\n\n<p><br><strong>***<br>GOSPODARSTWA \/ GMINY \/ POWIATY:<\/strong> <\/p>\n\n\n\n<p><strong>ASF w PL <\/strong>&#8222;Ok. 43 tys. sztuk \u015bwi\u0144 zosta\u0142o wybitych w latach 2014-2018 z powodu wyst\u0105pienia ognisk afryka\u0144skiego pomoru \u015bwi\u0144 (ASF). Odszkodowania z tego tytu\u0142u wyp\u0142acone hodowcom wynios\u0142y \u0142\u0105czne 14 mln z\u0142 &#8211; poinformowa\u0142 w czwartek G\u0142\u00f3wny Lekarz Weterynarii Pawe\u0142 Niemczuk.&#8221; Info. za: <a rel=\"noreferrer noopener\" href=\"https:\/\/l.facebook.com\/l.php?u=http%3A%2F%2Fwww.farmer.pl%2Fprodukcja-zwierzeca%2Ftrzoda-chlewna%2F43-tys-swin-zostalo-wybitych-od-2014-r-z-powodu-asf%2C83279.html%3Ffbclid%3DIwAR3_tMDECsubtJOaiT6NKWKDzMuP2DB4xmA0uYXY1rgUhJ9AYhhfMNgbx8I&amp;h=AT3WvtTRSsg4ln81mRQQXQ3Mt42V-NcVTdNkGUUMqAaG41TDvaxiHDflzYFolZQDmEOYJC8VlaUqatiOFtZ0Y-NaUUkMzr6squmGgvvjQ0aZXu9RDFbV5naha84t_MIDW7KcNbrl1OYlQQMm7yu7yg\" target=\"_blank\">&#8222;43 tys. \u015bwi\u0144 zosta\u0142o wybitych od 2014 r. z powodu ASF&#8221; w: farmer.pl (11.01.19)<\/a><\/p>\n\n\n\n<p><strong>2 lata walki o odszkodowanie za ASF<\/strong> <br>&#8222;Ponad 2 lata temu Hubert Ojdana straci\u0142 ponad 260 \u015bwi\u0144 w zwi\u0105zku z afryka\u0144skim pomorem \u015bwi\u0144 i nie otrzyma\u0142 za nie odszkodowania. Gospodarz walczy\u0142 o nie w s\u0105dzie, ale bez powodzenia. Uda\u0142o mu si\u0119 jednak udowodni\u0107 nieprawid\u0142owo\u015bci w post\u0119powaniu urz\u0119dowego lekarza weterynarii.&#8221; Info. za:<a rel=\"noreferrer noopener\" href=\"https:\/\/l.facebook.com\/l.php?u=https%3A%2F%2Fwww.tygodnik-rolniczy.pl%2Farticles%2Fhodowla-zwierzat%2F2-lata-walki-o-odszkodowanie-za-asf%2F%3Ffbclid%3DIwAR2oegSA2Zgayg-R52td7RL7O9_lm8JfR4jv7ZA7-HSVa_zMglRMItilv_0&amp;h=AT1ywqb_7-9BBByI3DLs_N-s1D9y-5-sxcXFvqXal2EnLL03kqpuZ3EzLpzp-5dh3eVwdLRhMH7Gy8RYBfAO97PMk1uRTQDE9Toj2QLH3UFDXZm_Li1bB1Hdz25HBCx1DCTk4M5RY51lQf7HoGPKig\" target=\"_blank\"> www.tygodnik-rolniczy.pl (20.01.19)<\/a><\/p>\n\n\n\n<p><strong>WIELKOPOLSKA \/ KROTOSZYN<\/strong> &#8222;Jak nas poinformowa\u0142 Powiatowy Inspektorat Weterynarii w Krotoszynie w roku 2018 na terenie powiatu krotoszy\u0144skiego przeprowadzono pod k\u0105tem wdra\u017cania zasad bioasekuracji 108 kontroli w gospodarstwach utrzymuj\u0105cych trzod\u0119 chlewn\u0105. W sumie w skontrolowanych gospodarstwach obsada zwierz\u0105t wynosi\u0142a a\u017c 20.297 sztuk trzody chlewnej.&#8221; Info. za: <a rel=\"noreferrer noopener\" href=\"https:\/\/l.facebook.com\/l.php?u=http%3A%2F%2Fkrotoszyn.naszemiasto.pl%2Fartykul%2Fasf-skontrolowano-juz-108-gospodarstw-pod-katem-wdrozenia%2C5000146%2Cart%2Ct%2Cid%2Ctm.html%3Ffbclid%3DIwAR1IL63qlgU3LzGiIhyzR68h_8SsCMT9-TgWpgP3iRWdnAm8OMDjOfOJHMw&amp;h=AT1PMXPHY78Fst_7t8nLnq8G1FtlK_AB255PH6rHtyscvJEhUMcFJJu9_DokfK27nJjIRnv1VPRe8fvilgHO3fOKylX7e49Z4sOndauAALMshTDmfuCWG1LL_iFT5SrZ3lTfV3Sl0aY2Q1ud83OiGQ\" target=\"_blank\">krotoszyn.naszemiasto.pl<\/a> <\/p>\n\n\n\n<p><strong>POMORSKIE \/ ASF<\/strong> &#8222;Ma\u0142dyty, Braniewo, Wilcz\u0119ta &#8211; to miejscowo\u015bci na Warmii po\u0142o\u017cone najbli\u017cej granic Pomorza, gdzie stwierdzono przypadki afryka\u0144skiego pomoru \u015bwi\u0144. &#8211; Niestety, jest si\u0119 czego obawia\u0107 &#8211; m\u00f3wi\u0105 eksperci Pomorskiego Oddzia\u0142u Doradztwa Rolniczego.&#8221; Info. za: <a rel=\"noreferrer noopener\" href=\"https:\/\/l.facebook.com\/l.php?u=https%3A%2F%2Fdziennikbaltycki.pl%2Fasf-na-granicy-pomorza-liczba-hodowli-trzody-chlewnej-na-pomorzu-zmniejsza-sie-na-co-wplyw-ma-nie-tylko-afrykanski-pomor-swin%2Far%2F13886745%3Ffbclid%3DIwAR2uwm9DxrDnrh_JG3TtJLD1HIk73Ca4ueRF3ElesoheZpbcMbqw8Fuo3ys&amp;h=AT2Yc72WNr3VmoWgd8V_I5UfcO8SNjLReK3a2OQr9FiGWvQjjj77--OFGHPCG4cEd-KmM8jS9HfyF0_Vzk6YwPPIddoSA73_x5zgmLCX5I729x0BJbW-f4Lmrq3zH-FP_chKhUeAUc1zenIZ6IhyhQ\" target=\"_blank\">&#8222;ASF na granicy Pomorza. Liczba hodowli trzody chlewnej na Pomorzu zmniejsza si\u0119, na co wp\u0142yw ma nie tylko afryka\u0144ski pom\u00f3r \u015bwi\u0144&#8221; w: dziennikbaltycki.pl (13.02.19)<\/a> <\/p>\n\n\n\n<p><strong>POMORSKIE \/ ASF<\/strong> &#8222;Na odcinku lasu od Kamionka Wielkiego w gminie Tolkmicko do Pr\u00f3chnika, kt\u00f3ry jest p\u00f3\u0142nocno \u2013 wschodni\u0105 dzielnic\u0105 Elbl\u0105ga, pojawi\u0142a si\u0119 specjalna zapora zapachowa. Substytut&#8230; ludzkiego potu ma odstrasza\u0107 dziki, kt\u00f3re mog\u0105 by\u0107 zara\u017cone ASF.<a rel=\"noreferrer noopener\" href=\"https:\/\/l.facebook.com\/l.php?u=http%3A%2F%2Fdziennikelblaski.pl%2F574607%2CElblag-walczy-z-ASF-em-Specjalne-zapory-zapachowe-maja-odstraszac-dziki.html%3Ffbclid%3DIwAR0AegfKHEtWgtSjEACRaHTwQbtMRhTRINrc9alMzHKO8PHn6iNJ_1GfXyI&amp;h=AT2gzPAAH3-MGr1APZSFLeTDdjj0JoSK66FdHSnJvo_PMyFzCx-H2WaiRURVWHZGixafeY7bCNk5PiH3XppOwgE5vGg1BRtRGk8Dz093cE1U_tdQFdCjupQ4nVPmw1jt1QzxgzFh0u2gnpuFWVVBGg\" target=\"_blank\">&#8222;Elbl\u0105g walczy z ASF-em. Specjalne zapory zapachowe maj\u0105 odstrasza\u0107 dziki&#8221; Info. za: dziennikelblaski.pl (24.03.19)<\/a><\/p>\n\n\n\n<p><strong>POMOC (nie wi\u0119cej ni\u017c 50 szt. \u015bwi\u0144)<\/strong> Decyzja Powiatowego Lekarza Weterynarii, zakazuj\u0105ca utrzymywania w gospodarstwie \u015bwi\u0144 lub ich wprowadzania do gospodarstwa, w zwi\u0105zku z wyst\u0105pieniem afryka\u0144skiego pomoru \u015bwi\u0144, jest podstawowym dokumentem uzasadniaj\u0105cym wyst\u0105pienie o t\u0119 pomoc. Do wniosku trzeba te\u017c do\u0142\u0105czy\u0107 dokumenty potwierdzaj\u0105ce wykonanie tej decyzji administracyjnej. Pomoc adresowana jest do rolnik\u00f3w utrzymuj\u0105cych nie wi\u0119cej ni\u017c 50 sztuk \u015bwi\u0144. Info. za: <a rel=\"noreferrer noopener\" href=\"https:\/\/l.facebook.com\/l.php?u=http%3A%2F%2Fwww.farmer.pl%2Ffinanse%2Fdotacje-i-doplaty%2Fmozna-wystepowac-o-rekompensate-za-nieutrzymywanie-swin-w-zwiazku-z-asf%2C84195.html%3Ffbclid%3DIwAR3ICi6WIOZcO9IejFINAt8utBCJZLkGDVFwxPJrNJsi_OSFiNkjE4Ig9ac&amp;h=AT3eqHyS6ZJlL8T7V8X6DAwouElnNCNIQqEJfxa-wbLl3MtifOVHdBIzrMygBjzTk5eUNJytEihzBG9qXtvA7KsN85_UPZRLqT645zni0y49YBKp6W1DPwIL-Kw15vBqf5exl3oCs6kJ8mrr-c7T5A\" target=\"_blank\">&#8222;Mo\u017cna wyst\u0119powa\u0107 o rekompensat\u0119 za nieutrzymywanie \u015bwi\u0144 w zwi\u0105zku z ASF&#8221; w: farmer.pl (28.02.19)<\/a><\/p>\n\n\n\n<p><strong>***<br>RYNKI: <\/strong><\/p>\n\n\n\n<p><strong>CENY w DE<\/strong> &#8222;26 marca 2019 r. na niemieckiej licytacji ISW wystawiono do sprzeda\u017cy 2277 tucznik\u00f3w w 17 partiach (22 marca by\u0142o to 1830 tucznik\u00f3w w 15 partiach), kt\u00f3re wyceniono na 1,64 EUR za kg. Sprzedano 1962 tuczniki w 14 partiach (86 proc. wobec pi\u0105tkowych 100 proc.). W por\u00f3wnaniu do ostatniej licytacji, kt\u00f3ra mia\u0142a miejsce 22 marca br., \u015brednia cena za kilogram E klasy wbc wzros\u0142a o +0,01 EUR\/kg. Aktualna stawka przekracza zesz\u0142oroczne maksimum wynosz\u0105ce 1,61 EUR\/kg.&#8221; Info. za: <a rel=\"noreferrer noopener\" href=\"https:\/\/l.facebook.com\/l.php?u=https%3A%2F%2Fwww.cenyrolnicze.pl%2Fwiadomosci%2Frynki-rolne%2Ftrzoda-chlewna%2F15354-czwarta-z-rzedu-podwyzka-ceny-tucznikow-na-malej-niemieckiej-gieldzie%3Ffbclid%3DIwAR0tekA6kqGXV5FqFoQLNiH2Rh_PQcF1Zayo1HI7TRaFcDoeN8Bw-1-SnD8&amp;h=AT1mKi3XyzIzfDjcuzJgmbGMFoS4CteCIv-ZUZYkeiQJHb0L8yXhT_71sQs82uT0ivA-EzLtQBA4jmqfnA3e2yxMzPAaj0JcejazJs3kk9z5j_TuzvUo_4RkT0bXBcMfWW-DlTah290i_MUOxRK7Fw\" target=\"_blank\">&#8222;CZWARTA Z RZ\u0118DU PODWY\u017bKA CENY TUCZNIK\u00d3W NA MA\u0141EJ NIEMIECKIEJ GIE\u0141DZIE&#8221; w: cenyrolnicze.pl (26.03.19)<\/a> <\/p>\n\n\n\n<p><strong>USA \/ CHINY<\/strong> &#8222;Eksport wieprzowiny z USA do Chin ro\u015bnie. Tym samym ceny tusz wieprzowych w Ameryce w kontraktach terminowych wzros\u0142y o 10 cent\u00f3w za funt. (&#8230;) Notowania tucznik\u00f3w w Chinach w ostatnim tygodniu wzros\u0142y do 16 juan\u00f3w za kg (9 z\u0142 za kg). Wed\u0142ug prognoz ekspert\u00f3w ceny b\u0119d\u0105 dalej ros\u0142y i mog\u0105 osi\u0105gn\u0105\u0107 20-23 juan\u00f3w za kg. Tym samym \u015bwiatowe ceny wieprzowiny w bie\u017c\u0105cym roku mog\u0105 mocno poszybowa\u0107 w g\u00f3r\u0119 i osi\u0105gn\u0105\u0107 rekordowy od wielu lat pu\u0142ap.&#8221; Info. za: <a rel=\"noreferrer noopener\" href=\"https:\/\/l.facebook.com\/l.php?u=https%3A%2F%2Fwww.agropolska.pl%2Fprodukcja-zwierzeca%2Ftrzoda-chlewna%2Fameryka-zwieksza-eksport-wieprzowiny-do-chin%2C1809.html%3Ffbclid%3DIwAR24iVPPBICJepR8ItPF--ivqjalma5S4UTIYKmQjlAyxmhsGc9dfyU2C2E&amp;h=AT0ef84BjHGNEpSVREIu87Mcj2aaOEVUxCjcBB70YjrBtlCHixFm1B8M4KN68YXDkKhkJ7sO4szta9x3LZ3F3Bcfb_TLgjAyT_mH_gnfxc9MVB_aN60axqB6dbKajOfCnRAheWDymlkAPHp6V2PGKw\" target=\"_blank\">&#8222;Ameryka zwi\u0119ksza eksport wieprzowiny do Chin&#8221; w: agropolska.pl (21.03.19)<\/a> <\/p>\n\n\n\n<p><strong>EUROPA<\/strong> &#8222;Ceny tucznik\u00f3w w ubieg\u0142ym tygodniu wzros\u0142y niemal w ca\u0142ej Europie. Mo\u017cliwe by\u0142o to dzi\u0119ki zwi\u0119kszeniu mocy ubojowych oraz wi\u0119kszym importem wieprzowiny ze strony Chin. Ceny \u017cywca wieprzowego w minionym tygodniu wzros\u0142y w Hiszpanii o 3 centy, co da\u0142o impuls do wzrost\u00f3w w pozosta\u0142ych krajach Unii Europejskiej.&#8221; Info. za: <a rel=\"noreferrer noopener\" href=\"https:\/\/l.facebook.com\/l.php?u=https%3A%2F%2Fwww.agropolska.pl%2Fprodukcja-zwierzeca%2Ftrzoda-chlewna%2Fchiny-zwiekszaja-import-wieprzowiny-z-ue-ceny-ruszyly-w-gore%2C1814.html%3Ffbclid%3DIwAR14xFYqKx4xw5Ci0Lr6opGYwlD7d0foz13cKFa7gLCF53Yet89uaFGdhjs&amp;h=AT1e05EdTQGLUORm0UktDbsv9gn5ByUn_3vv9B99q_zyH8tjGrwXelBYgNL9jcN1aMuB_4kjxjhm5hJrBfnnmj9q8ZnUk9NAyrX5CbvCyxtMuTdDF8Srdim8jzSIuhW7G6_J6qCbjfO5NTpaqnHWAA\" target=\"_blank\">&#8222;Chiny zwi\u0119kszaj\u0105 import wieprzowiny z UE. Ceny ruszy\u0142y w g\u00f3r\u0119&#8221; w: agropolska.pl (25.03.19)<\/a><\/p>\n\n\n\n<p><strong>CENY<\/strong> &#8222;Rynek \u017cywca wieprzowego o\u017cywi\u0142 si\u0119 w naszym kraju na dobre. W por\u00f3wnaniu z zesz\u0142ym tygodniem tuczniki podro\u017ca\u0142y przeci\u0119tnie o 30 groszy.&#8221; Info. za: <a rel=\"noreferrer noopener\" href=\"https:\/\/l.facebook.com\/l.php?u=http%3A%2F%2Fwww.farmer.pl%2Fprodukcja-zwierzeca%2Ftrzoda-chlewna%2Fnotowania-rynku-wieprzowiny-swinie-najdrozsze-od-pol-roku%2C84745.html%3Ffbclid%3DIwAR3gSYMFMAET6ybsRTkfMKiY3oJk-rK8GcfIQHqgMrlFne-XkCef_-wATZk&amp;h=AT2YJbtKvujKM54gVYOwacnP3Ga-GkxUMiqtf5YklFmWqvAYktXkCQm1sd6PlIvJtGLKxscANCUkTxap0bwm4PPtm9VMDg6ip3mKR5fKYAgDbs47-eHwQA9VU_lhZBduKei9plShymZE390pLxUHXg\" target=\"_blank\">&#8222;Notowania rynku wieprzowiny: \u015awinie najdro\u017csze od p\u00f3\u0142 roku&#8221; w: farmer.pl (25.03.19)<\/a><\/p>\n\n\n\n<p><strong>CENY<\/strong> &#8222;- Oczekujemy, \u017ce maksimum lokalne cen na poziomie ok. 5,30 z\u0142\/kg wyst\u0105pi we wrze\u015bniu. Skala wzrostu cen zale\u017ce\u0107 b\u0119dzie jednak przede wszystkim od wielko\u015bci strat produkcyjnych w Chinach zwi\u0105zanych z ASF. Warto bowiem pami\u0119ta\u0107, \u017ce Chiny s\u0105 jednocze\u015bnie najwi\u0119kszym producentem, konsumentem i importerem wieprzowiny na \u015bwiecie. (&#8230;) &#8211; Pierwszym z nich jest spadek pog\u0142owia trzody chlewnej w Europie. Przez ostatnie kwarta\u0142y op\u0142acalno\u015b\u0107 chowu by\u0142a bardzo niska. Z wyj\u0105tkiem Hiszpanii, u wszystkich wiod\u0105cych producent\u00f3w \u017cywca w Europie odnotowano du\u017cy spadek pog\u0142owia \u015bwi\u0144. Co wa\u017cne, w wi\u0119kszo\u015bci przypadk\u00f3w dotyczy\u0142 on ca\u0142ej struktury stada, r\u00f3wnie\u017c loch pro\u015bnych i prosi\u0105t.&#8221; Info. za: <a rel=\"noreferrer noopener\" href=\"https:\/\/l.facebook.com\/l.php?u=http%3A%2F%2Fwww.farmer.pl%2Fprodukcja-zwierzeca%2Ftrzoda-chlewna%2Fekspert-credit-agricole-ceny-tucznikow-moga-przekroczyc-historyczne-maksima%2C84783.html%3Ffbclid%3DIwAR2uF4Oli2lHUwM6o9nlN6rvqw__7XqmDSSyjSKNAD1BL7cW-1KY1IoNGnA&amp;h=AT2yKxzuJyhLUp3b11WSMvZ0YqaNsmpGgTM6_F49MzuSsZIbElcHadkypK587d8R1iUYpG8lnk1xKEvu4n6IWMbTfVL8FxDEYlogvZ3WMPID68jmIRBMNp40FYh6OvrwtzbAJuk10gcRytbaJaiDMutcxdPlhaD_Okg\" target=\"_blank\">&#8222;Ekspert Credit Agricole: Ceny tucznik\u00f3w mog\u0105 przekroczy\u0107 historyczne maksima&#8221; w: farmer.pl (27.03.19)<\/a> <\/p>\n\n\n\n<p><strong>RYNKI<\/strong> &#8222;Najwi\u0119kszymi eksporterami wieprzowiny w Europie s\u0105 Niemcy i Hiszpania. Ci pierwsi w 2018 roku wys\u0142ali na zagraniczne rynki 2630 tys. ton, a Hiszpanie &#8211; 2250 tys. ton. W tym samym roku eksport wieprzowiny z Polski wyni\u00f3s\u0142 817 tys ton, a Belgii &#8211; 796 tys ton. Prognozy na rok 2019 wskazuj\u0105, \u017ce wolumen eksportu polskiej wieprzowiny zmniejszy si\u0119 do 800 tys ton, by w 2023 roku wynie\u015b\u0107 850 tys ton.&#8221; Info. za: <a rel=\"noreferrer noopener\" href=\"https:\/\/l.facebook.com\/l.php?u=https%3A%2F%2Fwww.wiadomoscihandlowe.pl%2Fartykuly%2Fkongres-miesny-2019-globalny-rynek-wieprzowiny-w-c%2C52815%3Ffbclid%3DIwAR3uqfWFhqoXLiQJ7CmpFkdunHFlCpZB6PBgKG07rVHvIg-uDFOpkTaR3Ww&amp;h=AT0PVlX89FmFbL6H6j50xaWZjsS_9JwdIHr9lm4O0pMGa41SsuAregcuKdzJ-13RODwIojg3i78DZwAZvfIoidpzM5NXdxygO3yvnSXwYjq87WQ1TQhm31IqCs41rSOURDp_5yemvrYcMu5f8i-fGg\" target=\"_blank\">&#8222;Kongres Mi\u0119sny 2019: Globalny rynek wieprzowiny w cieniu ASF&#8221; w: wiadomoscihandlowe.pl (28.02.19)<\/a> <\/p>\n\n\n\n<p><strong>RYNKI<\/strong> &#8222;Podwy\u017cki cen tucznik\u00f3w zanotowano ostatnio m. in. w USA, Hiszpanii czy Niemczech. To wynik zwi\u0119kszonego eksportu do Chin, kt\u00f3ry wg ekspert\u00f3w b\u0119dzie r\u00f3s\u0142 w najbli\u017cszym czasie. W Unii Europejskiej impuls do podwy\u017cek cen tucznik\u00f3w przyszed\u0142 tym razem z Hiszpanii.&#8221; Info. za: <a rel=\"noreferrer noopener\" href=\"https:\/\/l.facebook.com\/l.php?u=https%3A%2F%2Fwww.cenyrolnicze.pl%2Fwiadomosci%2Frynki-rolne%2Ftrzoda-chlewna%2F15333-ceny-zywca-wieprzowego-rosna-na-calym-swiecie%3Ffbclid%3DIwAR1QgT5K8a7YVgdJfqHUKqu0IEHfJv0iw9dGgMUriH682HTy4Wq44XSPD1Y&amp;h=AT1tmO-igr3jShYGPxJOey8RWuR6VwtmqKphOnqwBg_66bG9P4OZVYJAQkR-16i_BIWIQPAs33cguspFur7zyzYAIWFbMlyAVDdeiPd99ePOyMTpP_9c8tpAvCjV8zoUe1i-MHim-G7DpiqJ8mgQag\" target=\"_blank\">&#8222;CENY \u017bYWCA WIEPRZOWEGO ROSN\u0104 NA CA\u0141YM \u015aWIECIE&#8221; w: cenyrolnicze.pl (25.03.19)<\/a><\/p>\n\n\n\n<p><strong>KUJAWSKO-POMORSKIE<\/strong> Konsumenci coraz cz\u0119\u015bciej interesuj\u0105 si\u0119 pochodzeniem mi\u0119sa, tym w jakich warunkach zwierz\u0119 przebywa\u0142o i jakimi paszami by\u0142o \u017cywione.   Chc\u0105 kupowa\u0107 od lokalnych rolnik\u00f3w mi\u0119so pochodz\u0105ce od polskich ras trzody chlewnej, \u017cywione paszami nie zwieraj\u0105cymi w swoim sk\u0142adzie organizm\u00f3w genetycznie zmodyfikowanych. Narzekaj\u0105 jednak, \u017ce na rynku wci\u0105\u017c jest brak informacji o dost\u0119pno\u015bci takich produkt\u00f3w. Info. za:<a rel=\"noreferrer noopener\" href=\"https:\/\/l.facebook.com\/l.php?u=https%3A%2F%2Fwww.swiatrolnika.info%2Fhodowla-i-uprawy%2F21-hodowla%2F5410-kujawsko-pomorska-wieprzowina-tucz-bez-gmo%3Ffbclid%3DIwAR1lKrUv6HReV3wMTCAh3Ablr_CH2JHRl_5DoHgxzcP2Ga2eoohA8MMxlKg&amp;h=AT2RhVdmdyjyuQEJ55I0HCjNSd7PyicC1xybslDe3j1UJrZiIbS8opuacvsqDPMSBMSjK1DQTZxBepoBfXiZLAtqaNIOYMhZid_AsoP5XZHIbFRC8rX7zYPiqbBqpn7M6BBKg2xJqmS0N9UupLF2Jg\" target=\"_blank\"> &#8222;Kujawsko-Pomorska Wieprzowina. Tucz bez GMO&#8221; w: swiatrolnika.info<\/a> <\/p>\n\n\n\n<p><strong>FARMER.PL<\/strong> &#8222;belgijskie s\u0142u\u017cby wykry\u0142y ska\u017con\u0105 lewamizolem wieprzowin\u0119 podczas wyrywkowej kontroli mi\u0119sa w marketach. W komunikacie zamieszczonym w RASFF, czyli unijnym systemie ostrzegania przed niebezpieczn\u0105 \u017cywno\u015bci\u0105 podano, \u017ce mi\u0119so pochodzi\u0142o od \u015bwi\u0144 z Barbadosu, a zosta\u0142o sprowadzone przez belgijskiego importera.&#8221; Info. za: <a rel=\"noreferrer noopener\" href=\"https:\/\/l.facebook.com\/l.php?u=http%3A%2F%2Fwww.farmer.pl%2Fprodukcja-zwierzeca%2Ftrzoda-chlewna%2Fposel-pyta-unijnych-komisarzy-o-wieprzowine-z-barbadosu%2C84720.html%3Ffbclid%3DIwAR3dqm29sNHTX8a3DScffldtW-nTcb68FFb7xNjyusIXVy7hHp2Eaz1CRZ4&amp;h=AT02ewaX-LxvmOe9NdVld85s2sJDuk8DVdw9XQMRXZdojtmZTo6fu02pgc_2Dyc-IDXUhF4NlaHOEyQxoGTQ4pLt04n8uSO3jG26qLpLWI_g92bqtVTiAwNlGoT-6CwWcg_44dX5G4vDheh17X21iQ\" target=\"_blank\">&#8222;Pose\u0142 pyta unijnych komisarzy o wieprzowin\u0119 z Barbadosu&#8221; w: farmer.pl (23.03.19)<\/a> <\/p>\n\n\n\n<p><strong>WIELKOPOLSKA<\/strong> &#8222;Wielkopolska Izba Rolnicza (WIR) opublikowa\u0142a na pocz\u0105tku lutego list\u0119 wielkopolskich zak\u0142ad\u00f3w mi\u0119snych dokonuj\u0105cych importu \u017cywca wieprzowego lub mi\u0119sa, z kt\u00f3rych nast\u0119pnie produkowane s\u0105 wyroby mi\u0119sne dost\u0119pne w naszych sklepach. Na li\u015bcie znajduje si\u0119 1 zak\u0142ad z naszego powiatu oraz 3 z powiat\u00f3w s\u0105siednich.&#8221; Info. za: <a rel=\"noreferrer noopener\" href=\"https:\/\/l.facebook.com\/l.php?u=http%3A%2F%2Fkrotoszyn.naszemiasto.pl%2Fartykul%2Fasfbranza-wieprzowa-lista-zakladow-z-regionu-importujacych%2C5028492%2Cart%2Ct%2Cid%2Ctm.html%3Ffbclid%3DIwAR2yezsPO6_pGpgfLBZSXbkts1cBGoHSxyBbDttMdK6q7tsUM_ZzAmosypo&amp;h=AT36R65ulnOKXu_opiRMNYyr95eKPI-Y3nrtlsDk55LefNpaKu6iqRl7gW1C1gJB3aHl3GtotMpHPQhaLwx0eGj9V6W4JCwKm58Ie5QMNK_0SM9i-rDcuEwaH9Z8haHYIISzZH6DPkE3AJO_tduvwnvjv9H-qEuFvl0\" target=\"_blank\">&#8222;ASF\/BRAN\u017bA WIEPRZOWA: Lista zak\u0142ad\u00f3w z regionu importuj\u0105cych \u015bwinie lub mi\u0119so wieprzowe!&#8221; w: krotoszyn.naszemiasto.pl (9.03.19)<\/a> <\/p>\n\n\n\n<p><strong>IMPORT do PL<\/strong> &#8222;Rolnicy nie godz\u0105 si\u0119 na wysoki import wieprzowiny w momencie, gdy skupy oferuj\u0105 dramatycznie niskie ceny za ich zwierz\u0119ta. Z kolei minister Jan Krzysztof Ardanowski publikuje niepe\u0142n\u0105 list\u0119 zak\u0142ad\u00f3w z informacjami o ilo\u015bci ich importu \u015bwi\u0144 i mi\u0119sa z zagranicy, tak \u201eby rolnicy wiedzieli, kto ich oszukuje\u201d. Czy ten krok przybli\u017cy ca\u0142\u0105 bran\u017c\u0119 do rozwi\u0105zania jej problem\u00f3w?&#8221; Info. za: <a rel=\"noreferrer noopener\" href=\"https:\/\/l.facebook.com\/l.php?u=http%3A%2F%2Fwww.farmer.pl%2Fprodukcja-zwierzeca%2Ftrzoda-chlewna%2Fminister-rolnictwa-przedstawia-liste-zakladow-importujacych-wieprzowine-co-na-to-branza%2C84773.html%3Ffbclid%3DIwAR3v_UHHW3l3Itg8aXZ22V9Zck0baugRLCUZTNn_WFArBH8ipJKojpWpW9w&amp;h=AT37blrYDj9_iIKfKt0DYO4fudotCzj9N7iuOuu3R5YURdsw5xHkCgwa80ab_pwezH1CayCVzP1a5aeYy7Ge4zlJi_T42DVnxUve_BDygxGj_D81jCVZaax1F9YbdIyS6Cwfr64gEoakOHzybZhpnA\" target=\"_blank\">&#8222;Minister rolnictwa przedstawia list\u0119 zak\u0142ad\u00f3w importuj\u0105cych wieprzowin\u0119 &#8211; co na to bran\u017ca?&#8221; farmer.pl (26.03.19)<\/a><\/p>\n\n\n\n<p><strong>POLSKA<\/strong> &#8222;- Ilo\u015b\u0107 odchowanych od lochy prosi\u0105t, tempo przyrostu zwierz\u0105t, zu\u017cycie paszy. W wielu tych parametrach przegrywamy z naszymi konkurentami z Dani i innych kraj\u00f3w z Europy i \u015bwiata. Dlatego bardzo ciesz\u0119 si\u0119, \u017ce polscy rolnicy (mo\u017ce nie wszyscy, ale ci najlepsi) buduj\u0105 nowe obiekty, modernizuj\u0105 istniej\u0105ce i nad\u0105\u017caj\u0105 za konkurencj\u0105, kt\u00f3rej musimy w rolnictwie sprosta\u0107. Dzi\u015b nie wystarczy wk\u0142ada\u0107 serca w swoj\u0105 ci\u0119\u017ck\u0105 prac\u0119, trzeba to robi\u0107 na najwy\u017cszym poziomie &#8211; stwierdzi\u0142 Ardanowski.&#8221; Info. za: <a rel=\"noreferrer noopener\" href=\"https:\/\/l.facebook.com\/l.php?u=http%3A%2F%2Fwww.farmer.pl%2Fprodukcja-zwierzeca%2Ftrzoda-chlewna%2Fdlaczego-polscy-producenci-trzody-przegrywaja-konkurencje-z-zachodem%2C84191.html%3Ffbclid%3DIwAR2xul5xzHbTI5Q_jFB0o86umyKhAtMlxGKO0QZO1LLb9F_JA3H1x_tjw0I&amp;h=AT2IVs9fQiOqo5iYoIENO1kQiCeBX3tFFG1UmGbfhJNRqzJsyPhrpibeRNsHCIsLqzoAZPy_5Ed1V3THpIlKdFWJ8UFkQeowwR1hJs-F9qMU3qgX9_eLvmDKMCPlAPPxt14gWr1IKt-M3W6QduTOCQ\" target=\"_blank\">&#8222;Dlaczego polscy producenci trzody przegrywaj\u0105 konkurencj\u0119 z Zachodem?&#8221; w: farmer.pl (3.03.19)<\/a> <\/p>\n\n\n\n<p><strong>TUCZ NAK\u0141ADCZY \/ PL<\/strong> &#8222;Dr Benedykt Pepli\u0144ski z Uniwersytetu Przyrodniczego wskaza\u0142 na plusy i minusy tuczu nak\u0142adczego oraz postawi\u0142 tez\u0119, i\u017c mimo aktualnie niskich cen trzody chlewnej w Polsce, samodzielny tucz w cyklu zamkni\u0119tym przy odpowiedniej skali produkcji jest najbardziej korzystnym rozwi\u0105zaniem dla rolnika, szczeg\u00f3lnie w czteroletnim cyklu cenowym.&#8221; Info. za: <a rel=\"noreferrer noopener\" href=\"https:\/\/l.facebook.com\/l.php?u=http%3A%2F%2Fnowoczesnafarma.pl%2FDebata-na-temat-rozwoju-ferm-nakladczych-trzody-chlewnej.html%3Ffbclid%3DIwAR1a3NppjWfi9GMc2giT9sza0qeQjJa8nlM730APL4HLDH8ZHHB1lAb3Lqc&amp;h=AT3BE_pjYoZ3Wo5lVbhhqdHaDFbr21s34M0-yRUpOgGJ7-RKWEWJMo0XNe_24BBcZ8g8h3w8lcfO27mTNy6lIszZkAWFcwjsmcpjqBDcFXJyDSInvsIu2786dfDLrqHz4ZzSRBX-hUaxJsxte-VGYQ\" target=\"_blank\">&#8222;Debata na temat rozwoju ferm nak\u0142adczych trzody chlewnej&#8221; w: nowoczesnafarma.pl (19.03.19)<\/a><\/p>\n\n\n\n<p><strong>PRODUKCJA<\/strong> &#8222;Mimo aktualnie niskich cen trzody chlewnej w Polsce, samodzielny tucz w cyklu zamkni\u0119tym, przy odpowiedniej skali produkcji, jest bardziej korzystnym rozwi\u0105zaniem dla rolnika ni\u017c tucz nak\u0142adczy, szczeg\u00f3lnie w czteroletnim cyklu cenowym.&#8221; Info. za: <a rel=\"noreferrer noopener\" href=\"https:\/\/l.facebook.com\/l.php?u=https%3A%2F%2Fwww.cenyrolnicze.pl%2Fwiadomosci%2Frynki-rolne%2Ftrzoda-chlewna%2F15326-tucz-nakladczy-czy-samodzielny-tucz-w-cyklu-zamknietym-co-korzystniejsze%3Ffbclid%3DIwAR1NhrcGY7pmWvWcJm42nAAdBifD1FqgSBADiJdx3_s5s9ZgikqmmdR4N0U&amp;h=AT0HRubwjqmtP4Y95SH58spBM-3Uq3jcQ1hqaATfEv3LaiFkWk2Ur7N5BzpmvImPXv3k8TIq-nygBZMBIc3sIF3Q3127UhJK4YAed_YU64zOXXIelawDWSy9WDanK7lAdMaqLp1SrMkXpVwFx6s8hw\" target=\"_blank\">&#8222;TUCZ NAK\u0141ADCZY, CZY SAMODZIELNY TUCZ W CYKLU ZAMKNI\u0118TYM? CO KORZYSTNIEJSZE?&#8221; w: cenyrolnicze.pl (23.03.19)<\/a><\/p>\n\n\n\n<p><strong>TECHNOLOGIA \/ CHINY<\/strong> Raporty agencji prasowych z Chin m\u00f3wi\u0105, \u017ce giganci technologiczni Alibaba i JD.com u\u017cywaj\u0105 technologii rozpoznawania twarzy i g\u0142osu do monitorowania zdrowia \u015bwi\u0144 na straganach, a tak\u017ce do \u015bledzenia kaszlu lub zmian w zachowaniu zwierz\u0105t. Firma o nazwie Yingzi Technology jest pionierem w rozpoznawaniu twarzy \u015bwi\u0144, kt\u00f3re wed\u0142ug niej mo\u017ce \u201ezrewolucjonizowa\u0107\u201d przemys\u0142 wieprzowy. Jest to strategia wspierana przez australijski przemys\u0142 wieprzowy, poniewa\u017c technologia ma potencja\u0142 u\u015bwiadomienia sobie, \u017ce \u015bwinia jest chora na d\u0142ugo przed tym, zanim rolnik zauwa\u017cy. Info. za:<a rel=\"noreferrer noopener\" href=\"https:\/\/l.facebook.com\/l.php?u=https%3A%2F%2Fwww.abc.net.au%2Fnews%2Frural%2F2019-03-03%2Fafrican-swine-fever-biosecurity-ramped-up-as-disease-spreads%2F10848380%3Ffbclid%3DIwAR3c7TzFJabXaOoYNJUbHpimoMIU3xYQ6gTBREfaNHvfmy_5G0T_qC2Azqs&amp;h=AT0E44cCfjnW22-wtoDNkSFJQe0wbEkZR7C0aYfhCrKoUZ30IAG-bnYOFmq_tc_T2W4bf8socxCsWL6aerf4cmtzNGho6rGIfSEVYfgVvnIXV4gVsUmtF4i_LcV21X-M1Hh-lcVE2B0li7kn5FdYzrrOGqVZ00xmTXQ\" target=\"_blank\"> &#8222;African swine fever spread being countered by voice recognition software, building walls and culling animals&#8221; w: www.abc.net.au (2.03.19)<\/a> Zobacz tak\u017ce: &#8222;The Yingzi Technology FPF Future Pig Farm Will Revolutionise Pig Farming and the Whole Pig Industry&#8221; w: <a rel=\"noreferrer noopener\" href=\"https:\/\/l.facebook.com\/l.php?u=http%3A%2F%2Fwww.digitaljournal.com%2Fpr%2F3990292%3Ffbclid%3DIwAR399_RjPk7mmmts4rmQuXWiXPragPvEgAWBHHBdz7D9zw1Zphv337eSpnw&amp;h=AT1uqDBudPdRXwwa9GcT-hW1wBL0K5vcPiQuVBqKvy_Mr-ii1rWEIAxsOxx8SuP0RhNcXl_qK8hQLSvtplkcnMvZhbI5EbVQ8VTk7SNjUILalPTuktC7rt-v-g69HOC7sqtdANsik0Ce0PrtBXvsIw\" target=\"_blank\">digitaljournal.com<\/a> <\/p>\n\n\n\n<p><strong>USA<\/strong> W Stanach Zjednoczonych na pocz\u0105tku przysz\u0142ego miesi\u0105ca (04.2019) odb\u0119dzie si\u0119 seria szczyt\u00f3w bran\u017cowych po\u015bwi\u0119conych obecnemu i przysz\u0142emu wp\u0142ywowi afryka\u0144skiego pomoru \u015bwi\u0144 na globaln\u0105 poda\u017c i popyt na mi\u0119so. Info. za: <a rel=\"noreferrer noopener\" href=\"https:\/\/l.facebook.com\/l.php?u=https%3A%2F%2Fwww.beefcentral.com%2Ftrade%2Fafrican-swine-fever-summits-planned%2F%3Ffbclid%3DIwAR0pzV8cq5NVi82949XMF6TDOwiHfYq_onKj3S0cooHahyUgm7qxj2UI4GU&amp;h=AT3t_BkVTEQaoLJVPOn836XfdYS0h_hQDum7Qx-hrQ4WVd_FEvcFXGEzkZ7DqPvioCI8nkEaL5aEA2POX5OHVuVRBeMEYFCg0C6N3MQKv7SmH3BoeTdQqEDDuXLqYzmzK-CX86_yZEWn42GvD1UM1Q\" target=\"_blank\">&#8222;African Swine Fever summits planned&#8221; w: www.beefcentral.com (22.03.19)<\/a><\/p>\n\n\n\n<p><strong>***<br>RZ\u0104D RP \/ MINISTERSTWA \/ PARLAMENT \/ UE: <\/strong><\/p>\n\n\n\n<p><strong>Ardanowski: bez wybicia dzik\u00f3w nie opanujemy ASF w Polsce<\/strong><br>&#8222;Bez wybicia dzik\u00f3w nie opanujemy ASF w Polsce \u2013 powiedzia\u0142 wczoraj podczas spotkania z wielkopolskimi rolnikami Jan Krzysztof Ardanowski, minister rolnictwa. Doda\u0142, \u017ce w innych krajach prewencyjnie wybijane s\u0105 wszystkie dziki na obszarze zagro\u017conym pojawieniem si\u0119 choroby.&#8221; Info. za: <a rel=\"noreferrer noopener\" href=\"https:\/\/l.facebook.com\/l.php?u=https%3A%2F%2Fagronews.com.pl%2Fartykul%2Fardanowski-bez-wybicia-dzikow-nie-opanujemy-asf-w-polsce%2F%3Ffbclid%3DIwAR1O6u1UDViD_g3O491w2PvOcsGEH94NL6c16fDuOL2g9rmGWMUyiDn_knQ&amp;h=AT0e7hkD8kHZrQH8nKgR9F6QdrkWHGgsWW5Is_nxX5fEJbqQ4aKszc9VaRgtgaAY4t02h3_Av6rwShRiT8gbxDvPlrqOP9uovema0wtpmuGqqmSkhT1dbH-4Rulx4wF-9QcY4kryxG7qzUZDdmmAfQ\" target=\"_blank\">agronews.com.pl (14.02.19)<\/a> <\/p>\n\n\n\n<p><strong>SEJM RP<\/strong> &#8222;Sejmowa komisja rolnictwa zarekomendowa\u0142a w czwartek odrzucenie wniosku Platformy Obywatelskiej o wotum nieufno\u015bci wobec ministra rolnictwa Jana Krzysztofa Ardanowskiego. Minister nie zgodzi\u0142 si\u0119 z zarzutami opozycji.&#8221; Info. za: <a rel=\"noreferrer noopener\" href=\"https:\/\/l.facebook.com\/l.php?u=https%3A%2F%2Fwww.wnp.pl%2Fparlamentarny%2Fwydarzenia%2Fasf-oraz-kryzys-wizerunkowy-powodem-wniosku-o-wotum-nieufnosci-wobec-ministra-rolnictwa%2C37962.html%3Ffbclid%3DIwAR33in5_mXL8ykcGszF7CDEdMHUIEzx0bFYzO3cLlHcrUB1O6dNHk6NHjKk&amp;h=AT1NWJMbk67CaKeEt5WmVwQ3MwbyGf33sxeXBOWJMA1TYe6STP_FmYehgBy0D8eRdHvSNI373boj1L8TaKnU-x65EkJihcAde9Fc1uC9XMXQ2pmBFPykDG9pFly_XbhrXGuKmbvtE53DIyy8WeZWDg\" target=\"_blank\">&#8222;ASF oraz kryzys wizerunkowy powodem wniosku o wotum nieufno\u015bci wobec ministra rolnictwa&#8221; w: www.wnp.pl<\/a><\/p>\n\n\n\n<p><strong>UNIA EUROPEJSKA<\/strong> Europejski Komitet Region\u00f3w (KR) przygotowuje opini\u0119 na temat \u201eAfryka\u0144skiego pomoru \u015bwi\u0144 i rynku wieprzowiny w UE\u201d. Pose\u0142 sprawozdawca S\u0142awomir Sosnowski (PL\/PPE). Konsultacje odb\u0119d\u0105 si\u0119 w dniu: 6 maja 2019 r. W godz. 14.30 &#8211; 16.30 w budynku Komitetu Region\u00f3w (Rue Belliard 99-101, B-1040 Bruksela) Pok\u00f3j JDE 51 (T\u0142umaczenie symultaniczne b\u0119dzie prowadzone w j\u0119zyku polskim i angielskim) <br>Wi\u0119cej informacji: <a rel=\"noreferrer noopener\" href=\"https:\/\/l.facebook.com\/l.php?u=https%3A%2F%2Fcor.europa.eu%2Fpl%2Fevents%2FPages%2FStakeholder-consultation-on-African-swine-fever-and-the-EU-pork-market.aspx%3Ffbclid%3DIwAR1dlvMrKWBn2ArgGjrg1NRHkicpTWeX7B4klPVJd2Lfo76B97diu1IsJ-s&amp;h=AT0L3cJbPWFoul3YM4O2xgevz844HhE-3m0ubfCvY3mvC6nap8cOx5JicqiDpPDRTw04eeNdXgLHa0eCgnoIFMqGnOJnj0rg-8TQ9LpAorws651aHInisrawoQY7nBbKSXz_ylyEupK43x9ezNjXQw\" target=\"_blank\">&#8222;Stakeholder consultation on African swine fever and the EU pork market&#8221; w: cor.europa.eu<\/a> <\/p>\n\n\n\n<p><strong>UNIA EUROPEJSKA<\/strong> Opinia. Afryka\u0144ski pom\u00f3r \u015bwi\u0144 mo\u017ce spowodowa\u0107 roz\u0142am w UE. Problemy zwi\u0105zane z epidemi\u0105 ASF mog\u0105 os\u0142abi\u0107 Wsp\u00f3ln\u0105 Polityk\u0119 Roln\u0105 UE poprzez zwi\u0119kszenie napi\u0119\u0107 mi\u0119dzy pa\u0144stwami cz\u0142onkowskimi oraz mi\u0119dzy pa\u0144stwami, a Komisj\u0105 Europejsk\u0105. Ilaria Capua i Mario Monti zwracaj\u0105 tak\u017ce uwag\u0119 na aktywno\u015b\u0107 ruch\u00f3w populistycznych i nacjonalistycznych. Podsycanie nieufno\u015bci do rz\u0105d\u00f3w krajowych, opinii publicznej, czy w\u015br\u00f3d partner\u00f3w handlowych. Info. za: <a rel=\"noreferrer noopener\" href=\"https:\/\/l.facebook.com\/l.php?u=https%3A%2F%2Fwww.nature.com%2Farticles%2Fd41586-019-00621-z%3Ffbclid%3DIwAR1tV1rzHuqCLjWmDPiPAXG2wgVNrPydFW3gdStvUfWtHN1f4y081Cf3aQw&amp;h=AT2fpx2eBHLyfCAaaIa28dOZj6RzCdeLyDb3BIbTQ8rPSiOJg0a8yRjj_rDO0QbwMwnz0wU9LBT7jdME8nwUvZjmm1O9pEvg8N47s8ZOVAwseCdnlUI5SCLl3nA8PbFOvzhogyIst_OBkLTy1PfXlg\" target=\"_blank\">&#8222;African swine fever could cause EU rift&#8221; w: www.nature.com (19.02.19)<\/a><\/p>\n\n\n\n<p><strong>***<br>ORGANIZACJE \/ ROLNICZE PROTESTY: <\/strong><\/p>\n\n\n\n<p><strong>UBEZPIECZENIA<\/strong> &#8222;Kujawsko-Pomorska Izba Rolnicza postuluje aby Ministerstwo Rolnictwa stworzy\u0142o mo\u017cliwo\u015b\u0107 ubezpieczenia si\u0119 gospodarstw od chor\u00f3b zaka\u017anych, w tym ASF. Suma ubezpieczenia powinna obejmowa\u0107 wszystkie straty wynikaj\u0105ce z za\u0142amania cyklu produkcyjnego.&#8221; Info. za: <a rel=\"noreferrer noopener\" href=\"https:\/\/l.facebook.com\/l.php?u=https%3A%2F%2Fwww.cenyrolnicze.pl%2Fwiadomosci%2Fasf%2F14941-samorzad-rolniczy-domaga-sie-wprowadzenia-ubezpieczen-od-asf%3Ffbclid%3DIwAR3s2xRueBwJLi-I-X7_-YCZECABYR4Bhsoc_HKEzDRmcSaGZ4UIRbW9QCU&amp;h=AT1LDO1MZqSQLItVT6ETHL1tG_Y_cVB3F4aX3VOxcLkdxfJl2gSyMgBL-KVfk6godKkoNIeJA_PQ2D1b1cJHOglMOZk5uHxp3j17j5QJFwLdPv9P62vvu_iLlLsCLeCqToqt4T_QEk5urdwMdCyI5Q\" target=\"_blank\">&#8222;SAMORZ\u0104D ROLNICZY DOMAGA SI\u0118 WPROWADZENIA UBEZPIECZE\u0143 OD ASF&#8221; w: cenyrolnicze.pl (11.02.19)<\/a> <\/p>\n\n\n\n<p><strong>KZP-PTCh<\/strong> &#8222;Struktura w\u0142asno\u015bciowa przemys\u0142u przetw\u00f3rstwa mi\u0119snego jest zdaniem dzia\u0142aczy KZP-PTCh wielce niekorzystna dla polskich producent\u00f3w \u017cywca. Jednocze\u015bnie polskim producentom z potencja\u0142em (zar\u00f3wno rolnikom indywidualnym, jak i osobom prawnym) administracyjnie uniemo\u017cliwia si\u0119 zdobycie kapita\u0142u inwestycyjnego \u2013 np. z tytu\u0142u pracy w \u201egrupach producent\u00f3w\u201d, kt\u00f3re powinny stanowi\u0107 zal\u0105\u017cek wsp\u00f3lnych inwestycji kapita\u0142owych. W efekcie polscy producenci\/hodowcy \u2013 i to ci, kt\u00f3rzy maj\u0105 potencja\u0142 produkcyjny i doskona\u0142e know how nie s\u0105 na tyle silni, aby mogli by\u0107 w Polsce w\u0142a\u015bcicielami zak\u0142ad\u00f3w przetw\u00f3rczych.&#8221; Info. za: <a rel=\"noreferrer noopener\" href=\"https:\/\/l.facebook.com\/l.php?u=https%3A%2F%2Fwww.cenyrolnicze.pl%2Fwiadomosci%2Frynki-rolne%2Ftrzoda-chlewna%2F15089-panstwo-musi-wziac-na-siebie-posrednictwo-w-wyrownywaniu-potencjalow-produkcyjnych-i-negocjacyjnych-na-rynku-trzody-chlewnej%3Ffbclid%3DIwAR28EEIU-WqMPvkABbOw2Pz5jqL7yLHDbmDc1UK1jWJ13DofdW6xocGk5EI&amp;h=AT0bL7Np6qwWUO4RmXkqijUospjdnMvcho_-30Q6hm-5WH-v0er8SmI--BiJdsAQq4_7YtUtof9vKQhmGhM0KKjN8onPE5HZa66Duxx5Jh_5fu1sIAP6RTQQKYHTHva7HQJaX-ndvbVPNY6wfmQIbg\" target=\"_blank\">&#8222;PA\u0143STWO MUSI WZI\u0104\u0106 NA SIEBIE PO\u015aREDNICTWO W WYR\u00d3WNYWANIU POTENCJA\u0141\u00d3W PRODUKCYJNYCH I NEGOCJACYJNYCH NA RYNKU TRZODY CHLEWNEJ&#8221; w: cenyrolnicze.pl (27.02.19)<\/a> <\/p>\n\n\n\n<p><strong>STREFY ASF<\/strong> &#8222;Strefa niebieska ASF jest szczeg\u00f3lnie uci\u0105\u017cliwa dla rolnik\u00f3w i zak\u0142ad\u00f3w mi\u0119snych. Wg Kujawsko-Pomorskiej Izby Rolniczej nale\u017cy zmniejszy\u0107 restrykcje w jej obr\u0119bie, b\u0105d\u017a najlepiej znie\u015b\u0107 j\u0105 ca\u0142kowicie, b\u0105d\u017a przynajmniej ograniczy\u0107 czas jej obowi\u0105zywania do maksymalnie dw\u00f3ch miesi\u0119cy.&#8221; Info. za: <a rel=\"noreferrer noopener\" href=\"https:\/\/l.facebook.com\/l.php?u=https%3A%2F%2Fwww.cenyrolnicze.pl%2Fwiadomosci%2Fasf%2F15046-strefa-niebieska-asf-sprzyja-grupom-dobrego-interesu%3Ffbclid%3DIwAR3DHSFRW7IKKMMS98K5garmpOahl0mHWiTjc5fgk8hK8artv-WpQNsmf34&amp;h=AT3fLtBYKI0ZdZNVRjQw7wmuDKVLdWDsPdpD6ExDyCtBmVan-CyyJoExV0WPHEnilO91AiT2tBD-tGlB8APB7j0y85gW4BJcHZBRNcs8KWF9LP1S5WTwb0uQK9hvedgO1ZbuVMJn3m2lLJ3p2t37STRJCvQmIR-t3gw\" target=\"_blank\">&#8222;STREFA NIEBIESKA ASF SPRZYJA GRUPOM DOBREGO INTERESU&#8221; w: cenyrolnicze.pl (22.02.19)<\/a><\/p>\n\n\n\n<p><strong>AGROUNIA<\/strong> domaga si\u0119 interwencji pa\u0144stwa na rynku trzody chlewnej<br>&#8222;Jak twierdzi Agro Unia powy\u017csze powinno zosta\u0107 zrealizowane m. in. poprzez:<br>&#8211; wyp\u0142at\u0119 odszkodowa\u0144 wszystkim hodowcom, kt\u00f3rym wybito \u015bwinie w zwi\u0105zku z ASF,<br>&#8211; dok\u0142adne kontrole \u015bwi\u0144 i mi\u0119sa wieprzowego wje\u017cd\u017caj\u0105cego do Polski z zagranicy,<br>&#8211; wznowienie post\u0119powania przez UOKiK odno\u015bnie do Pinii Polonia,<br>&#8211; znakowanie mi\u0119sa i wyrob\u00f3w mi\u0119snych specjalnym oznaczeniem, gdy pochodzi ono z g\u0142\u0119bokiego mro\u017cenia (towar 3 kategorii),<br>&#8211; rewizj\u0119 regulacji dotycz\u0105cych kraju pochodzenia \u015bwi\u0144 (obecnie \u201epolskie obywatelstwo\u201d \u015bwinia uzyskuje po zaledwie 30 dniach pobytu w naszym kraju),<br>&#8211; zwolnienie z podatku dochodowego przetw\u00f3rc\u00f3w, kt\u00f3rzy b\u0119d\u0105 nabywa\u0107 100% mi\u0119sa wieprzowego pochodzenia krajowego dostarczanego przez polskich producent\u00f3w.&#8221;<br>Info. za: <a rel=\"noreferrer noopener\" href=\"https:\/\/l.facebook.com\/l.php?u=https%3A%2F%2Fwww.cenyrolnicze.pl%2Fwiadomosci%2Frynki-rolne%2Ftrzoda-chlewna%2F15195-agro-unia-domaga-sie-interwencji-panstwa-na-rynku-trzody-chlewnej%3Ffbclid%3DIwAR2QKxMiDUh3nq8meArvCrHxLhl6G3eh1rLn4uZEisTl2gJH30tSp_GT9hM&amp;h=AT35hbsfKfrUq70EuzugAiTYsVS7msYGmZQIK5Mzv0w1wmZgaJvSllM-KhZx4TdMkvrMnfnHV_4OZYeNYIopFEAapu_egvayFKhqQpwBI-55fipm3OF4-KLmSBrfqJz_b-WRZyNEyYdYDQobuB2omw\" target=\"_blank\">cenyrolnicze.pl (9.03.19)<\/a><\/p>\n\n\n\n<p><strong>Rolnicze OPZZ<\/strong>: cztery tysi\u0105ce gospodarstw zamkn\u0119\u0142o hodowl\u0119 \u015bwi\u0144 z powodu ASF &#8222;- Je\u015bli koncerny mi\u0119sne b\u0119d\u0105 budowa\u0107 w\u0142asne chlewnie to rolnik przestanie by\u0107 potrzebny powiedzia\u0142 S\u0142awomir Izdebski z rolniczego OPZZ. Gospodarka \u0142owiecka w kontek\u015bcie zwalczania ASF, odszkodowania \u0142owieckie, odbudowa hodowli trzody chlewnej, egzekucje komornicze, funkcjonowanie funduszy promocji &#8211; to tematy niedzielnego V Kongresu Rolnik\u00f3w RP zorganizowanego przez zwi\u0105zek w Warszawie.&#8221; Info. za: <a rel=\"noreferrer noopener\" href=\"https:\/\/l.facebook.com\/l.php?u=http%3A%2F%2Fwww.polsatnews.pl%2Fwiadomosc%2F2019-02-24%2Frolnicze-opzz-cztery-tysiace-gospodarstw-zamknelo-hodowle-swin-z-powodu-asf%2F%3Ffbclid%3DIwAR3yhK9CffCcclLGXT69eGp8iNKDCtxuRFZhPUcyNxv4dyjGRZVDbzUarP8&amp;h=AT3RyOZiihiIWqbrVQpBRL5mk1Keq7YMalmRsoUnzO9GOewy2Ji_91LwbNi4SdAgmCpooVQRQwN6fW9btbebbNtIfn6HPpAG7qVD8ra1l0O_tEyuyY2dMLXz5TpyU4iZGP357CsB3_uwudpi3-1EIg\" target=\"_blank\">www.polsatnews.pl (24.02.19)<\/a><\/p>\n\n\n\n<p><strong>***<br>\u015aRODOWISKO AKADEMICKIE:  <\/strong><br>Prosimy o sprawdzanie dorobku naukowego os\u00f3b &#8211; przedstawicieli \u015brodowiska akademickiego &#8211; wypowiadaj\u0105cych si\u0119 w sprawach zwi\u0105zanych z rynkiem trzody chlewnej, ASF, czy gospodarsk\u0105 \u0142owieck\u0105. Polska Bibliografia Naukowa &#8211; wpisz nazwisko, sprawd\u017a afiliacj\u0119 (jednostk\u0119 akademick\u0105): <a rel=\"noreferrer noopener\" href=\"https:\/\/l.facebook.com\/l.php?u=http%3A%2F%2Fpbn.nauka.gov.pl%2F%3Ffbclid%3DIwAR3JDFFSyB8WcPvlz73jhGxFe2UE_G_oYwxT8RZT2b3ZgD542BRnpIH0zxc&amp;h=AT2ZQWqVw7Gch2divE2RSr9eTJEpi7zjcqUFZU20tPf_zYWfLEYxT5XwupBfb1XE4llYVUaEcTaBu5wkOQX4YUnSxECNY484Yf0u8S0b8RmyI3cCsex4dUoMameAxHtxySbtqBLBcxNCHDhFuzIR_w\" target=\"_blank\">pbn.nauka.gov.pl<\/a> <\/p>\n\n\n\n<p><strong>POLSKA<\/strong> Pierwsze pe\u0142ne sekwencje genomowe wirusa afryka\u0144skiego pomoru \u015bwi\u0144 wyizolowane w Polsce. Zesp\u00f3\u0142 badawczy: Natalia Mazur-Panasiuk, Grzegorz Wo\u017aniakowski i Krzysztof Niemczuk. Info. za: <a rel=\"noreferrer noopener\" href=\"https:\/\/l.facebook.com\/l.php?u=https%3A%2F%2Fwww.nature.com%2Farticles%2Fs41598-018-36823-0%3Ffbclid%3DIwAR1JlCL6fx6jafsBY7JdM06RhX8Upbw4mq-uCYKsVj17kGEbCnrUmyeP9eo&amp;h=AT1XlQ5DXrSUDL_GeuSZNOBdvAQ5IsJ12x9f97A4XoRbY9I0ubuK3wp_vn12EaN2rRaU1GaLsjJ0PzEtmqS9gph_8-A5v1s-kT1KKYpUmnaR_U4ysnWorWAlEnAXvuAH40HgHDZ4mFk7TxX9RZsPBw\" target=\"_blank\">&#8222;The first complete genomic sequences of African swine fever virus isolated in Poland&#8221; w: nature.com (14.03.19)<\/a><\/p>\n\n\n\n<p><strong>Chi\u0144scy naukowcy wyizolowali wirusa afryka\u0144skiego pomoru \u015bwi\u0144. <\/strong>Tak\u0105 informacj\u0119 przekaza\u0142a China Daily. Wirus o nazwie Pig\/HLJ\/18 zosta\u0142 wyizolowany z pr\u00f3bki pobranej od zwierz\u0119cia w gospodarstwie dotkni\u0119tym epidemi\u0105 ASF w zesz\u0142ym roku w Jiamusi, p\u00f3\u0142nocno-wschodniej prowincji Heilongjiang. Izolacja wirusa pomo\u017ce w zrozumieniu i kontrolowaniu choroby. \u201eAby w pe\u0142ni zrozumie\u0107 rozprzestrzenianie si\u0119 choroby i opracowa\u0107 skuteczn\u0105 strategi\u0119 kontroli, nale\u017cy wyizolowa\u0107 i przeanalizowa\u0107 wi\u0119cej wirus\u00f3w\u201d &#8211; powiedzia\u0142 Zhao Dongming z zespo\u0142u badawczego. Ponad po\u0142owa \u015bwiatowej populacji \u015bwi\u0144, to produkcja chi\u0144ska. Info. za: <a rel=\"noreferrer noopener\" href=\"https:\/\/l.facebook.com\/l.php?u=http%3A%2F%2Fwww.chinadaily.com.cn%2Fa%2F201903%2F26%2FWS5c997e8ba3104842260b2862.html%3Ffbclid%3DIwAR0nkLLfHEOAR_atRYdYdT_u-p0DpiL0UjzDpHILVIZU-dKpn7VejGxeIt0&amp;h=AT1phqJKHQfksWHHfPkmT67ds_4klyUppsjbypL3Lojyzw6pfdS8w1NptCBorH630zo1LniEIjkhUgge2ad50ImlcE09ADsWA39dmXBxOU7wd1Yuhja20Akj11tZNArTEqv3FwxE4lIxaY_kh013Vg\" target=\"_blank\">&#8222;Chinese researchers isolate African swine fever virus&#8221; w: www.chinadaily.com (26.03.19)<\/a><\/p>\n\n\n\n<p><strong>Kansas State University, USA <\/strong>Badania: Zaka\u017ana dawka wirusa ASF przy naturalnym spo\u017cywaniu w p\u0142ynie lub paszy. Prof.  Megan Niederwerder: \u201eTo badanie jest pierwszym, kt\u00f3re pokazuje, \u017ce afryka\u0144ski pom\u00f3r \u015bwi\u0144 mo\u017ce by\u0107 \u0142atwo przenoszony poprzez naturalne spo\u017cycie zanieczyszczonej paszy i p\u0142yn\u00f3w\u201d (<a rel=\"noreferrer noopener\" href=\"https:\/\/l.facebook.com\/l.php?u=https%3A%2F%2Fwww.star-idaz.net%2F2019%2F02%2Fstudy-confirms-experimental-transmission-of-african-swine-fever-virus-through-feed%2F%3Ffbclid%3DIwAR0FjMPHEKpfybdB7tm47UUknqmsHXcYZtJQQw5PKSI-9csl5lBqWJmOg1A&amp;h=AT2n10CyO1bjiOFf7cTuw-Z2uL9V5fZe5e_6ammWaM5Qzb1Oe__rDR2BLSIXhd1qdJYhlgeiX2-CeZ1ZbQRmSRebllG_3R15BlwQSmI-jyVm4FQLb5xFXpcwlzLf0tv4ufXLeVgNNamnPkgVitA9oQ\" target=\"_blank\">cyt.<\/a>).Info. za: <a rel=\"noreferrer noopener\" href=\"https:\/\/l.facebook.com\/l.php?u=https%3A%2F%2Fwwwnc.cdc.gov%2Feid%2Farticle%2F25%2F5%2F18-1495_article%3Ffbclid%3DIwAR2ZMWlmbz9PNxo5tV30MbuZVAtt5z2FtdSRKYMZ9slm60f4ab1JFE2QEkc&amp;h=AT1yeNRaOKIoNcY9GOmc9QK4SyBToByEHz3MtrszyzBlTFTHDWn_wTVy9L9O5x31_dz0fSNnVDHY2ak13X1sSGJd6az54smCVVQBvXUkIJzus6Lqt9DuR_RBlWvcFoskebgUSbY046hIy8hkFKd6TA\" target=\"_blank\">&#8222;Infectious Dose of African Swine Fever Virus When Consumed Naturally in Liquid or Feed&#8221; w: wwwnc.cdc.gov (13.02.19)<\/a> <\/p>\n\n\n\n<p><strong>CHINY<\/strong> &#8222;Chi\u0144scy badacze wykryli wirusa afryka\u0144skiego pomoru \u015bwi\u0144 u kleszczy twardych pobranych od owiec i byd\u0142a, ale tak\u017ce w ich krwi. Dotychczas wiadomo by\u0142o, \u017ce niekt\u00f3re gatunki kleszczy mi\u0119kkich s\u0105 wektorem wirusa, ale nie przypuszczano, \u017ce wirus mo\u017ce wyst\u0119powa\u0107 u prze\u017cuwaczy&#8230;&#8221; Info. za: <a rel=\"noreferrer noopener\" href=\"https:\/\/l.facebook.com\/l.php?u=https%3A%2F%2Fwww.topagrar.pl%2Farticles%2Faktualnosci-branzowe-bydlo%2Fasf-po-raz-pierwszy-wykryty-u-owiec-i-bydla%2F%3Ffbclid%3DIwAR3PlRwt4gHMl8teJ7zkDLXQ97qVPOAoOsmU_AqcJyJHpTgO1Mkv8cJnS70&amp;h=AT3_thhOJ80TtQrbk2PSfCdfdIFB1X8pdZT44ci6ivdSIC-O2hVS8s2onCnmoDFQ6Bnyoexke6xGbVR9V391HixsTKkAWDNYpwqGTu0iEJlSpocIpSzp50t4dVNY5o9z9TvZhLPA1j2Yhdbm66ZA4Q\" target=\"_blank\">&#8222;ASF \u2013 po raz pierwszy wykryty u owiec i byd\u0142a&#8221; w: topagrar.pl (27.03.19)<\/a><\/p>\n\n\n\n<p><strong>USA NEW YORK <\/strong>(GenomeWeb) &#8211; Boehringer Ingelheim i GNA Biosolutions podj\u0119\u0142y wsp\u00f3\u0142prac\u0119 badawcz\u0105 w celu opracowania diagnostyki weterynaryjnej w nag\u0142ych wypadkach, w szczeg\u00f3lno\u015bci szybkiego testu diagnostycznego dla afryka\u0144skiego pomoru \u015bwi\u0144, kt\u00f3ry ma by\u0107 stosowany na przeno\u015bnej platformie diagnostyki molekularnej GNA. Warunki transakcji nie zosta\u0142y ujawnione. Info. za:<a rel=\"noreferrer noopener\" href=\"https:\/\/l.facebook.com\/l.php?u=https%3A%2F%2Fwww.genomeweb.com%2Fbusiness-news%2Fboehringer-ingelheim-gna-biosolutions-partner-african-swine-fever-dx%3Ffbclid%3DIwAR26Jx2BSp8V-ey1xc7JeU6IUyXSfzIZxKykb688RFFXw5OUw1nypX8dBeM%23.XJsbjJhKjIU&amp;h=AT3XBLRXH93U44Zez-va5lyRtqXUw5CV6LDObvPHuGb6JloekSN2aPpgL5ChEoFRnuMgd0jcKenHQtYc0cPWHdgdmC8Tx6g_FlG-t2fu47D8QYeuM9oyuG5PRk3f7Qi831ZN5kM2_yTQJ72siDVC1Q\" target=\"_blank\"> &#8222;Boehringer Ingelheim, GNA Biosolutions Partner on African Swine Fever Dx&#8221; w: genomeweb.com (27.02.19)<\/a> <\/p>\n\n\n\n<p><strong>KANADA<\/strong> jest gospodarzem pierwszego mi\u0119dzynarodowego forum ASF w Ottawie od 30 kwietnia do 1 maja 2019 r. Forum organizowane jest, mi\u0119dzy innymi, we wsp\u00f3\u0142pracy ze Stanami Zjednoczonymi, Meksykiem, Uni\u0105 Europejsk\u0105, Organizacji Narod\u00f3w Zjednoczonych do spraw Wy\u017cywienia i Rolnictwa (FAO) i \u015awiatow\u0105 Organizacj\u0105 Zdrowia Zwierz\u0105t (OIE). Forum b\u0119dzie okazj\u0105 do dalszego zacie\u015bnienia wsp\u00f3\u0142pracy mi\u0119dzynarodowej w celu powstrzymania rozprzestrzeniania si\u0119 ASF. Zobacz: <a rel=\"noreferrer noopener\" href=\"https:\/\/l.facebook.com\/l.php?u=http%3A%2F%2Finspection.gc.ca%2Fanimals%2Fterrestrial-animals%2Fdiseases%2Freportable%2Fafrican-swine-fever%2Fafrican-swine-fever-forum%2Feng%2F1549576098419%2F1549576148285%3Ffbclid%3DIwAR2yhrSFiS-N10awNqkmWu-5-klur-QWN7pHwEQzFrWF0t64tNaEMJ0o4-g&amp;h=AT3psZngadIbJFFY2u2_heGRb39UHQ1GwTm7OOkATgx7xLzFSVOO3JF2VBM1-6NkAFfRTUpY_X3Fox4qHho57ZLdKJxupSr9E2fYH7OFVjINZPPOKqi_yqTreV3cz7NYbhPBwmJJVPPlLQ-nWegqGg\" target=\"_blank\">inspection.gc.ca<\/a> <\/p>\n\n\n\n<p><strong>WIETNAM<\/strong> Kontrola rozprzestrzeniania si\u0119 wirusa ASF. Test immunoenzymatyczny (ELISA) i reakcja \u0142a\u0144cuchowa polimerazy (PCR) to dwie techniki pochodne j\u0105drowe powszechnie stosowane w diagnostyce chor\u00f3b. Obie metody pocz\u0105tkowo dzia\u0142a\u0142y z radioizotopami, a teraz stosuje si\u0119 zamiast nich enzymy i inne barwniki (na przyk\u0142ad barwnik fluorescencyjny), co pomog\u0142o MAEA i jej partnerom udoskonali\u0107 i usprawni\u0107 proces testowania. Info. za: <a rel=\"noreferrer noopener\" href=\"https:\/\/l.facebook.com\/l.php?u=https%3A%2F%2Fwww.iaea.org%2Fnewscenter%2Fnews%2Fvietnamese-authorities-control-spread-of-african-swine-fever-with-the-use-of-nuclear-derived-techniques%3Ffbclid%3DIwAR1DXy7fYcTnaxskslekjHhCWLOSRTNhxdq1anrhOOrJZ4_MiV9-qdg7hhE&amp;h=AT0Pb12a79e5A9Y-jiyZO4SW6AAE4HWQJXiOocgZIkoLdeGCETs-qnNIb7vKLd9O81o00xHXxrXFWaVAIc_CD7hopr_vDYmXTEZnwCN78unVp2OTYOxdA_TbOm-JNTuFonY9OdURqciKJMSrEIMiig\" target=\"_blank\">&#8222;Vietnamese Authorities Control Spread of African Swine Fever with the Use of Nuclear-derived Techniques&#8221; w: www.iaea.org (20.03.19)<\/a><\/p>\n\n\n\n<p><strong>WYMIAR SPO\u0141ECZNY ASF<\/strong> Sama wiedza weterynaryjna nie jest wystarczaj\u0105ca do osi\u0105gni\u0119cia kontroli choroby i \u017ce zrozumienie lokalnych wymiar\u00f3w spo\u0142eczno-kulturowych, gospodarczych i politycznych jest r\u00f3wnie wa\u017cne. Badania w dziedzinie nauk spo\u0142ecznych i dog\u0142\u0119bne badania lokalnych praktyk s\u0105 coraz cz\u0119\u015bciej uznawane za wa\u017cne dla zrozumienia ekologii chor\u00f3b. Info. za: <a rel=\"noreferrer noopener\" href=\"https:\/\/l.facebook.com\/l.php?u=https%3A%2F%2Fblogs.biomedcentral.com%2Fon-biology%2F2019%2F01%2F08%2Funderstanding-humans-key-african-swine-fever-control%2F%3Ffbclid%3DIwAR0thRdnf0pgxjeYvPxGBSQ6_DLlW0kjPIZ5FY4_78n9GXfy-l61_33qfqM&amp;h=AT3MklHzCD3IUdNARehGoldfyySj6JvzroLF-gEq6FzhK9QM7haZAq-4LTJ7z-ODNW6iLJhdM3u9OTv-ve5FEJFRvCOmBS5idwlvOAkWaq-7sARyAmxNoo93dT3TwlsTyLMEenIxvI9YUXBYFEVSVA\" target=\"_blank\">&#8222;Understanding humans \u2013 the key to African swine fever control&#8221; w: blogs.biomedcentral.com (8.01.19)<\/a><\/p>\n\n\n\n<p><strong>***<br>INFORMACJE &#8211; EUROPA \/ \u015aWIAT: <\/strong><\/p>\n\n\n\n<p><strong>ASF w EUROPIE<\/strong> &#8222;Do systemu powiadamiania o chorobach zwierz\u0105t ADNS w 2018 roku zg\u0142oszone zosta\u0142o 1449 ognisk afryka\u0144skiego pomoru \u015bwi\u0144. W 2017 roku powiadomiono o 265 ogniskach u \u015bwi\u0144. Wida\u0107 wi\u0119c, \u017ce wirus ASF atakuje coraz bardziej i dotyczy to nie tylko stad trzody chlewnej, gdy\u017c liczba przypadk\u00f3w u dzik\u00f3w te\u017c by\u0142a wy\u017csza w ubieg\u0142ym roku o ponad 1400 w stosunku do roku 2017.&#8221; Info. za: <a rel=\"noreferrer noopener\" href=\"https:\/\/l.facebook.com\/l.php?u=https%3A%2F%2Fwww.tygodnik-rolniczy.pl%2Farticles%2Fhodowla-zwierzat%2Fgdzie-w-europie-asf-najszybciej-sie-rozprzestrzenia%2F%3Ffbclid%3DIwAR2Gxl7U7jr-Jhq8OjTosgY1-0WH2uckArU4t7FGP-wFDezcK7NmkgdEdDE&amp;h=AT0ChboRyZF7xEzTKVhfUOIBEpLwqOFoFmsPkJbUM7pHDkWjU5kPT6HciKHjorZL5npsvXV0NysfVK9eX9i5tr7UMBfK45eGQZ3HB5F0gxIF04FZoz9DHVf5-tfJkgcuYVMX8NIpu22E3fiIvGXJ9Q\" target=\"_blank\">&#8222;Gdzie w Europie ASF najszybciej si\u0119 rozprzestrzenia?&#8221; w: tygodnik-rolniczy.pl (19.03.19)<\/a><\/p>\n\n\n\n<p><strong>CZECHY<\/strong> s\u0105 pierwszym krajem w UE oficjalnie uznanym za wolny od afryka\u0144skiego pomoru \u015bwi\u0144 (ASF). Od kwietnia 2018 r. w Czechach nie stwierdzono epidemii. Kraje cz\u0142onkowskie UE popar\u0142y zniesienia wszystkich ogranicze\u0144. Info. za: <a rel=\"noreferrer noopener\" href=\"https:\/\/l.facebook.com\/l.php?u=https%3A%2F%2Fwww.pigprogress.net%2FHealth%2FArticles%2F2019%2F2%2FCzechia-officially-free-from-African-Swine-Fever-398905E%2F%3Ffbclid%3DIwAR3rGcV1uVe4yZecG-XVcybyJlqKJSSbOCkvCyX2qDWOg6vYJpP-B3NP2_I&amp;h=AT3DvvOR7eaYejEyeYkJ-E1cLgOwNds6mufdBEWiO6llV5ZsslDAxfFxAfDB9qYSMgt0b1zG9O_uhaH1aCeXkkohKVxZOeXJV21qTykxRLrKdbhFNxkvSNYEbSDAjvobmoPnL7RpWXNUNzUMd12XGg\" target=\"_blank\">&#8222;Czechia officially free from African Swine Fever&#8221; w: www.pigprogress.net (28.02.19)<\/a> <\/p>\n\n\n\n<p><strong>\u0141OTWA <\/strong>Wst\u0119pne dane G\u0142\u00f3wnego Biura Statystycznego (CSB) pokazuj\u0105, \u017ce w 2018 r., w por\u00f3wnaniu z 2017 r., obecno\u015b\u0107 ASF spowodowa\u0142a spadek pog\u0142owia \u015bwi\u0144 na \u0141otwie o 15 700 szt. (4,9 proc.). W por\u00f3wnaniu z 2017 r. eksport \u017cywych \u015bwi\u0144 wzr\u00f3s\u0142 o 48,500 tys. szt. (26,9 proc.). Liczba importowanych \u015bwi\u0144 spad\u0142a o 5 800 tys. szt. (20 proc.). <a rel=\"noreferrer noopener\" href=\"https:\/\/l.facebook.com\/l.php?u=https%3A%2F%2Feng.lsm.lv%2Farticle%2Feconomy%2Feconomy%2Fafrican-swine-fever-took-its-toll-on-pig-numbers-in-latvia.a313855%2F%3Ffbclid%3DIwAR0Jr7TM3wTLSNZaN2aPoIlACojPogrExvSGZZOaP2HSiVlITDmfktCjSm0&amp;h=AT3c1i2Y9WWXcfi_OkraEsRsvDw__dI0-0_fMjUQveIO78UTMO3vxi_A4WGVGvZU_KZMkc6gHSx5eXnfQsVgvbiML8v76QmxpLP1dEm0uTddJ0jdO8unfR1hnuCiISassYycYWA8ZvlV5Fdh_XQO9g\" target=\"_blank\">Info. za: &#8222;African swine fever took its toll on pig numbers in Latvia&#8221; w: eng.lsm.lv (25.03.19)<\/a> <\/p>\n\n\n\n<p><strong>DANIA<\/strong> \u201eTo nie jest \u0142atwe zadanie\u201d przyznaje Rasmussen. Proponowane ogrodzenie b\u0119dzie wystarczaj\u0105co niskie, aby jelenie mog\u0142y przeskoczy\u0107, a ma\u0142e otwory co 100 metr\u00f3w pozwol\u0105 przej\u015b\u0107 mniejszym ssakom, takim jak lisy, zaj\u0105ce i wydry. Info. za: <a rel=\"noreferrer noopener\" href=\"https:\/\/l.facebook.com\/l.php?u=https%3A%2F%2Fwww.npr.org%2F2019%2F01%2F27%2F688152778%2Fto-keep-african-swine-fever-out-denmark-is-planning-a-southern-boar-der-fence%3Ft%3D1553771929310%26fbclid%3DIwAR2btuogvESlnsfE0Y_EY8i8HBxdW84ThepFfE6jWsHrnnGY0cVQ9fmzcH4&amp;h=AT3dZVJv3ULiVFeVCjFlxFRQRucn1yv9LBAnf30goSfCOytSax66uJEmT2ZJu251yvt07K206H0-iIEHy9ihfZ599b9JALMmZZM0bRrN9Eo24tSVZWimnuhW8ms9KiKd6tESghf_-oJwHDSToslbgA\" target=\"_blank\">&#8222;To Keep African Swine Fever Out, Denmark Is Planning A Southern Boar(der) Fence&#8221; w: npr.org (27.01.19)<\/a><\/p>\n\n\n\n<p><strong>DANIA<\/strong> &#8222;Budowanie ogrodzenia dzi\u015b nie jest ani rekomendacj\u0105, ani og\u00f3ln\u0105 opcj\u0105 ze strony UE. Unia nie wspiera ze swojego bud\u017cetu takich projekt\u00f3w &#8211; powiedzia\u0142a na konferencji prasowej w Brukseli rzeczniczka KE Anca Paduraru. Jak poinformowa\u0142a, KE zwr\u00f3ci\u0142a si\u0119 do Europejskiego Urz\u0119du ds. Bezpiecze\u0144stwa \u017bywno\u015bci o opinie naukowe w sprawie metod grodzenia. To nie jest pierwsza opcja, je\u015bli chodzi o rozwi\u0105zywanie problemu afryka\u0144skiego pomoru \u015bwi\u0144 &#8211; doda\u0142a rzeczniczka.&#8221; Info. za: <a rel=\"noreferrer noopener\" href=\"https:\/\/l.facebook.com\/l.php?u=https%3A%2F%2Fwiadomosci.dziennik.pl%2Fswiat%2Fartykuly%2F590092%2Casf-bruksela-unia-europejska-dania.html%3Ffbclid%3DIwAR1Wmasm7aQG2olsndfB53_5GW4hC5QqmmD5D0O7f1nMn2ZXmEHRI1LcsBc&amp;h=AT0XS8WZ8Oe0iDPsd0L-DGZHyEtUWv_QlwJsXffSRZGEzDL2EN7fcKHXYmu9YbfFSS7liFhWylAKERop0MyJ5x8_-BU-RemkFNlI1RSJgTFGF740xj7CHi6nDZhtrZQ6N-TXHhYknHEVI3AotZeqSQ\" target=\"_blank\">&#8222;Dania buduje p\u0142ot przeciw ASF. Bruksela: Unia nie wspiera ze swojego bud\u017cetu takich projekt\u00f3w&#8221; w: wiadomosci.dziennik.pl (28.01.19)<\/a> <\/p>\n\n\n\n<p><strong>BELGIA<\/strong> &#8222;Stwierdzenie ASF w pobli\u017cu jednostki wojskowej mog\u0142o by\u0107 nieprzypadkowe. Stacjonuj\u0105 tam \u017co\u0142nierze, kt\u00f3rzy kilka tygodni temu wr\u00f3cili z \u0107wicze\u0144 wojskowych, kt\u00f3re odbywa\u0142y si\u0119 na poligonach po\u0142o\u017conych na terenie pa\u0144stw ba\u0142tyckich. Martwe dziki zosta\u0142y znalezione w obozie Lagland niedaleko miejscowo\u015bci Arlon. Jeden z pierwszych przypadk\u00f3w ASF zosta\u0142 stwierdzony 21 wrze\u015bnia.&#8221; Info. za: <a rel=\"noreferrer noopener\" href=\"https:\/\/l.facebook.com\/l.php?u=https%3A%2F%2Fwww.tygodnik-rolniczy.pl%2Farticles%2Fhodowla-zwierzat%2Fczy-wojsko-zawloklo-asf-do-belgii%2F%3Ffbclid%3DIwAR2OXVWMC7mgQzaqY3MBZ_Fi2j0wl9yBksl8ilXqw7oukpX2jskrjw4WVK8&amp;h=AT26E7r9btKrjTMRvatREhBWY0AXHhYB1mkhncO1i-NT8ZYL9zmqC3oJf8PXWk2WgoccIfkbpRISwn9j3hwNUZ4PVTy9QM-5vJunY0nBEgDFdQqo77TUCLWWPaZx2f_kLGMU2j_JNwJZQkyjy708Qg\" target=\"_blank\">&#8222;Czy to wojsko zawlok\u0142o ASF do Belgii?&#8221; w: tygodnik-rolniczy.pl (25.10.18)<\/a> <\/p>\n\n\n\n<p><strong>BELGIA<\/strong> &#8222;Belgijskie w\u0142adze aresztowa\u0142y dw\u00f3ch m\u0119\u017cczyzn, kt\u00f3rzy podejrzewani s\u0105 o wprowadzenie do tego kraju afryka\u0144skiego pomoru \u015bwi\u0144. Podejrzani to my\u015bliwy i stra\u017cnik le\u015bny. My\u015bliwy mia\u0142 sprowadza\u0107 do Belgii dziki z Europy Wschodniej (prawdopodobnie z Polski) i urz\u0105dza\u0107 na miejscu polowania dla bogatych Belg\u00f3w.&#8221; Info. za: <a rel=\"noreferrer noopener\" href=\"https:\/\/l.facebook.com\/l.php?u=https%3A%2F%2Fwww.tygodnik-rolniczy.pl%2Farticles%2Faktualnosci_%2Fasf-w-europie-szaleje-bo-bogaty-belg-chcial-ustrzelic-dzika%2F%3Ffbclid%3DIwAR1tZtgUjL3imfWMwy0461d2ly96JR1FeCEjZf08mjdJmTL4EO5Aw8K8bv8&amp;h=AT0GH1_cmxSY_J3SRKZzKnLm2Xwh8rbMZb7KA2T10NwUXA1TNnq28vLkGpdfGSlJdk9Nb6lyITfqV3ym_gz-qvIfSPTU5E9Tx4OfI3PF_qlLLjqbvrWP2klb7I3w0a2IREtwdcQ2bBDxLBmSaFccsQ\" target=\"_blank\">&#8222;ASF w Europie szaleje, bo bogaty Belg chcia\u0142 ustrzeli\u0107 dzika&#8221; w: tygodnik-rolniczy.pl (1.03.19)<\/a><\/p>\n\n\n\n<p><strong>BELGIA<\/strong> W\u015br\u00f3d 1846 tusz dzik\u00f3w analizowanych do tej pory w Walonii &#8211; 1 763 z obwodu dotkni\u0119tego wirusem afryka\u0144skiego pomoru \u015bwi\u0144 &#8211; 619 jest pozytywnych (ASF). Info. za: <a rel=\"noreferrer noopener\" href=\"https:\/\/l.facebook.com\/l.php?u=http%3A%2F%2Fwww.brusselstimes.com%2Fbelgium%2Fhealth%2F14278%2Fafrica-swine-fever-contaminating-wild-boars%3Ffbclid%3DIwAR2ill8LddaSTclofAhngaSmJFi_qBZudxmpVcGcuJrE9_tATuuATcC7OcU&amp;h=AT1v0ItOzln-IN8uh4uGphp2Xj-tpLyH1xUZPnyZjYjXG1Xz1KGq-ow7fqkQJynqfVXCuYkj-heWqTChvH1eUbQ9q5p9a1qqh5h2_GT2WoXYOPpoM7rpxTy2gf7U1cZmNX-Yz0sytVHkbWC09GYdWw\" target=\"_blank\">&#8222;African swine fever contaminating wild boars&#8221; w: brusselstimes.com (2.03.19)<\/a> <\/p>\n\n\n\n<p><strong>LUKSEMBURG<\/strong> &#8222;buduje ogrodzenie ochronne przeciwko afryka\u0144skiemu pomorowi \u015bwi\u0144 (ASF) na granicy z Belgi\u0105. Zosta\u0142o to og\u0142oszone przez Ministerstwo Rolnictwa i \u015arodowiska w Luksemburgu w czwartek 22 marca. Ogrodzenie powinno zosta\u0107 wzniesione w ci\u0105gu kilku dni na po\u0142udnie od Steinfort na o\u015bmiokilometrowym odcinku na granicy z Belgi\u0105. Ju\u017c w styczniu Dania zacz\u0119\u0142a budowa\u0107 ogrodzenie na granicy ze Szlezwikiem-Holsztynem. Jednak jak dot\u0105d w Niemczech nie wykryto \u017cadnego przypadku afryka\u0144skiego pomoru \u015bwi\u0144.&#8221; Info. za: <a rel=\"noreferrer noopener\" href=\"http:\/\/www.farmer.pl\/produkcja-zwierzeca\/trzoda-chlewna\/asf-luksemburg-wznosi-ogrodzenie-na-granicy-z-belgia,84703.html?fbclid=IwAR1NrASMX0Cv3R8AgCNUw2pMayR19H8yM3Lp7ggW4pD4CiGc0hIj9UwAYIA\" target=\"_blank\">&#8222;ASF: Luksemburg wznosi ogrodzenie na granicy z Belgi\u0105&#8221; w: farmer.pl (22.03.19)<\/a> <\/p>\n\n\n\n<p><strong>FRANCJA<\/strong> &#8222;My\u015bliwi otrzymuj\u0105 premi\u0119 w wysoko\u015bci 100 \u20ac za ka\u017cdego zabitego dzika. Je\u015bli zwierz\u0119 jest zlokalizowane geograficznie i transportowane w specjalnych pojemnikach do punktu zbi\u00f3rki. Co wi\u0119cej do akcji wkroczy\u0142o wojsko. Pocz\u0105tkowo oddelegowano 40 \u017co\u0142nierzy do wsparcia logistycznego, a tak\u017ce kierowc\u00f3w. Armia b\u0119dzie r\u00f3wnie\u017c uczestniczy\u0142a w poszukiwaniu tusz pad\u0142ych zwierz\u0105t.&#8221; Info. za: <a rel=\"noreferrer noopener\" href=\"https:\/\/l.facebook.com\/l.php?u=https%3A%2F%2Fwww.cenyrolnicze.pl%2Fwiadomosci%2Fasf%2F14877-francja-broni-sie-przed-asf-w-akcji-mysliwi-oraz-wojsko%3Ffbclid%3DIwAR13celBgPoAD77vSvgS4ac9fZ977zYpFfzeAUtG7znmKc3VqGFcyrJaQFA&amp;h=AT1sB5MxQz0fa1ky2yGbHXTiFwLTj1D1i1joFkpTyiQJyFwIzvKaI0txSFVSfHQB3MLNT3op9JzS1Klcuu_L05nV4xqCAu6VpBK8NkmKKtniYf6r4OacWUZv4RnNMWuHYA_Xloyt1I5RAMMZmpDdug\" target=\"_blank\">&#8222;Francja broni si\u0119 przed ASF. W akcji my\u015bliwi oraz wojsko&#8221; w: cenyrolnicze.pl (4.02.19)<\/a><\/p>\n\n\n\n<p> <strong>FRANCJA<\/strong> &#8222;We Francji tzw. \u201ebia\u0142a strefa&#8221; zosta\u0142a ustanowiona w promieniu kilku kilometr\u00f3w od belgijskiej granicy. Wszystkie dziki \u017cyj\u0105ce na tym terenie zostan\u0105 odstrzelone.&#8221; Info. za: <a rel=\"noreferrer noopener\" href=\"https:\/\/l.facebook.com\/l.php?u=https%3A%2F%2Fwww.cenyrolnicze.pl%2Fwiadomosci%2Fasf%2F15168-francuzi-bezwzglednie-chronia-swoj-rynek-przed-asf%3Ffbclid%3DIwAR2QrOYu7rkG8LYAz1mlhGEKFzUbLpDdVPWFRr5sKCrca50Qsj1C0aIoZfQ&amp;h=AT1_jFcNZwEU6CHIrdC-3n4_jdMLke05tI4MqeU-zuMN00Xtp42QY9ahe2GbVoY5PQl8sFVjef6O4d6294OgwntHH99oBM9hx1NcVtCWq2245dJSCR6FFD6bhb5_EgqLTLZbn1UQstUCvkoA-VHo_Q\" target=\"_blank\">&#8222;Francuzi bezwzgl\u0119dnie chroni\u0105 sw\u00f3j rynek przed ASF&#8221; w: cenyrolnicze.pl (6.03.19)<\/a><\/p>\n\n\n\n<p><strong>UKRAINA<\/strong> Bior\u0105c pod uwag\u0119 badania ameryka\u0144skich naukowc\u00f3w dotycz\u0105ce niekontrolowanego rozprzestrzeniania si\u0119 ASF, problemem mo\u017ce sta\u0107 si\u0119 nie tylko \u015bwinia, ale tak\u017ce producenci zb\u00f3\u017c i ro\u015blin str\u0105czkowych. Zakaz zakupu produkt\u00f3w ro\u015blinnych pochodz\u0105cych z region\u00f3w o niekorzystnych warunkach gospodarowania lub nawet import z Ukrainy z powodu niekontrolowanego rozprzestrzeniania ASF mo\u017ce wp\u0142yn\u0105\u0107 na kondycj\u0119 wielu gospodarstw w tym kraju. (&#8230;)  Wed\u0142ug mi\u0119dzynarodowej organizacji Green Front polscy lekarze uwa\u017caj\u0105, \u017ce pracownicy z Ukrainy, Bia\u0142orusi lub Litwy, kt\u00f3rzy s\u0105 coraz cz\u0119\u015bciej zatrudniani w gospodarstwach rolnych w Polsce, mog\u0105 wjecha\u0107 na terytorium wirusa ASF. A poniewa\u017c coraz wi\u0119cej polskich hodowc\u00f3w trzody chlewnej zatrudnia w swoich gospodarstwach pracownik\u00f3w z powy\u017cszych kraj\u00f3w, powiatowi lekarze weterynarii w wojew\u00f3dztwie wielkopolskim, gdzie pracuje wielu cudzoziemc\u00f3w (g\u0142\u00f3wnie z Ukrainy), opublikowali nawet apel o czujno\u015b\u0107. Info. za: <a rel=\"noreferrer noopener\" href=\"https:\/\/l.facebook.com\/l.php?u=https%3A%2F%2Fmind.ua%2Fopenmind%2F20194803-chumna-bajduzhist-chomu-achs-mozhe-nadovgo-pidirvati-ekonomiku-ukrayini%3Ffbclid%3DIwAR2cbAzuFB_3C_xjx2jBzg12pDICDRiSyE5TEsilzykt5pijRZUw36cE9UI&amp;h=AT0PJZP2QJbKrQS0pFE1jZIQzEh2TtGbwLAwufHCJVk9P_ImTAiu18Wx5YfBbU6dS4RvwPkMrNkDnT3Zj8gdvKlWilJ7-tpF9oztPiJ-LuL3OajdssPGWJsIcufLPg76RsvnEMg3bJNg_xFpFZ_caw\" target=\"_blank\">&#8222;\u0427\u0443\u043c\u043d\u0430 \u0431\u0430\u0439\u0434\u0443\u0436\u0456\u0441\u0442\u044c: \u0447\u043e\u043c\u0443 \u0410\u0427\u0421 \u043c\u043e\u0436\u0435 \u043d\u0430\u0434\u043e\u0432\u0433\u043e \u043f\u0456\u0434\u0456\u0440\u0432\u0430\u0442\u0438 \u0435\u043a\u043e\u043d\u043e\u043c\u0456\u043a\u0443 \u0423\u043a\u0440\u0430\u0457\u043d\u0438&#8221; w: mind.ua (14.03.19)<\/a><\/p>\n\n\n\n<p><strong>ROSJA<\/strong> W ubieg\u0142ym roku w 18 regionach Rosji odnotowano wirus afryka\u0144skiego pomoru \u015bwi\u0144 (ASF). Zdaniem szefa Rosselchoznadzoru, zwalczanie wirusa na terytorium Rosji b\u0119dzie mo\u017cliwe dopiero po rozwi\u0105zaniu szeregu problem\u00f3w w zarz\u0105dzaniu gospodarstwami zale\u017cnymi i zg\u0142oszeniu rozs\u0105dnej redukcji liczby dzik\u00f3w, informuje TASS. Info. za: <a rel=\"noreferrer noopener\" href=\"https:\/\/l.facebook.com\/l.php?u=https%3A%2F%2Fnews.ru%2Fobshestvo%2Frospotrebnadzor-rossiyu-zahvatyvaet-afrikanskaya-chuma-svinej%2F%3Ffbclid%3DIwAR0aZUW002BgKCpiSv1cAcyTCwSd1wbPeAZ-bGXVBXn75eT3NorvnHUZbR4&amp;h=AT1IQCyoRnuwmRdmu33LX_T8Bp61Z6-vfGWzwqMtMhQPJQBAQ1yxiOuu9UHWFwFzoS7DxXXhnyuY7nRsKDMSzgCYL4Hfk63QJzbwNtYeImnpxpcckKKYFTX0buwBLqlZwpA0eBXpgI2af2yM4QN0mA\" target=\"_blank\">&#8222;\u0420\u043e\u0441\u043f\u043e\u0442\u0440\u0435\u0431\u043d\u0430\u0434\u0437\u043e\u0440: \u0420\u043e\u0441\u0441\u0438\u044e \u0437\u0430\u0445\u0432\u0430\u0442\u044b\u0432\u0430\u0435\u0442 \u0430\u0444\u0440\u0438\u043a\u0430\u043d\u0441\u043a\u0430\u044f \u0447\u0443\u043c\u0430 \u0441\u0432\u0438\u043d\u0435\u0439&#8221; w: news.ru (20.03.19)<\/a> <\/p>\n\n\n\n<p><strong>ROSJA obw. KALININGRADZKI<\/strong> Od listopada 2017 r. w obwodzie kaliningradzkim odnotowano przypadki ASF w prywatnych gospodarstwach rolnych i du\u017cych kompleksach. Og\u00f3\u0142em zarejestrowano 17 ognisk choroby. W\u0142adze obwodu kaliningradzkiego poinformowa\u0142y o stabilizacji sytuacji i odbudowie zwierz\u0105t gospodarskich w przedsi\u0119biorstwach. Info. za: <a rel=\"noreferrer noopener\" href=\"https:\/\/l.facebook.com\/l.php?u=https%3A%2F%2Fiz.ru%2F850254%2F2019-02-26%2Fsituatciia-po-achs-stabilizirovalas-v-kaliningradskoi-oblasti%3Ffbclid%3DIwAR1cRCUyb-DvB_V1QqZNTeVAu56pK7VT59TxxXgY6wsX2Z8Hts6aTPKUmZ8&amp;h=AT0rPuLVirMNspiYPyjAHBZcS8UCfWnpe4i7yyJxxtYUaan8kvjT0h11FqGGDyO173ow57tRgr96fSirLJP8aKcUO_HcAdMhDdMpTcws1r9rjs12Jy9iK9dSMWxT8rDva39X1mx6dDLVDOkeCMyK-Q\" target=\"_blank\">&#8222;\u0421\u0438\u0442\u0443\u0430\u0446\u0438\u044f \u043f\u043e \u0410\u0427\u0421 \u0441\u0442\u0430\u0431\u0438\u043b\u0438\u0437\u0438\u0440\u043e\u0432\u0430\u043b\u0430\u0441\u044c \u0432 \u041a\u0430\u043b\u0438\u043d\u0438\u043d\u0433\u0440\u0430\u0434\u0441\u043a\u043e\u0439 \u043e\u0431\u043b\u0430\u0441\u0442\u0438&#8221; w: iz.ru (26.02.19)<\/a><\/p>\n\n\n\n<p><strong>ROSJA<\/strong> Opinia. ASF b\u0119dzie w stanie wr\u00f3ci\u0107 oko\u0142o po\u0142owy czerwca tego roku, ale nie powinien stwarza\u0107 \u017cadnych specjalnych problem\u00f3w. Wed\u0142ug Alexeya Chastova epidemie ASF w regionie wp\u0142ywaj\u0105 nie tylko na import mi\u0119sa do innych region\u00f3w, ale tak\u017ce transport lokalnego ziarna. G\u0142\u00f3wnym problemem pozostaj\u0105 nie tylko zara\u017cone zwierz\u0119ta, ale tak\u017ce zaniedbania ludzi. Niedawno odnotowano przypadek importowania zwierz\u0105t z regionu Nowosybirska. Na odleg\u0142o\u015b\u0107 3500 kilometr\u00f3w. Zwierz\u0119ta by\u0142y zdrowe, ale czasami takie przemieszczanie zwierz\u0105t na du\u017ce odleg\u0142o\u015bci mo\u017ce by\u0107 niebezpieczne. Zaostrzono wymagania dotycz\u0105ce liczenia zwierz\u0105t, co pozwala okre\u015bli\u0107 pochodzenie produkt\u00f3w. Info. za: <a rel=\"noreferrer noopener\" href=\"https:\/\/l.facebook.com\/l.php?u=http%3A%2F%2Fwww.vzsar.ru%2Fnews%2F2019%2F02%2F26%2Fveterinary-jdyt-vozvrascheniya-afrikanskoy-chymy-sviney-v-nachale-leta.html%3Ffbclid%3DIwAR0ATGRA7i4XFxJHyDvF1ckIxPWMxzIhFWAJ_z2YYC-pbyrdCc0XqRVAt9Y&amp;h=AT0CSgwRCuCLVa9ZSuHtbedt8vRow1XMLXmAaaHwN2Ag5qKh6VbsXdknLrEJ2wE1o04FGCiESfO5heCY6wHb3CcU04K5AW1FFxdb_IYlDcIhp7KEn69UKOf1g9YnA68ogW-Yzm1ioG_Xj5K-1V2ftA\" target=\"_blank\">&#8222;\u0412\u0435\u0442\u0435\u0440\u0438\u043d\u0430\u0440\u044b \u0436\u0434\u0443\u0442 \u0432\u043e\u0437\u0432\u0440\u0430\u0449\u0435\u043d\u0438\u044f \u0430\u0444\u0440\u0438\u043a\u0430\u043d\u0441\u043a\u043e\u0439 \u0447\u0443\u043c\u044b \u0441\u0432\u0438\u043d\u0435\u0439 \u0432 \u043d\u0430\u0447\u0430\u043b\u0435 \u043b\u0435\u0442\u0430&#8221; &#8221; w: www.vzsar.ru (26.02.19)<\/a> <\/p>\n\n\n\n<p><strong>ROSJA<\/strong> &#8222;Wed\u0142ug oficjalnych danych w Rosji w 2018 r. w stadach trzody chlewnej odnotowano ponad 250 ognisk afryka\u0144skiego pomoru \u015bwi\u0144 (ASF). Jak og\u0142osi\u0142o ministerstwo rolnictwa w Moskwie, w sumie oko\u0142o 250 000 \u015bwi\u0144 musia\u0142o zosta\u0107 poddanych ubojowi. Wysoko\u015b\u0107 szk\u00f3d szacowana jest na oko\u0142o 15 milion\u00f3w euro. Jest to ponad dwunastokrotno\u015b\u0107 szk\u00f3d szacowanych w 2017 r. (1,2 mln EUR).&#8221; Info. za: <a rel=\"noreferrer noopener\" href=\"https:\/\/l.facebook.com\/l.php?u=https%3A%2F%2Fwww.cenyrolnicze.pl%2Fwiadomosci%2Fasf%2F14630-w-rosji-dwunastokrotnie-wzrosly-straty-spowodowane-wirusem-asf%3Ffbclid%3DIwAR3GJd_sYuSSQdEOrt9CXAYtJw8Tr_IiLcrMk6E3a7nOn_qoTQOjwVWprtI&amp;h=AT3FKlej-FdkMPlxPSSbEub-ZL-_qdFBUXtXssxcCC-0iFyLK_64LeRw_teT_7-vfj_NnPd5nDG9gwlEqV-G-61QklNTFnwjO_bof0igzG89KMbgiET3CD2xVEXnFw3gcyQXoXG9x_2bpb-GfSEHUA\" target=\"_blank\">&#8222;W Rosji dwunastokrotnie wzros\u0142y straty spowodowane wirusem ASF&#8221; w: cenyrolnicze.pl (7.01.19)<\/a><\/p>\n\n\n\n<p><strong>AZJA i PACYFIK<\/strong> Aktualizacje sytuacji i informacje o afryka\u0144skim pomorze \u015bwi\u0144 w Azji i Pacyfiku. Konieczno\u015b\u0107 zwalczania chor\u00f3b zwierz\u0105t na poziomie globalnym doprowadzi\u0142a do utworzenia Biura Mi\u0119dzynarodowej Organizacji Epizootycznej (1924 r.). W maju 2003 r. Urz\u0105d sta\u0142 si\u0119 \u015awiatow\u0105 Organizacj\u0105 Zdrowia Zwierz\u0105t. Polecamy stron\u0119 organizacji. Info. za: <a rel=\"noreferrer noopener\" href=\"https:\/\/l.facebook.com\/l.php?u=http%3A%2F%2Fwww.rr-asia.oie.int%2Fnews%2Fread%2Farticle%2Fsituationl-updates-and-information%2F%3Ffbclid%3DIwAR0KmSRMC7q7hsMgpJ7LQvNZdqVeyu5z4VKxU48MhiZGuO_9LyYAluOuibU&amp;h=AT0l4hYlfpO0NFkteiyu9OE77LzwyS1Ii8S8KjkfWOGQE1hcQzy7Bz5PikeBLFN6M1ptP7m33Rqr1rAfGN5NalU3nhQzpSTZZirzC_zxUp1toc_fK5pLQNmkFkkbcQ0_axCGqlYhm9RQPuDX9HC4JQ\" target=\"_blank\">&#8222;Situational Updates and Information on African swine fever in Asia and the Pacific&#8221; w: rr-asia.oie.int (18.03.19)<\/a><\/p>\n\n\n\n<p><strong>CHINY<\/strong> Ponad 950 000 \u015bwi\u0144 pad\u0142o lub zosta\u0142o zabitych, poniewa\u017c wirus ASF osi\u0105gn\u0105\u0142 28 chi\u0144skich prowincji (8.03.19). Wprowadzono ograniczenia w transporcie \u017cywych \u015bwi\u0144, zamkni\u0119to rynki \u017cywych zwierz\u0105t i zaprzestano karmienia zlewkami. Wi\u0119kszo\u015b\u0107 przypadk\u00f3w dotkn\u0119\u0142a mniejszych producent\u00f3w pozbawionych bezpiecze\u0144stwa biologicznego, chocia\u017c dotkn\u0119\u0142o to r\u00f3wnie\u017c jedno ogromne stado 74 000 \u015bwi\u0144. Info. za: <a rel=\"noreferrer noopener\" href=\"https:\/\/l.facebook.com\/l.php?u=http%3A%2F%2Fwww.pig-world.co.uk%2Ffeatures%2Fchinas-battle-with-african-swine-fever.html%3Ffbclid%3DIwAR27WCyk__FDM8nprQPhCUBwCb6wNOyBp_69Twlen3EifPlsC4saaw6-djs&amp;h=AT0lOA4LuCI4C_CgKv4KPEsGXeyQlV4-E8lZnzc-XLR3S88OkiY_1yhZbMm0ZnikrJgBD9I6yZUQ0UOwChIYfokfxO2ISlcrpFLgHt_hh_PIbk87o4s4MFpLiMbZBsGJAwITm_8cxC3occzt3jxtrQ\" target=\"_blank\">&#8222;China\u2019s battle with African swine fever\u201d w: www.pig-world.co.uk (8.03.19)<\/a><\/p>\n\n\n\n<p><strong>CHINY<\/strong> Od sierpnia 2018 r. zg\u0142oszono 110 ognisk choroby ASF w 28 prowincjach i regionach.  W\u0142adze borykaj\u0105 si\u0119 z nielegalnymi dzia\u0142aniami, takimi jak ukrywanie ognisk, sprzeda\u017c i arbitralne pozbywanie si\u0119 chorych i martwych \u015bwi\u0144, a tak\u017ce karmienie odpadami kuchennymi. Info. za: <a rel=\"noreferrer noopener\" href=\"https:\/\/l.facebook.com\/l.php?u=https%3A%2F%2Fwww.reuters.com%2Farticle%2Fus-china-swinefever%2Fchina-urges-crack-down-on-concealing-african-swine-fever-agriculture-ministry-idUSKCN1QL0XN%3Ffbclid%3DIwAR3zdnKdG05BwGPe4rYvSZz3zaZ2LH0uB59bGd4n5ens804APvXIqnL2CA0&amp;h=AT3MuUt7R7fjsSPZmerrLCc1FJmwMiV0pJ1D6xOYzTazV-kL-z3EWwBTu-UxUBa_qsVDxka11YMg8X1OblvTfS9B2Gst_5mg_wRmoQzyfgC4PqArCd89L3V38oFujv-WktnnJmporedWpUaJgLL5SA\" target=\"_blank\">\u201cChina urges crack down on concealing African swine fever: agriculture ministry\u201d w: reuters.com (4.03.19)<\/a> <\/p>\n\n\n\n<p><strong>CHINY<\/strong> mog\u0105 podzieli\u0107 sw\u00f3j przemys\u0142 wieprzowy na pi\u0119\u0107 stref, aby powstrzyma\u0107 rozprzestrzenianie si\u0119 afryka\u0144skiego pomoru \u015bwi\u0144 (ASF) i zagwarantowa\u0107 dostawy wieprzowiny. Ka\u017cda strefa zawiera jedn\u0105 z najlepszych chi\u0144skich prowincji produkuj\u0105cych \u015bwinie. Projekt planu zach\u0119ca r\u00f3wnie\u017c du\u017cych hodowc\u00f3w zwierz\u0105t do rozwijania zintegrowanej produkcji od hodowli do przetwarzania w ca\u0142ej strefie. Info. za: <a rel=\"noreferrer noopener\" href=\"https:\/\/l.facebook.com\/l.php?u=https%3A%2F%2Fwww.porkbusiness.com%2Farticle%2Fwill-overhauling-chinas-pork-industry-halt-african-swine-fever%3Ffbclid%3DIwAR3JJXhrIcPOHHsovsbLpMqV6GAhYJhnfMKJpYQs5UG2xn0PdceFL1ATfuw&amp;h=AT3lXubYMxtGm9yLWVbwFmrLUxR55C4wlRW8ixvJj1w-0NoSjtO9DyU89__Shmz3K4lKBIEX5BMCi7m6Xd5qVIE8TGktuxeZo_qSRK1mzbjx-9eoqZF3QazjyYunCdZqcQkkPUooV9BYVWUksOpRRA\" target=\"_blank\">&#8222;Will Overhauling China&#8217;s Pork Industry Halt African Swine Fever?&#8221; w: www.porkbusiness.com (28.02.19)<\/a> <\/p>\n\n\n\n<p><strong>CHINY<\/strong> produkuj\u0105 ponad po\u0142ow\u0119 \u015bwi\u0144 na \u015bwiecie &#8211; 700 milion\u00f3w rocznie. Wi\u0119kszo\u015b\u0107 z nich pozostaje w granicach Chin. Eksport, w zesz\u0142ym roku, utrzymywa\u0142 si\u0119 na poziomie zaledwie 1,6 miliona (wed\u0142ug ameryka\u0144skiego Departamentu Rolnictwa). Pekin utrzymuje rezerwy mro\u017conej wieprzowiny, kt\u00f3re by\u0142y u\u017cywane w przesz\u0142o\u015bci w celu z\u0142agodzenia problem\u00f3w zwi\u0105zanych z cenami rynkowymi i w razie potrzeby mog\u0105 zosta\u0107 wykorzystane w nadchodz\u0105cych miesi\u0105cach. Info. za: <a rel=\"noreferrer noopener\" href=\"https:\/\/l.facebook.com\/l.php?u=https%3A%2F%2Fedition.cnn.com%2F2019%2F02%2F01%2Fchina%2Fchina-african-swine-flu-in-year-of-the-pig-intl%2Findex.html%3Ffbclid%3DIwAR1c2NbckE3W6ofWg8ceTG54YCKP4dRPzyYpImd63mEb14G5_Ftu1TTk9Qg&amp;h=AT3t-KEzuQPe3cNDD6-kHfnTe_BGrSN24znDhSNLe6asUc45n8OLJDkG_OfjKjVnbMrMsyRS5LsnbxodWKa2SaE0WwGBVTNOxbvickm8k3E9C6_a3pwqz33CUB-04lpAHS1pzAglC3CqqCLXN1m3TPMbdiHrpl8Vyvk\" target=\"_blank\">&#8222;Swine fever threatens pork industry as China prepares for Year of the Pig&#8221; w: edition.cnn.com (1.02.19)<\/a><\/p>\n\n\n\n<p><strong>USA <\/strong>Kontrole produkt\u00f3w wieprzowych, w tym produkt\u00f3w sprowadzanych do USA, wprowadzenie procedur sprawdzania obecno\u015bci wirusa ASF w paszach, to niekt\u00f3re z dzia\u0142a\u0144 podejmowanych przez USDA (<a rel=\"noreferrer noopener\" href=\"https:\/\/l.facebook.com\/l.php?u=http%3A%2F%2Fwww.usda.gov%2F%3Ffbclid%3DIwAR2TeqbCJr0HeXpJp3_Q9jmRLrQMm8wohTFHIpPPB38n3X8YFS6-bdkhg2I&amp;h=AT3quJZHDKwN8R--2G7eHlUvv9tQ-HvAzNM1n56pD3ajDhOR3GPwwHrS4MINQur9-pZzS1xOd4g6rBIWlKYQNAIlxw-YAbxLc1O6sv0mpybfjUrbxeZ3cFC_TrKfF3MEKocBmdDAW8TYineBZQytVQ\" target=\"_blank\">http:\/\/www.usda.gov<\/a>). Dzia\u0142ania podejmowane s\u0105 we wsp\u00f3\u0142pracy z Kanad\u0105 i Meksykiem. Info. za: <a rel=\"noreferrer noopener\" href=\"https:\/\/l.facebook.com\/l.php?u=https%3A%2F%2Famericanagnetwork.com%2F2019%2F03%2Fusda-announces-additional-steps-to-stop-african-swine-fever-from-entering-u-s%2F%3Ffbclid%3DIwAR3LEKPX-TXWrkwbhoSNBh9PR6Aws62BnYlIJq2L7NnHr-54cfw2yOZf8Cs&amp;h=AT2gH_tvFd-kgsfB363edSHZVEfhN34AhrSBfw03Q3OIUoFS023hP7jN1goDpVzDT6-o92V54ZkjD5Gn-KtU_EV13qJ7qUUOBxwXQtLM_O1iqN07UqB65RiDKxw46AbQ7sifjlO00KH7SsGB4Ii19g\" target=\"_blank\">&#8222;USDA Announces Additional Steps to Stop African Swine Fever from Entering U.S.&#8221; w: americanagnetwork.com (7.03.19 r.)<\/a> Zobacz tak\u017ce: &#8222;<a rel=\"noreferrer noopener\" href=\"https:\/\/l.facebook.com\/l.php?u=https%3A%2F%2Fwww.agdaily.com%2Fnews%2Fusda-pledges-keep-african-swine-fever-us%2F%3Ffbclid%3DIwAR0e-xA_Qahv4NcaQmZWKt6v1FFgx3CIPIo_Pje1HtUkkoVcAOXRc846c_w&amp;h=AT1LUHQPvJPY7Te9y60RwLQNEieWhrKgDlF9bg0ai82-YAXz8KPy447Qj8TpfNVP6sXWpx31QHoRZ50P2CmxExrkyKaRzyZ5LzZkhi5zMcEB-Ek4vrjPmsaZxSOd2jNJKR7hxbEZXJil7eUv4tB4lA\" target=\"_blank\">USDA pledges to keep African swine fever out of the country&#8221; w: www.agdaily.com (7.03.19)<\/a><\/p>\n\n\n\n<p><strong>CHINY i USA<\/strong> Ameryka\u0144ska soja. Chiny zobowi\u0105za\u0142y si\u0119 do zakupu dodatkowych 10 milion\u00f3w ton ameryka\u0144skiej soi. Pod koniec lutego br. ameryka\u0144ski minister rolnictwa Sonny Perdue poda\u0142 tak\u0105 informacj\u0119 na Twitterze. Czy tak si\u0119 stanie? Spadek importu i wybuch ASF w Chinach spowodowa\u0142y obawy, \u017ce druga co do wielko\u015bci gospodarka na \u015bwiecie mo\u017ce nie by\u0107 w stanie spe\u0142ni\u0107 swoich obietnic. Pog\u0142owie trzody chlewnej w Chinach spad\u0142o o 13 procent w styczniu br. w por\u00f3wnaniu z tym samym miesi\u0105cem rok wcze\u015bniej, podczas gdy liczba loch hodowlanych spad\u0142a o 15 procent w por\u00f3wnaniu z rokiem poprzednim. USA i Chiny nadal negocjuj\u0105 umow\u0119 handlow\u0105. W ubieg\u0142ym roku chi\u0144ski import soi z USA osi\u0105gn\u0105\u0142 najni\u017cszy poziom od dekady. Jak podaje CNBC, w 2017 r. USA wyeksportowa\u0142y zbo\u017ca i soj\u0119 o warto\u015bci 40 miliard\u00f3w dolar\u00f3w, z czego Chiny stanowi\u0142y 15,5 miliarda dolar\u00f3w. Mimo zastrze\u017ce\u0144 analityk\u00f3w do chi\u0144skiego popytu na soj\u0119, Pekin w zesz\u0142ym tygodniu podni\u00f3s\u0142 swoj\u0105 prognoz\u0119 importu soi na rok uprawny 2018-2019 do 85 milion\u00f3w ton metrycznych &#8211; w por\u00f3wnaniu z poprzednimi 83,65 milionami ton w prognozie z poprzedniego miesi\u0105ca. Nast\u0105pi\u0142o to po zawieszeniu przez Chiny importu canoli z Kanady. Canola jest powszechn\u0105 alternatyw\u0105 dla soi. Info. za: <a rel=\"noreferrer noopener\" href=\"https:\/\/l.facebook.com\/l.php?u=https%3A%2F%2Fwww.cnbc.com%2F2019%2F03%2F12%2Fswine-flu-hurts-china-soybean-demand-raising-doubts-on-trade-promises.html%3Ffbclid%3DIwAR2zi9KjseJ-DxtfSbmhG-PZkJ4nlWYd1eqmoMbk3ANx8B1REeFG0wGn4Ng&amp;h=AT2KpN6njveXQp5kIshXg2EOh5elNrVG0HkQ4h7Pwq618lvoYH6Dh4YcQdi7_D6OTox1AO11gS0jPIkTxnQ2puLsYolfR0fm7idqDbscuJZm1q0K_Fd74y9e1CWctfzfvKZ_kdrKDbl1YNb1VFCuuQ\" target=\"_blank\">&#8222;China\u2019s soybean demand has been hit by swine fever, raising doubts about Beijing\u2019s trade promises&#8221; w: www.cnbc.com (12.03.19)<\/a> <\/p>\n\n\n\n<p><strong>USA<\/strong> W porcie w New Jersey przechwycono 1 milion funt\u00f3w chi\u0144skiej wieprzowiny z przemytu. Wzmo\u017cone kontrole przeprowadzane s\u0105 w obawie przed ska\u017ceniem wirusem ASF (za Reuters). Agenci celni znale\u017ali wieprzowin\u0119 w ponad 50 kontenerach. Akcje przeprowadzono z pomoc\u0105 specjalnie wyszkolonych ps\u00f3w. Info. za: <a rel=\"noreferrer noopener\" href=\"https:\/\/l.facebook.com\/l.php?u=https%3A%2F%2Fnewfoodeconomy.org%2Fnew-jersey-contraband-chinese-pork-african-swine-fever%2F%3Ffbclid%3DIwAR2PTQzQ9AC5Z6FTs37uWqePF_vDFbUyEHj1YbOK6IggCguS99S8xQQEOPU&amp;h=AT1-J3pG3VF4rhTXOuNI7S5tcTFTpCsauVDyqsWVx_B4BK7RJ2PP5QDdX8G1hvObMRGHlh-ybam-qUFPmk27_YFK3hW2eFpTOa-qOgtQMrW6v32owAFGvShFqnA1d2ijL6AiOKRH9GO7vSYOPOr9ig\" target=\"_blank\">&#8222;USDA seizes 1 million pounds of pork amid swine fever concerns&#8221; w: newfoodeconomy.org (19.03.19)<\/a><\/p>\n\n\n\n<p><strong>NORWEGIA \/ CHINY<\/strong> Podczas North Atlantic Seafood Forum, kt\u00f3re odby\u0142o si\u0119 w dniach 4-7 marca br. w Bergen w Norwegii, analityk holenderskiego Rabobank p. Gorjan Nikolik powiedzia\u0142, \u017ce owoce morza mog\u0105 by\u0107 beneficjentem zbli\u017caj\u0105cego si\u0119 du\u017cego spadku produkcji wieprzowiny z powodu wybuchu ASF w Chinach. Obecne prognozy dotycz\u0105ce mo\u017cliwego niedoboru bia\u0142ka w Chinach wahaj\u0105 si\u0119 od 2 milion\u00f3w do nawet 10 milion\u00f3w ton metrycznych z masowej produkcji wieprzowiny w tym kraju, wynosz\u0105cej od 50 do 60 milion\u00f3w ton metrycznych. Ceny m\u0105czki rybnej prawdopodobnie spadn\u0105. Co mo\u017ce prze\u0142o\u017cy\u0107 si\u0119 na korzy\u015bci na rynku ryb hodowlanych. W tek\u015bcie przeczytamy r\u00f3wnie\u017c, \u017ce przez wybuch ASF w Chinach, mog\u0105 ucierpie\u0107 targowiska, gdzie sprzedawano dotychczas mi\u0119dzy innymi \u015bwie\u017ce mi\u0119so wieprzowe. Kr\u00f3lowa\u0107 ma sprzeda\u017c detaliczna i paczkowana \u017cywno\u015b\u0107. Info. za: <a rel=\"noreferrer noopener\" href=\"https:\/\/l.facebook.com\/l.php?u=https%3A%2F%2Fwww.undercurrentnews.com%2F2019%2F03%2F20%2Fguolian-sees-african-swine-fever-outbreak-driving-china-fish-consumption%2F%3Ffbclid%3DIwAR0PdKcEq5-F6zMnxQkAvH5JkJ-m8RZ_GrZvuPZroYGlQPoDp_xhWrLKlOE&amp;h=AT0SHW4gQHytF0Dx24D9LxO8q3EMDbadCYM5aYsUzyaUZGWEBpQ15c1j7lNMTabtkWmjpnfAFtOYAXDgrarD7DqALlDOPs0p2zR2K4LK25aIiWEEG-8F05AyxR9ayv0oiRnfEyGKVh9VOBZSGeB68Q\" target=\"_blank\">&#8222;Guolian sees African swine fever outbreak driving China fish consumption&#8221; w: www.undercurrentnews.com (20.03.19)<\/a>  <\/p>\n\n\n\n<p><strong>KANADA<\/strong> importuje ekologiczn\u0105 \u015brut\u0119 sojow\u0105 z Chin na pasz\u0119 dla zwierz\u0105t. Je\u015bli producenci nadal u\u017cywaj\u0105 pasz o wysokim ryzyku, powinni podda\u0107 j\u0105 kwarantannie, aby zminimalizowa\u0107 ryzyko rozprzestrzeniania si\u0119 ASF. Pasza utrzymywana w temperaturze 20 stopni Celsjusza przez 20 dni prawdopodobnie zabije wirusa. Podczas Seminarium Wieprzowego Banff w 2019 r. Egan Brockhoff podzieli\u0142 si\u0119 swoimi spostrze\u017ceniami i przemy\u015bleniami w zwi\u0105zku ze swoj\u0105 podr\u00f3\u017c\u0105 do kraj\u00f3w, kt\u00f3re obecnie walcz\u0105 z ASF. Info. za: <a rel=\"noreferrer noopener\" href=\"https:\/\/l.facebook.com\/l.php?u=https%3A%2F%2Fwww.nationalhogfarmer.com%2Fagenda%2Fafrican-swine-fever-human-driven-disease%3Ffbclid%3DIwAR0xIzprmvoqRxlCfzgvRfegPX2gFPe3vz6AJcw0tv7aMc8LazMY3DVraFY&amp;h=AT02SNUqjQxu4HL5sRyONQv27PKEsWEBFjLZSEqEQJDoUNyGXlUSgT7sUeFF-Hv-ewXkk04jpfjbY7KvEQCwttzD5hVvksdEcBnAVnSXMYj3GD2EC3WBULAyS2kRXpzONU_jSIPFDXsjkjdYyjKNjw\" target=\"_blank\">&#8222;African swine fever: A human driven disease&#8221; w: nationalhogfarmer.com (11.01.19)<\/a><\/p>\n\n\n\n<p><strong>KANADA<\/strong> Pojawienie si\u0119 wirusa ASF w Kanadzie, to zagro\u017cenie dla ponad 100 000 miejsc pracy i mo\u017cliwe straty dla kanadyjskiej gospodarki na poziomie 24 miliard\u00f3w dolar\u00f3w kanadyjskich (dop. 1 DK \/ ok. 2,8 PLN &#8211; kurs 27.03.19). Kanapka z w\u0119dlin\u0105, a szerzej patrz\u0105c nielegalnie wwo\u017cona \u017cywno\u015b\u0107 do kraju, mo\u017ce stanowi\u0107 zagro\u017cenie. Kanadyjczycy wydadz\u0105 dodatkowe \u015brodki z bud\u017cetu federalnego na finansowanie ps\u00f3w detektor\u00f3w na lotniskach mi\u0119dzynarodowych. Producenci trzody chlewnej przyj\u0119li t\u0119 informacj\u0119 z zadowoleniem. Info. za: <a rel=\"noreferrer noopener\" href=\"https:\/\/l.facebook.com\/l.php?u=http%3A%2F%2Fwww.ontariopork.on.ca%2FCommunications%2FWhats-New%2Fcanadian-pork-producers-thankful-for-governments-efforts-to-prevent-african-swine-fever-from-impacting-the-industry%3Ffbclid%3DIwAR17l98g1MOYz3nJ03P03MGDqYWZzlWTcEXdP0xzYvMg2_Q4vGWDaLiYWPo&amp;h=AT0lO3DZCzcf3ImmFJ1FktAHzLAUwVpwTuhihQDhV4M_HbQAxBJ19dxZGm0oaru5jBAfI57u_CXFF0tohr_aJH39eJtvnMnhS2OOVpuc-_5GzKCn0wyH1p5GZ0BCUyFrXL-D2d7gft23oM_PibAR_g\" target=\"_blank\">&#8222;Canadian pork producers thankful for government\u2019s efforts to prevent African swine fever from impacting the industry&#8221; w: www.ontariopork.on.ca (15.03.19)<\/a> <\/p>\n\n\n\n<p><strong>WIETNAM<\/strong> ASF pojawi\u0142 si\u0119 w p\u00f3\u0142nocnych i centralnych regionach. Ly Van Huong, w\u0142a\u015bciciel farmy loch w prowincji Binh Thuan, powiedzia\u0142, \u017ce sprzedawa\u0142 oko\u0142o 1000 prosi\u0105t miesi\u0119cznie, ale teraz sprzeda\u017c spad\u0142a o 20 procent. Info. za: <a rel=\"noreferrer noopener\" href=\"https:\/\/l.facebook.com\/l.php?u=http%3A%2F%2Fbizhub.vn%2Fnews%2Fpig-supply-could-fall-as-african-swine-fever-takes-its-toll_304195.html%3Ffbclid%3DIwAR31LxlQRGqFEkLHmgezG5mZ2KqnwCGO_dddxHgYsZ2PAYgYEOCg_HahHak&amp;h=AT1cYsrxa-R5PIZw5ZOerhK4MAJEav0ya7T7AE8bekg6_9dVIV3gpCafDoco9BFiK8d6f-O2Gpud7DLQ_C-U4cGgoEf5L-S06jHOhGD6GSM7_GQnqpTVZpOq0AdEkfi-ZAaHeLu4q6x8dXKdXhGB0Q\" target=\"_blank\">&#8222;Pig supply could fall as African swine fever takes its toll&#8221; w: bizhub.vn (23.03.19)<\/a><\/p>\n\n\n\n<p><strong>WIETNAM \/ KAMBOD\u017bA<\/strong> Afryka\u0144ski pom\u00f3r \u015bwi\u0144 rozprzestrzeni\u0142 si\u0119 na cz\u0119\u015bci Wietnamu granicz\u0105ce z prowincjami Ratanakkiri i Kratie w Kambod\u017cy. W lutym Wietnam sta\u0142 si\u0119 trzecim krajem azjatyckim po Chinach i Mongolii, kt\u00f3re zg\u0142osi\u0142y ogniska afryka\u0144skiego pomoru \u015bwi\u0144. Chiny zabi\u0142y prawie 700 milion\u00f3w \u015bwi\u0144 w 2017 r. Choroba ASF dotkn\u0119\u0142a przemys\u0142 wieprzowiny w Wietnamie o warto\u015bci 10 miliard\u00f3w dolar\u00f3w i powa\u017cnie zagra\u017ca eksportowi \u015bwi\u0144 w przysz\u0142o\u015bci. Siedemna\u015bcie wietnamskich prowincji zg\u0142osi\u0142o epidemie, a Tajwan, Dubaj, USA i Wielka Brytania zakazuj\u0105 importu wieprzowiny z Wietnamu. \u0141amanie zakazu grozi wysokimi grzywnami, a nawet wi\u0119zieniem. W Kambo\u017cy powa\u017cnym problemem staje si\u0119 nielegalny import wieprzowiny z Wietnamu. Info. za: <a rel=\"noreferrer noopener\" href=\"https:\/\/l.facebook.com\/l.php?u=https%3A%2F%2Fwww.phnompenhpost.com%2Fnational%2Fafrican-swine-fever-spreads-vn-cambodia-border%3Ffbclid%3DIwAR0Q1ehvyIxqVJqYesDnqyeFsC4H550nXdN3Y0PJwOyPUdJKHlVfExq4Nq0&amp;h=AT0IeIuwEnj94mMnWzrQ4ldrq5TpFZxi4IpFd9P5SNOWNQmKS5V3rC6Q9XoD0xyCxUvDp8yuBMSGss_C59utp3-A2_WmWrqdrv710BRFIzlTUBOxKiMVziltabyp7nIdAYTgUb88t98cHHCUH5mCMg\" target=\"_blank\">&#8222;African swine fever spreads to VN-Cambodia border&#8221; w: www.phnompenhpost.com (18.03.19)<\/a> <\/p>\n\n\n\n<p><strong>TAJWAN<\/strong> Opakowanie z wieprzowym wontonem zosta\u0142o znalezione w koszu na \u015bmieci w Porcie Taipei. Badanie wskaza\u0142o pozytywny wynik na obecno\u015b\u0107 wirusa ASF. Jedzenie wyrzuci\u0142 pasa\u017cer, kt\u00f3ry dotar\u0142 do Taipei z Pingtan w chi\u0144skiej prowincji Fujian statkiem wycieczkowym 20 lutego br. Od pa\u017adziernika 2018 r. w Tajwanie wykryto 30 produkt\u00f3w wieprzowych z Chin zara\u017conych ASF, w tym jeden w pa\u017adzierniku, dwa w listopadzie, cztery w grudniu, 11 w styczniu, 11 w lutym i jeden w marcu br. Ca\u0142kowita liczba produkt\u00f3w, kt\u00f3re uzyska\u0142y pozytywny wynik na ASF na Tajwanie, ro\u015bnie co miesi\u0105c &#8211; powiedzia\u0142 Feng Hai-tung, szef Biura Inspekcji i Kwarantanny Zdrowia Zwierz\u0105t i Ro\u015blin COA (BAPHIQ). Info. za: <a rel=\"noreferrer noopener\" href=\"https:\/\/l.facebook.com\/l.php?u=http%3A%2F%2Ffocustaiwan.tw%2Fnews%2Fasoc%2F201903070019.aspx%3Ffbclid%3DIwAR0sGtMCarmw-HwMwkRR9mA9XManz1C7wKSFG9Arxn1093-I8Mo7hmkXAhc&amp;h=AT3rvnSgzd_s_ax_QO7pESXcFD_ffeH7oF6tOUg1xHDXDkZ0_ejsx6_Ph4FrpP2ROR3_XFtoS_xjKb2H11x6RNZCzxTHOX34s3ogXRuwzsAu2n3a6BQbOF2XyQ-yDWFTJ2G-HPgILQRsDQoUQMDIHA\" target=\"_blank\">&#8222;Another pork product from China tests positive for African swine fever&#8221; w: focustaiwan.tw (7.03.19)<\/a> <\/p>\n\n\n\n<p><strong>TAJWAN<\/strong> [zobacz FILM i ZNAKI] Znaki ostrzegawcze zwracaj\u0105ce uwag\u0119 na maksymaln\u0105 kar\u0119 w wysoko\u015bci 1 miliona dolar\u00f3w NT za nielegalne importowanie produkt\u00f3w mi\u0119snych s\u0105 wy\u015bwietlane na przeno\u015bniku baga\u017cu w Taiwan Taoyuan International Airport 14 stycznia w ramach rz\u0105dowych stara\u0144, aby zapobiec przedostaniu si\u0119 ASF do kraju. (CNA) Info. za: <a rel=\"noreferrer noopener\" href=\"https:\/\/l.facebook.com\/l.php?u=https%3A%2F%2Ftaiwantoday.tw%2Fnews.php%3Funit%3D2%252C6%252C10%252C15%252C18%26post%3D148991%26fbclid%3DIwAR1WLge88SF3jdCS7M4BvEv3cLYBGR0bGp8X6ptbZLE2_W8YiFutuUOFxmM&amp;h=AT0_OjfMTjBpVlkQ1k5FilpaqlpOPccvzb_frFPEz3lXoxE4TuTgwaw_XXUzd8VEdGz_K260s_mc7oJ61wHldzQJDc_U6UL2RS20tkyrKMGkkX2tDCzEzJPiLsbUeV_T6KNVHfSUMov6N6JXfwGZXQ\" target=\"_blank\">&#8222;Taiwan tightens border inspections against African swine fever&#8221; w: taiwantoday.tw (18.01.19)<\/a><\/p>\n\n\n\n<p><strong>FILIPINY<\/strong> Eugenio Mende, prezes Philippine Veterinary Drug Association, powiedzia\u0142, \u017ce choroba ASF mo\u017ce przedosta\u0107 si\u0119 do kraju przez siomai, pierogi i inn\u0105 przetworzon\u0105 \u017cywno\u015b\u0107 sprzedawan\u0105 przez chi\u0144skich i wietnamskich rybak\u00f3w swoim lokalnym odpowiednikom. Rosendo So, prezes Samahang Industriya ng Agrikultura, zaapelowa\u0142 w mi\u0119dzyczasie do rz\u0105du o na\u0142o\u017cenie tymczasowego zakazu importu wszystkich mi\u0119s, zw\u0142aszcza pochodz\u0105cych z Belgii i Polski. Info. za: <a rel=\"noreferrer noopener\" href=\"https:\/\/l.facebook.com\/l.php?u=https%3A%2F%2Fnews.abs-cbn.com%2Fnews%2F03%2F20%2F19%2Fafrican-swine-fever-may-enter-ph-through-dumplings-vet-warns%3Ffbclid%3DIwAR18xx04TqVOlyO6pSXZEKYVjZEoi4QU3wgKpFkUuFs9mV0_ZOA7LC-eDso&amp;h=AT2jaczAfPg4rRNdAUrrLf2Q_XPNxsqZUOBHPP5bosOBI5TxUYYa3YapEImA3y8tBtvWYxPxi2S2B8UMpvISxnHCKVmW-es0RJDjY0LDckU3C4NTHl-W84SSnAFsr-2KM597pjYwZLWCDtLTOLP4UQ\" target=\"_blank\">&#8222;African swine fever may enter PH through dumplings, vet warns&#8221; w: news.abs-cbn.com (20.03.19)<\/a><\/p>\n\n\n\n<p><strong>NOWA ZELANDIA \/ CHINY<\/strong> Znacznie ni\u017csza produkcja chi\u0144skiej wieprzowiny mia\u0142a pozostawi\u0107 luk\u0119 poda\u017cow\u0105, kt\u00f3ra musia\u0142aby zosta\u0107 wype\u0142niona przez inne mi\u0119sa, a eksporterzy wo\u0142owiny z Nowej Zelandii mieliby by\u0107 dobrze przygotowani do skorzystania z tej szansy. Info. za: <a rel=\"noreferrer noopener\" href=\"https:\/\/l.facebook.com\/l.php?u=https%3A%2F%2Fwww.nzherald.co.nz%2Fthe-country%2Fnews%2Farticle.cfm%3Fc_id%3D16%26objectid%3D12209929%26fbclid%3DIwAR0_GzUPLODQ1w0QnINk59bxZc8vnUo5FdtAVd8KIk5Qy_0ZA4RELYIvE-I&amp;h=AT1iIontTJGic586ZLJVjxoFGKj__gNs-c3cAz8I8yfNQBOhq9vCZwxU3NLNNUIgrfav6oxY9RGRUNR01Ds5pGH9_vVNHH5hg5IB6p979J7lrEq6PocMrD49eAPDr-zmQmYUOWFUI0gLOkVqcw918A\" target=\"_blank\">&#8222;Listen: How African swine fever could benefit our beef trade&#8221; w: www.nzherald.co.nz (6.03.19)<\/a> <\/p>\n\n\n\n<p><strong>AUSTRALIA<\/strong> ASF nigdy nie wyst\u0105pi\u0142 w Australii, a kraj jest wolny od pryszczycy od 1872 r. Zdaniem Ministerstwa Rolnictwa i Rozwoju Wsi wszyscy odgrywamy rol\u0119 w zapobieganiu egzotycznym chorobom, takim jak ASF i FMD, przybywaj\u0105cym do Australii &#8211; nawet je\u015bli nie jeste\u015bmy w\u0142a\u015bcicielami zwierz\u0105t gospodarskich lub nie pracujemy w ich pobli\u017cu. Info. za: <a rel=\"noreferrer noopener\" href=\"https:\/\/l.facebook.com\/l.php?u=http%3A%2F%2Fwww.agriculture.gov.au%2Fpests-diseases-weeds%2Fanimal%2Fasf%3Ffbclid%3DIwAR3fOfJ8xEJ1yGXaVjSpZ9_LqCP06ygkaR3sCXCB-8ZC2vB9_5fu6g7k7iA&amp;h=AT1gKXbMyE4vyBMUyblXNL9W72imkg1sMUKGbJmddpdvD61DMKHW768VpJMfbxO_GnR_MyDdDAv03sX460XPzl4f43lI2KQXhXrVxUpfOrSktsWyGsqBV46kPvHQ9tL6uFd_yehu2STuh0-oHokzBw\" target=\"_blank\">&#8222;Keeping African swine fever and foot-and-mouth disease out of Australia&#8221; w: www.agriculture.gov.au (ost. akt. 28.02.19)<\/a> <\/p>\n\n\n\n<p><strong>AZJA \/ MONGOLIA<\/strong> \u017baden kraj nie mo\u017ce sobie pozwoli\u0107 na iluzj\u0119, \u017ce mo\u017ce odizolowa\u0107 si\u0119 od regionalnej dynamiki poruszania si\u0119 tego wirusa &#8211; powiedzia\u0142 Dirk Pfeiffer, profesor w Katedrze Chor\u00f3b Zaka\u017anych i Zdrowia Publicznego na Uniwersytecie Miejskim w Hongkongu (&#8230;) Fakt, \u017ce Mongolia ma nisk\u0105 g\u0119sto\u015b\u0107 populacji \u015bwi\u0144 jeszcze bardziej wzmacnia hipotez\u0119 o powszechnym geograficznym wyst\u0119powaniu ASF. Info. za: <a rel=\"noreferrer noopener\" href=\"https:\/\/l.facebook.com\/l.php?u=https%3A%2F%2Fwww.bloomberg.com%2Fnews%2Farticles%2F2019-01-16%2Fhogs-on-alert-in-asia-as-african-swine-fever-spreads-to-mongolia%3Ffbclid%3DIwAR33W3LB1tmd73qUiWEFTDLcClAGUE2r4XPIIyMlzY_rmAE6LXsBVxmU6Ew&amp;h=AT1QHpN9rBIoX5r2iKliSbIleJLA8bqkaYOaPdXWXVsfbf-hKAj_V_p14-Xr78qHcf6GIyeoeMoy4VRg4YBsULExVP8utT6uwC47Y6o6YAnlXpQVBhJFJTnJ-aHLz9GA_Pq-zv92ANXKhS9ZCwefRg\" target=\"_blank\">&#8222;African Swine Fever Spreads to Mongolia&#8221; w: bloomberg.com (16.01.19)<\/a> <\/p>\n\n\n\n<p><strong>JAPONIA<\/strong> Japo\u0144skie ministerstwo rolnictwa ostrzeg\u0142o, \u017ce istnieje mo\u017cliwo\u015b\u0107, \u017ce afryka\u0144ski pom\u00f3r \u015bwi\u0144 mo\u017ce dotrze\u0107 do Japonii. Ministerstwo zwi\u0119ksza liczb\u0119 oficer\u00f3w kwarantanny dla zwierz\u0105t i ps\u00f3w tropi\u0105cych na lotniskach, staraj\u0105c si\u0119 utrzyma\u0107 \u015bmierteln\u0105 chorob\u0119 poza granicami kraju. Info. za: <a rel=\"noreferrer noopener\" href=\"https:\/\/l.facebook.com\/l.php?u=https%3A%2F%2Fwww3.nhk.or.jp%2Fnhkworld%2Fen%2Fnews%2F20190303_08%2F%3Ffbclid%3DIwAR1VHA9oN3WhdrJ-xgrSz75sHeRjOvWZAkEWjeFUvPW2E7UFEmAsedw5YX8&amp;h=AT3RH9pby0WOJGW6HegpT3WgDyTg3Zj_FyRXdLdmGSyJrEj8qx1PKt7-5WVf-B4Mi0siNvhGeOvnhmjRC3zE7cEymA6StwPimt9jmRa1epZu9d89rrmrtpGOV0yKHLLxjVk6f3XXbIVqudSpNR8Kzw\" target=\"_blank\">&#8222;African swine fever spreads in Asia&#8221; w: www3.nhk.or.jp (3.03.19)<\/a> <\/p>\n\n\n\n<p><strong>JAPONIA<\/strong> &#8222;\u015awiatowa Organizacja Zdrowia Zwierz\u0105t OIE oraz ministerstwo rolnictwa Japonii potwierdzi\u0142y wyst\u0119powanie klasycznego pomoru \u015bwi\u0144 w Japonii w 10 gospodarstwach zajmuj\u0105cych si\u0119 hodowl\u0105 trzody chlewnej. Klasyczny pom\u00f3r \u015bwi\u0144 (CSF), jak podaje portal 3trzy3, zosta\u0142 ju\u017c wykryty w prefekturach miejskich Gifu, Aichi, Nagano, Shiga i Osaka.&#8221; Info. za: <a rel=\"noreferrer noopener\" href=\"https:\/\/www.agropolska.pl\/produkcja-zwierzeca\/trzoda-chlewna\/swinie-masowo-wybijane-w-japonii-z-powodu-pomoru,1800.html?fbclid=IwAR3gge3eN8nGKmcp7YC0t31vwK2knJMImFofS9UAGPjeFp_e-h-zxu4EGDs\" target=\"_blank\">&#8222;\u015awinie masowo wybijane w Japonii z powodu pomoru&#8221; w: agropolska.pl <\/a><a rel=\"noreferrer noopener\" href=\"https:\/\/l.facebook.com\/l.php?u=https%3A%2F%2Fwww.agropolska.pl%2Fprodukcja-zwierzeca%2Ftrzoda-chlewna%2Fswinie-masowo-wybijane-w-japonii-z-powodu-pomoru%2C1800.html%3Ffbclid%3DIwAR3GwTEgmlkbSDezdv4e9L2SIoNvkLVAKgwZliRp4fC7bV4o0Dqh0Cey-DI&amp;h=AT1gj4GZ_mKyLEa5jh8WmBvmPO97ANm8SShrSFCcrXrQn0JKIbiA5DTj9zv0wYZ4jbyvApvJhYy0ho9itBi7KPAxs42vTJxyQKv1WV2JtcKGOCPCMjKLPoZ_2V6EmpShOGhcB6Kr8DnaKaEnkcxKJQ\" target=\"_blank\">(19.03.19)<\/a><\/p>\n\n\n\n<p><strong>*** <\/strong><br>Opracowanie: <a rel=\"noreferrer noopener\" href=\"https:\/\/www.facebook.com\/hashtag\/solidarno%C5%9B%C4%87ri?source=note&amp;epa=HASHTAG\" target=\"_blank\">#Solidarno\u015b\u0107RI<\/a><br>NSZZ Rolnik\u00f3w Indywidualnych \u201cSolidarno\u015b\u0107\u201d<br>Pomorze Zachodnie <br>Kontakt: protestrolnikow@gmail.com <\/p>\n\n\n\n<p>Fot. domena publiczna<\/p>\n","protected":false},"excerpt":{"rendered":"<p>ROLNICZY RAPORT ASF &#8211; to przegl\u0105d informacji zwi\u0105zanych z sytuacj\u0105 producent\u00f3w trzody chlewnej opracowywany przez NSZZ Rolnik\u00f3w Indywidualnych na Pomorzu Zachodnim. Zapraszamy do wsp\u00f3\u0142tworzenia raportu&#8230;<\/p>\n","protected":false},"author":2,"featured_media":76,"comment_status":"closed","ping_status":"closed","sticky":false,"template":"","format":"standard","meta":[],"categories":[23],"tags":[31,32,30],"_links":{"self":[{"href":"https:\/\/pracanaroli.pl\/index.php\/wp-json\/wp\/v2\/posts\/97"}],"collection":[{"href":"https:\/\/pracanaroli.pl\/index.php\/wp-json\/wp\/v2\/posts"}],"about":[{"href":"https:\/\/pracanaroli.pl\/index.php\/wp-json\/wp\/v2\/types\/post"}],"author":[{"embeddable":true,"href":"https:\/\/pracanaroli.pl\/index.php\/wp-json\/wp\/v2\/users\/2"}],"replies":[{"embeddable":true,"href":"https:\/\/pracanaroli.pl\/index.php\/wp-json\/wp\/v2\/comments?post=97"}],"version-history":[{"count":5,"href":"https:\/\/pracanaroli.pl\/index.php\/wp-json\/wp\/v2\/posts\/97\/revisions"}],"predecessor-version":[{"id":103,"href":"https:\/\/pracanaroli.pl\/index.php\/wp-json\/wp\/v2\/posts\/97\/revisions\/103"}],"wp:featuredmedia":[{"embeddable":true,"href":"https:\/\/pracanaroli.pl\/index.php\/wp-json\/wp\/v2\/media\/76"}],"wp:attachment":[{"href":"https:\/\/pracanaroli.pl\/index.php\/wp-json\/wp\/v2\/media?parent=97"}],"wp:term":[{"taxonomy":"category","embeddable":true,"href":"https:\/\/pracanaroli.pl\/index.php\/wp-json\/wp\/v2\/categories?post=97"},{"taxonomy":"post_tag","embeddable":true,"href":"https:\/\/pracanaroli.pl\/index.php\/wp-json\/wp\/v2\/tags?post=97"}],"curies":[{"name":"wp","href":"https:\/\/api.w.org\/{rel}","templated":true}]}}