{"id":936,"date":"2020-04-14T17:01:54","date_gmt":"2020-04-14T15:01:54","guid":{"rendered":"http:\/\/pracanaroli.pl\/?p=936"},"modified":"2020-04-14T17:02:54","modified_gmt":"2020-04-14T15:02:54","slug":"14-04-20-opolskierol-prosba-do-69-gmin-akcja-kupuje-od-rolnika","status":"publish","type":"post","link":"https:\/\/pracanaroli.pl\/index.php\/2020\/04\/14\/14-04-20-opolskierol-prosba-do-69-gmin-akcja-kupuje-od-rolnika\/","title":{"rendered":"[14.04.20] #OpolskieROL pro\u015bba do 69 gmin \u2013 akcja KUPUJ\u0118 OD ROLNIKA"},"content":{"rendered":"\n<p><strong>Przewodnicz\u0105cy Opolskiej Rady Wojew\u00f3dzkiej NSZZ Rolnik\u00f3w Indywidualnych \u201eSolidarno\u015b\u0107\u201d Tomasz Ognisty zwr\u00f3ci\u0142 si\u0119 do 69 gmin wojew\u00f3dztwa opolskiego z pro\u015bb\u0105 o w\u0142\u0105czenie si\u0119 do akcji \u201e#Polska\u017bywno\u015b\u0107 KUPUJ\u0118 od ROLNIKA \u2013 m\u00f3j rolnik moja strawa\u201d.<\/strong><\/p>\n\n\n\n<p><em>Za po\u015brednictwem samorz\u0105dowych stron w mediach spo\u0142eczno\u015bciowych oraz stron WWW mo\u017cna wspiera\u0107, w znacz\u0105cy spos\u00f3b, rolnik\u00f3w i ogrodnik\u00f3w z terenu Pa\u0144stwa gminy. \u2013\u00a0<\/em>czytamy w mailu wys\u0142anym do samorz\u0105d\u00f3w (14.04.20). Dzia\u0142anie realizowane jest tak\u017ce w wojew\u00f3dztwie zachodniopomorskim (pro\u015bba do 111 gmin). <\/p>\n\n\n\n<p>Akcja \u201e#Polska\u017bywno\u015b\u0107 KUPUJ\u0118 od ROLNIKA \u2013 m\u00f3j rolnik moja strawa\u201d opiera si\u0119 na publikacji w Sieci wykazu gospodarstw zainteresowanych wsp\u00f3\u0142prac\u0105. Wykaz zawiera nazw\u0119 gospodarstwa, numer telefonu oraz informacj\u0119 o oferowanych produktach. Oczywi\u015bcie lista jest aktualizowana przez urz\u0105d gminy. Reszt\u0119 pozostawiamy zainteresowanym. Inspiracj\u0105 dla dzia\u0142ania, w ramach projektu, jest aktywno\u015b\u0107 Urz\u0119du Miejskiego w Nasielsku. Gmina opublikowa\u0142a wykaz gospodarstw na swojej stronie. Akcja cieszy si\u0119 du\u017cym zainteresowaniem.<\/p>\n\n\n\n<p>W imieniu Opolskiej Rady Wojew\u00f3dzkiej NSZZ Rolnik\u00f3w Indywidualnych \u201eSolidarno\u015b\u0107\u201d Tomasz Ognisty poprosi\u0142 r\u00f3wnie\u017c o umo\u017cliwienie sprzeda\u017cy w ramach miejskich i gminnych targowisk i bazar\u00f3w, przy jednoczesnym zwolnieniu z op\u0142at targowych.<\/p>\n\n\n\n<p>W mailu zwr\u00f3cono uwag\u0119 samorz\u0105dowc\u00f3w na nast\u0119puj\u0105ce informacje:<\/p>\n\n\n\n<p>Strona WWW Ministerstwa Rolnictwa i Rozwoju Wsi [25.03.2020]:<br><a href=\"https:\/\/www.gov.pl\/web\/rolnictwo\/nie-zamykajmy-targowisk-i-bazarow--apel-ministra-rolnictwa-do-samorzadow\">\u201eNie zamykajmy targowisk i bazar\u00f3w \u2013 apel ministra rolnictwa do samorz\u0105d\u00f3w\u201d<\/a><br><\/p>\n\n\n\n<p>Strona WWW G\u0142\u00f3wnego Inspektora Sanitarnego [25.03.2020]<br><a href=\"https:\/\/gis.gov.pl\/aktualnosci\/targowiska-bazary-na-ktorych-sprzedawana-jest-zywnosc-zalecane-dzialania-zapobiegajace-zagrozeniu-epidemiologicznemu-covid-19-koronawirus\/\">\u201eTargowiska, bazary, na kt\u00f3rych sprzedawana jest \u017cywno\u015b\u0107 \u2013 zalecane dzia\u0142ania zapobiegaj\u0105ce zagro\u017ceniu epidemiologicznemu COVID- 19 (koronawirus)\u201d<\/a><\/p>\n\n\n\n<p>Red.<br><\/p>\n","protected":false},"excerpt":{"rendered":"<p>Przewodnicz\u0105cy Opolskiej Rady Wojew\u00f3dzkiej NSZZ Rolnik\u00f3w Indywidualnych \u201eSolidarno\u015b\u0107\u201d Tomasz Ognisty zwr\u00f3ci\u0142 si\u0119 do 69 gmin wojew\u00f3dztwa opolskiego z pro\u015bb\u0105 o w\u0142\u0105czenie si\u0119 do akcji \u201e#Polska\u017bywno\u015b\u0107&#8230;<\/p>\n","protected":false},"author":2,"featured_media":931,"comment_status":"closed","ping_status":"closed","sticky":false,"template":"","format":"standard","meta":[],"categories":[142,25],"tags":[85,160,161,159,50],"_links":{"self":[{"href":"https:\/\/pracanaroli.pl\/index.php\/wp-json\/wp\/v2\/posts\/936"}],"collection":[{"href":"https:\/\/pracanaroli.pl\/index.php\/wp-json\/wp\/v2\/posts"}],"about":[{"href":"https:\/\/pracanaroli.pl\/index.php\/wp-json\/wp\/v2\/types\/post"}],"author":[{"embeddable":true,"href":"https:\/\/pracanaroli.pl\/index.php\/wp-json\/wp\/v2\/users\/2"}],"replies":[{"embeddable":true,"href":"https:\/\/pracanaroli.pl\/index.php\/wp-json\/wp\/v2\/comments?post=936"}],"version-history":[{"count":2,"href":"https:\/\/pracanaroli.pl\/index.php\/wp-json\/wp\/v2\/posts\/936\/revisions"}],"predecessor-version":[{"id":938,"href":"https:\/\/pracanaroli.pl\/index.php\/wp-json\/wp\/v2\/posts\/936\/revisions\/938"}],"wp:featuredmedia":[{"embeddable":true,"href":"https:\/\/pracanaroli.pl\/index.php\/wp-json\/wp\/v2\/media\/931"}],"wp:attachment":[{"href":"https:\/\/pracanaroli.pl\/index.php\/wp-json\/wp\/v2\/media?parent=936"}],"wp:term":[{"taxonomy":"category","embeddable":true,"href":"https:\/\/pracanaroli.pl\/index.php\/wp-json\/wp\/v2\/categories?post=936"},{"taxonomy":"post_tag","embeddable":true,"href":"https:\/\/pracanaroli.pl\/index.php\/wp-json\/wp\/v2\/tags?post=936"}],"curies":[{"name":"wp","href":"https:\/\/api.w.org\/{rel}","templated":true}]}}