{"id":927,"date":"2020-04-10T20:48:17","date_gmt":"2020-04-10T18:48:17","guid":{"rendered":"http:\/\/pracanaroli.pl\/?p=927"},"modified":"2020-04-10T20:48:19","modified_gmt":"2020-04-10T18:48:19","slug":"wesolych-swiat","status":"publish","type":"post","link":"https:\/\/pracanaroli.pl\/index.php\/2020\/04\/10\/wesolych-swiat\/","title":{"rendered":"Weso\u0142ych \u015awi\u0105t"},"content":{"rendered":"\n<p><strong>Cytaty, kt\u00f3re mog\u0105 podnie\u015b\u0107 Ci\u0119 na duchu:<\/strong><\/p>\n\n\n\n<p>1. &#8222;Chocia\u017cbym chodzi\u0142 ciemn\u0105 dolin\u0105, z\u0142a si\u0119 nie ul\u0119kn\u0119, bo Ty jeste\u015b ze mn\u0105&#8221; (Ps 23, 4a)<\/p>\n\n\n\n<p>2. &#8222;O nic si\u0119 ju\u017c zbytnio nie troskajcie, ale w ka\u017cdej sprawie wasze pro\u015bby przedstawiajcie Bogu w modlitwie i b\u0142aganiu z dzi\u0119kczynieniem! A pok\u00f3j Bo\u017cy, kt\u00f3ry przewy\u017csza wszelki umys\u0142, b\u0119dzie strzeg\u0142 waszych serc i my\u015bli w Chrystusie Jezusie&#8221; (Flp 4, 6-7)<\/p>\n\n\n\n<p>3. &#8222;Przyjd\u017acie do Mnie wszyscy, kt\u00f3rzy utrudzeni i obci\u0105\u017ceni jeste\u015bcie, a Ja was pokrzepi\u0119&#8221; (Mt 11, 28)<\/p>\n\n\n\n<p>4. &#8222;Wszystkie troski wasze przerzu\u0107cie na Niego, gdy\u017c Jemu zale\u017cy na was&#8221; (1 P 5, 7)<\/p>\n\n\n\n<p>5.&nbsp;&#8222;(&#8230;) lecz ci, co zaufali Panu, odzyskuj\u0105 si\u0142y, otrzymuj\u0105 skrzyd\u0142a jak or\u0142y: biegn\u0105 bez zm\u0119czenia, bez znu\u017cenia id\u0105&#8221; (Iz 40, 31)<\/p>\n\n\n\n<p>6.&nbsp;&#8222;Czy\u017c ci nie rozkaza\u0142em: B\u0105d\u017a m\u0119\u017cny i mocny? Nie b\u00f3j si\u0119 i nie l\u0119kaj, poniewa\u017c z tob\u0105 jest Pan, B\u00f3g tw\u00f3j, wsz\u0119dzie, gdziekolwiek p\u00f3jdziesz&#8221; (Joz 1, 9)<\/p>\n\n\n\n<p>7. &#8222;B\u0105d\u017a m\u0119\u017cny i mocny, nie l\u0119kaj si\u0119, nie b\u00f3j si\u0119 ich, gdy\u017c Pan, B\u00f3g tw\u00f3j, idzie z tob\u0105, nie opu\u015bci ci\u0119 i nie porzuci&#8221; (Pwt 31, 6)<\/p>\n\n\n\n<p>8. &#8222;A jednak, Panie, Ty, jeste\u015b dla mnie tarcz\u0105, Ty\u015b chwa\u0142\u0105 moj\u0105 i Ty mi g\u0142ow\u0119 podnosisz&#8221; (Ps 3, 4)<\/p>\n\n\n\n<p>9. &#8222;Dzi\u0119kuj\u0119 Ci, \u017ce mnie stworzy\u0142e\u015b tak cudownie, godne podziwu s\u0105 Twoje dzie\u0142a&#8221; (Ps 139, 14)<\/p>\n\n\n\n<p>10. &#8222;Bo g\u00f3ry mog\u0105 ust\u0105pi\u0107 i pag\u00f3rki si\u0119 zachwia\u0107, ale mi\u0142o\u015b\u0107 moja nie odst\u0105pi od ciebie i nie zachwieje si\u0119 moje przymierze pokoju, m\u00f3wi Pan, kt\u00f3ry ma lito\u015b\u0107 nad tob\u0105&#8221; (Iz 54, 10)<\/p>\n\n\n\n<p><a href=\"https:\/\/deon.pl\/wiara\/duchowosc\/te-cytaty-z-pisma-swietego-podniosa-cie-na-duchu,492579\">\u0179r\u00f3d\u0142o<\/a><\/p>\n","protected":false},"excerpt":{"rendered":"<p>Cytaty, kt\u00f3re mog\u0105 podnie\u015b\u0107 Ci\u0119 na duchu: 1. &#8222;Chocia\u017cbym chodzi\u0142 ciemn\u0105 dolin\u0105, z\u0142a si\u0119 nie ul\u0119kn\u0119, bo Ty jeste\u015b ze mn\u0105&#8221; (Ps 23, 4a) 2.&#8230;<\/p>\n","protected":false},"author":2,"featured_media":928,"comment_status":"closed","ping_status":"closed","sticky":false,"template":"","format":"standard","meta":[],"categories":[25],"tags":[85],"_links":{"self":[{"href":"https:\/\/pracanaroli.pl\/index.php\/wp-json\/wp\/v2\/posts\/927"}],"collection":[{"href":"https:\/\/pracanaroli.pl\/index.php\/wp-json\/wp\/v2\/posts"}],"about":[{"href":"https:\/\/pracanaroli.pl\/index.php\/wp-json\/wp\/v2\/types\/post"}],"author":[{"embeddable":true,"href":"https:\/\/pracanaroli.pl\/index.php\/wp-json\/wp\/v2\/users\/2"}],"replies":[{"embeddable":true,"href":"https:\/\/pracanaroli.pl\/index.php\/wp-json\/wp\/v2\/comments?post=927"}],"version-history":[{"count":1,"href":"https:\/\/pracanaroli.pl\/index.php\/wp-json\/wp\/v2\/posts\/927\/revisions"}],"predecessor-version":[{"id":929,"href":"https:\/\/pracanaroli.pl\/index.php\/wp-json\/wp\/v2\/posts\/927\/revisions\/929"}],"wp:featuredmedia":[{"embeddable":true,"href":"https:\/\/pracanaroli.pl\/index.php\/wp-json\/wp\/v2\/media\/928"}],"wp:attachment":[{"href":"https:\/\/pracanaroli.pl\/index.php\/wp-json\/wp\/v2\/media?parent=927"}],"wp:term":[{"taxonomy":"category","embeddable":true,"href":"https:\/\/pracanaroli.pl\/index.php\/wp-json\/wp\/v2\/categories?post=927"},{"taxonomy":"post_tag","embeddable":true,"href":"https:\/\/pracanaroli.pl\/index.php\/wp-json\/wp\/v2\/tags?post=927"}],"curies":[{"name":"wp","href":"https:\/\/api.w.org\/{rel}","templated":true}]}}