{"id":919,"date":"2020-04-10T19:59:09","date_gmt":"2020-04-10T17:59:09","guid":{"rendered":"http:\/\/pracanaroli.pl\/?p=919"},"modified":"2020-04-10T19:59:11","modified_gmt":"2020-04-10T17:59:11","slug":"10-04-20-mrirw-wsparcie-dla-gospodarstw-rolnych-w-czasie-epidemii","status":"publish","type":"post","link":"https:\/\/pracanaroli.pl\/index.php\/2020\/04\/10\/10-04-20-mrirw-wsparcie-dla-gospodarstw-rolnych-w-czasie-epidemii\/","title":{"rendered":"[10.04.20] MRiRW: Wsparcie dla gospodarstw rolnych w czasie epidemii"},"content":{"rendered":"\n<p>Informacja MRiRW z dnia 10.04.2020 r. \u0179r\u00f3d\u0142o: <a href=\"https:\/\/www.gov.pl\/web\/rolnictwo\/wsparcie-dla-gospodarstw-rolnych-w-czasie-epidemii\">MRiRW<\/a><\/p>\n\n\n\n<p><strong>\u2013 W bardzo trudnej sytuacji, w jakiej znalaz\u0142 si\u0119 praktycznie ca\u0142y \u015bwiat, na pierwszym miejscu znajduje si\u0119 walka o zdrowie i \u017cycie ludzi. Epidemia wp\u0142ywa r\u00f3wnie\u017c na sytuacj\u0119 ekonomiczn\u0105. Trudno\u015bci dotykaj\u0105 wszystkie sektory. Dotyczy to tak\u017ce rolnictwa. Niestety wcze\u015bniej zaplanowane wydatki b\u0119d\u0105 musia\u0142y poczeka\u0107 \u2013 powiedzia\u0142 dzi\u015b minister rolnictwa i rozwoju wsi Jan Krzysztof Ardanowski i poinformowa\u0142 o podejmowanych dzia\u0142aniach.<\/strong><\/p>\n\n\n\n<p><strong>Prowadzone s\u0105 bardzo zaawansowane rozmowy z Komisj\u0105 Europejsk\u0105, aby niewykorzystane do tej pory \u015brodki z PROW 2014-2020 przesun\u0105\u0107, nie na inwestycje &#8211; jak by\u0142o to zaplanowane 7 lat temu, tylko na bezpo\u015brednie wsparcie dla gospodarstw.<\/strong><\/p>\n\n\n\n<p>Tydzie\u0144 temu zosta\u0142 uruchomiony bardzo du\u017cy kredyt obrotowy, tzw. kl\u0119skowy &#8211; w wysoko\u015bci 1 mld z\u0142otych.<\/p>\n\n\n\n<p>\u2013 Ci wszyscy, kt\u00f3rzy mieli oszacowane kl\u0119ski mog\u0105 uzyska\u0107 bardzo nisko oprocentowany kredyt na 100 proc. strat, rozliczany w 50 proc. fakturami od czasu wyst\u0105pienia tej kl\u0119ski, czyli zaleg\u0142e faktury na \u015brodki do produkcji b\u0119d\u0105 uwzgl\u0119dnione \u2013 podkre\u015bli\u0142 minister.<\/p>\n\n\n\n<p>Jak doda\u0142 minister, je\u017celi w ci\u0105gu kilkunastu dni oka\u017ce si\u0119, \u017ce zainteresowanie tym kredytem jest bardzo du\u017ce, to pula \u015brodk\u00f3w zostanie zwi\u0119kszona do 2 mld z\u0142.<\/p>\n\n\n\n<p>Uruchomiony zosta\u0142 r\u00f3wnie\u017c preferencyjny kredyt kl\u0119skowy &#8211; inwestycyjny, dla tych rolnik\u00f3w kt\u00f3rzy czuj\u0105 si\u0119 na si\u0142ach realizowa\u0107 inwestycje. Ta akcja kredytowa opiewa na 0,5 mld z\u0142otych.<\/p>\n\n\n\n<p>\u2013 Pod koniec kwietnia, po uzgodnieniach z Komisj\u0105 Europejsk\u0105, a s\u0105dz\u0119, \u017ce b\u0119dzie to pozytywna decyzja, uruchomimy kredyt obrotowy ju\u017c dla wszystkich rolnik\u00f3w, nie tylko tych, kt\u00f3rzy obj\u0119ci byli kl\u0119sk\u0105. Wysoko\u015b\u0107 \u015brodk\u00f3w, kt\u00f3re b\u0119d\u0105 uruchamiane dla gospodarstw, to ponad 1 mld z\u0142otych z dotacj\u0105 ze \u015brodk\u00f3w UE, a realizowanej przez Bank Gospodarstwa Krajowego \u2013 zapowiedzia\u0142 minister Ardanowski.<\/p>\n\n\n\n<p><strong>Szef resortu rolnictwa poinformowa\u0142 r\u00f3wnie\u017c, \u017ce w ci\u0105gu najbli\u017cszych dw\u00f3ch tygodni powinno zako\u0144czy\u0107 si\u0119 wyp\u0142acanie \u015brodk\u00f3w w ramach dop\u0142at bezpo\u015brednich. Do tej pory zrealizowanych zosta\u0142o ju\u017c ponad 96 proc. wyp\u0142at. Ponadto zrealizowano w ok. 50 proc. wyp\u0142at\u0119 \u015brodk\u00f3w na zakup materia\u0142u siewnego, a reszta zostanie wyp\u0142acona w pierwszym tygodniu po \u015bwi\u0119tach.<\/strong><\/p>\n\n\n\n<p>\u2013 W odniesieniu do bezpo\u015bredniej pomocy suszowej Rada Ministr\u00f3w podj\u0119\u0142a decyzj\u0119, \u017ce w pierwszych dniach po \u015bwi\u0119tach zostanie wyp\u0142aconych 278 mln z\u0142otych, kt\u00f3re dotr\u0105 do 90 tysi\u0119cy rolnik\u00f3w. Wi\u0119kszym gospodarstwom zostanie wyp\u0142acona cz\u0119\u015b\u0107 \u015brodk\u00f3w. Na pozosta\u0142\u0105 b\u0119d\u0105 musieli zaczeka\u0107. Niestety konsekwencje koronawirusa ponosimy wszyscy \u2013 powiedzia\u0142 minister rolnictwa i rozwoju wsi.<\/p>\n\n\n\n<p>Jak doda\u0142 minister Ardanowski te \u015brodki nie przepadaj\u0105 lecz b\u0119d\u0105 wyp\u0142acone w p\u00f3\u017aniejszym czasie.<\/p>\n\n\n\n<p>Polska, jako jedyny kraj w Europie, stosuje bezpo\u015bredni\u0105 pomoc suszow\u0105. Takiego wsparcia nie maj\u0105 rolnicy w innych krajach UE.<\/p>\n\n\n\n<p>Graf. MRiRW <\/p>\n","protected":false},"excerpt":{"rendered":"<p>Informacja MRiRW z dnia 10.04.2020 r. \u0179r\u00f3d\u0142o: MRiRW \u2013 W bardzo trudnej sytuacji, w jakiej znalaz\u0142 si\u0119 praktycznie ca\u0142y \u015bwiat, na pierwszym miejscu znajduje si\u0119&#8230;<\/p>\n","protected":false},"author":2,"featured_media":920,"comment_status":"closed","ping_status":"closed","sticky":false,"template":"","format":"standard","meta":[],"categories":[142],"tags":[93],"_links":{"self":[{"href":"https:\/\/pracanaroli.pl\/index.php\/wp-json\/wp\/v2\/posts\/919"}],"collection":[{"href":"https:\/\/pracanaroli.pl\/index.php\/wp-json\/wp\/v2\/posts"}],"about":[{"href":"https:\/\/pracanaroli.pl\/index.php\/wp-json\/wp\/v2\/types\/post"}],"author":[{"embeddable":true,"href":"https:\/\/pracanaroli.pl\/index.php\/wp-json\/wp\/v2\/users\/2"}],"replies":[{"embeddable":true,"href":"https:\/\/pracanaroli.pl\/index.php\/wp-json\/wp\/v2\/comments?post=919"}],"version-history":[{"count":1,"href":"https:\/\/pracanaroli.pl\/index.php\/wp-json\/wp\/v2\/posts\/919\/revisions"}],"predecessor-version":[{"id":921,"href":"https:\/\/pracanaroli.pl\/index.php\/wp-json\/wp\/v2\/posts\/919\/revisions\/921"}],"wp:featuredmedia":[{"embeddable":true,"href":"https:\/\/pracanaroli.pl\/index.php\/wp-json\/wp\/v2\/media\/920"}],"wp:attachment":[{"href":"https:\/\/pracanaroli.pl\/index.php\/wp-json\/wp\/v2\/media?parent=919"}],"wp:term":[{"taxonomy":"category","embeddable":true,"href":"https:\/\/pracanaroli.pl\/index.php\/wp-json\/wp\/v2\/categories?post=919"},{"taxonomy":"post_tag","embeddable":true,"href":"https:\/\/pracanaroli.pl\/index.php\/wp-json\/wp\/v2\/tags?post=919"}],"curies":[{"name":"wp","href":"https:\/\/api.w.org\/{rel}","templated":true}]}}