{"id":906,"date":"2020-04-03T09:38:14","date_gmt":"2020-04-03T07:38:14","guid":{"rendered":"http:\/\/pracanaroli.pl\/?p=906"},"modified":"2020-04-04T18:38:01","modified_gmt":"2020-04-04T16:38:01","slug":"zapasy-paszy-skonczyly-sie-w-2018-roku-dzien-z-zycia-rolnika-3-04-20-r","status":"publish","type":"post","link":"https:\/\/pracanaroli.pl\/index.php\/2020\/04\/03\/zapasy-paszy-skonczyly-sie-w-2018-roku-dzien-z-zycia-rolnika-3-04-20-r\/","title":{"rendered":"Zapasy paszy sko\u0144czy\u0142y si\u0119 w 2018 roku &#8211; dzie\u0144 z \u017cycia rolnika 3.04.20 r."},"content":{"rendered":"\n<p><strong>Pi\u0105tek, 3.04.2020 r. Kolejny dzie\u0144. Gdyby nie zwierz\u0119ta, nie wsta\u0142bym z \u0142\u00f3\u017cka. Bo po co? Szykuje si\u0119 kolejny rok z problemami. Najpierw plony zniszczy\u0142y deszcze w 2017 roku, potem dwa kolejne lata z presj\u0105 suszy. W normalnym czasie rolnik, hodowca byd\u0142a, ma zapas rocznej paszy obj\u0119to\u015bciowej dla swoich kr\u00f3w. U nas zapasy sko\u0144czy\u0142y si\u0119 w 2018 roku.<\/strong><\/p>\n\n\n\n<p>Potem by\u0142y ju\u017c tylko problemy. Par\u0119 dni temu pojawi\u0142a si\u0119 informacja, \u017ce pewna mleczarnia wstrzymuje odbi\u00f3r mleka od rolnika. Na drugi dzie\u0144 kolejna zapowied\u017a redukcji dostaw. Dzi\u015b, hodowc\u00f3w byd\u0142a mlecznego obieg\u0142a informacja, \u017ce na Florydzie rolnicy wylewaj\u0105 mleko na pole. B\u0119dzie ci\u0119\u017cko.<\/p>\n\n\n\n<p>Rok 2017. Dzi\u0119ki pomocy rz\u0105du (500 z\u0142\/ha) zako\u0144czyli\u015bmy go do\u015b\u0107 dobrze. Nie zarobili\u015bmy, ale i nie by\u0142o dramatu. Kolejne lata nie by\u0142y ju\u017c tak ciekawe. Kumulacja problem\u00f3w robi\u0142a swoje. Mimo pomocy ze strony pa\u0144stwa. Przez te ostatnie lata pozna\u0142em wszystkich komornik\u00f3w w okolicy. Musia\u0142em. Cash flow si\u0119 sko\u0144czy\u0142. Zmniejszone plony o 50-70 proc. powodowa\u0142y problemy z p\u0142atno\u015bciami. <\/p>\n\n\n\n<p>Kumulacja. Jako gospodarz rozumiem potrzeb\u0119 reagowania. Odpowiedniego reagowania. Z odpowiednim timingiem. W mojej ocenie pomoc 2019\/20 powinna by\u0107 m\u0105drze rozdysponowana. Urz\u0119dnik powinien wiedzie\u0107, kiedy i gdzie kierowa\u0107 \u015brodki. Je\u015bli gospodarstwo ma byd\u0142o i w protokole kl\u0119skowym wykazuje straty w produkcji ro\u015blinnej przeznaczonej na pasz\u0119 dla tego byd\u0142a w sezonie zimowym, to znaczy \u017ce tego zapasu paszy nie b\u0119dzie! Trzeba reagowa\u0107 szybko, aby na zim\u0119 rolnik m\u00f3g\u0142 si\u0119 zabezpieczy\u0107. Na ch\u0142opski rozum jest to logiczne, \u017ce maj\u0105c trzeci rok pod rz\u0105d kumulacj\u0119 nieszcz\u0119\u015b\u0107 pogodowych jest trudno.<\/p>\n\n\n\n<p>Na samym pocz\u0105tku, tej plagi nieszcz\u0119\u015b\u0107, zapyta\u0142em urz\u0119dnik\u00f3w odpowiedniej agencji, czy maj\u0105 przygotowane procedury wyp\u0142at dla najbardziej potrzebuj\u0105cych\u2026 W normalnym gospodarstwie, zajmuj\u0105cym si\u0119 produkcj\u0105 zb\u00f3\u017c, problemem by\u0142y mniejsze plony, mniejsze wp\u0142ywy i trudno\u015bci ze sp\u0142at\u0105 zobowi\u0105za\u0144 zaci\u0105gni\u0119tych na poczet upraw. W gospodarstwie zajmuj\u0105cym si\u0119 produkcj\u0105 zwierz\u0119c\u0105 problemem by\u0142o wy\u017cywienie zwierz\u0105t w okresie zimowym. Zadaj\u0119 wi\u0119c pytanie urz\u0119dnikom, czy maj\u0105 przygotowane procedury? Odpowied\u017a: decyduje kolejno\u015b\u0107 zg\u0142osze\u0144. Kwiecie\u0144 2020 roku. Wraz z kilkoma rolnikami-mleczarzami z naszej gminy nadal czekamy na pomoc suszow\u0105. Za nami zima. Prze\u017cyli\u015bmy j\u0105, powiedzia\u0142bym, \u017ce na g\u0142odzie. <\/p>\n\n\n\n<p>Co dalej? Przepa\u015b\u0107. Krowa pyskiem si\u0119 doi. Pyskiem przynosi doch\u00f3d dla gospodarstwa. Dochodu dzi\u015b nie ma. Pomocy ci\u0105gle nie ma. Procedur nie ma. Dop\u0142aty zaj\u0119te przez komornika. Paliwa nie ma. Uprawy nie ma. Co jest? Jest koronawirus, czwarta plaga z rz\u0119du. Jest problem.<\/p>\n\n\n\n<p>Red. <\/p>\n","protected":false},"excerpt":{"rendered":"<p>Pi\u0105tek, 3.04.2020 r. Kolejny dzie\u0144. Gdyby nie zwierz\u0119ta, nie wsta\u0142bym z \u0142\u00f3\u017cka. Bo po co? Szykuje si\u0119 kolejny rok z problemami. Najpierw plony zniszczy\u0142y deszcze&#8230;<\/p>\n","protected":false},"author":2,"featured_media":907,"comment_status":"closed","ping_status":"closed","sticky":false,"template":"","format":"standard","meta":[],"categories":[142,23],"tags":[157,141],"_links":{"self":[{"href":"https:\/\/pracanaroli.pl\/index.php\/wp-json\/wp\/v2\/posts\/906"}],"collection":[{"href":"https:\/\/pracanaroli.pl\/index.php\/wp-json\/wp\/v2\/posts"}],"about":[{"href":"https:\/\/pracanaroli.pl\/index.php\/wp-json\/wp\/v2\/types\/post"}],"author":[{"embeddable":true,"href":"https:\/\/pracanaroli.pl\/index.php\/wp-json\/wp\/v2\/users\/2"}],"replies":[{"embeddable":true,"href":"https:\/\/pracanaroli.pl\/index.php\/wp-json\/wp\/v2\/comments?post=906"}],"version-history":[{"count":2,"href":"https:\/\/pracanaroli.pl\/index.php\/wp-json\/wp\/v2\/posts\/906\/revisions"}],"predecessor-version":[{"id":909,"href":"https:\/\/pracanaroli.pl\/index.php\/wp-json\/wp\/v2\/posts\/906\/revisions\/909"}],"wp:featuredmedia":[{"embeddable":true,"href":"https:\/\/pracanaroli.pl\/index.php\/wp-json\/wp\/v2\/media\/907"}],"wp:attachment":[{"href":"https:\/\/pracanaroli.pl\/index.php\/wp-json\/wp\/v2\/media?parent=906"}],"wp:term":[{"taxonomy":"category","embeddable":true,"href":"https:\/\/pracanaroli.pl\/index.php\/wp-json\/wp\/v2\/categories?post=906"},{"taxonomy":"post_tag","embeddable":true,"href":"https:\/\/pracanaroli.pl\/index.php\/wp-json\/wp\/v2\/tags?post=906"}],"curies":[{"name":"wp","href":"https:\/\/api.w.org\/{rel}","templated":true}]}}