{"id":865,"date":"2020-03-26T14:23:45","date_gmt":"2020-03-26T13:23:45","guid":{"rendered":"http:\/\/pracanaroli.pl\/?p=865"},"modified":"2020-03-26T14:27:35","modified_gmt":"2020-03-26T13:27:35","slug":"koronawirus-produkcja-warzyw-zagrozona-ogrodnictwo-wlasnie-wylecialo-w-powietrze-26-03-20","status":"publish","type":"post","link":"https:\/\/pracanaroli.pl\/index.php\/2020\/03\/26\/koronawirus-produkcja-warzyw-zagrozona-ogrodnictwo-wlasnie-wylecialo-w-powietrze-26-03-20\/","title":{"rendered":"#koronawirus Produkcja warzyw zagro\u017cona. Ogrodnictwo w\u0142a\u015bnie wylecia\u0142o w powietrze [26.03.20]"},"content":{"rendered":"\n<p><strong>Marzec 2020. Zamkni\u0119te targowiska i hurtownie. Spadek sprzeda\u017cy o oko\u0142o 70 proc. Kilkadziesi\u0105t tysi\u0119cy d\u0142ugu. Trzech ludzi bez pracy. Przerwany cykl produkcyjny. W sklepach wielkopowierzchniowych bez zmian. Polacy kupuj\u0105 kwiaty z zagranicy. Co maj\u0105 kwiaty do og\u00f3rk\u00f3w i pomidor\u00f3w? Studium przypadku #ZachodniopomorskieROL [26.03.2020]<\/strong><\/p>\n\n\n\n<p>Marzec 2020. Rodzinne gospodarstwo ogrodnicze na Pomorzu Zachodnim. Zatrudnione trzy osoby. W tunelach foliowych 900 m2 kwiat\u00f3w rabatowych. Efekt p\u00f3\u0142rocznej pracy i nak\u0142ad\u00f3w finansowych. Cykl produkcyjny, na sprzeda\u017c w sezonie 2020, rozpocz\u0105\u0142 si\u0119 we wrze\u015bniu 2019. Bratki, prymulki, stokrotki w\u0142a\u015bnie wylecia\u0142y w powietrze. Wyl\u0105duj\u0105 w kompostowniku. Ogrodnik szacuje, \u017ce nie sprzeda oko\u0142o 70 procent produkcji. Koronawirus zamkn\u0105\u0142 granice, targowiska i hurtownie. Zostaje d\u0142ug. Kilkadziesi\u0105t tysi\u0119cy z\u0142otych na minusie w marcu. Do tego fatalna kondycja psychiczna. Za\u0142amanie i pytanie co dalej?     <\/p>\n\n\n\n<p>Pieni\u0105dze zarobione w marcu potrzebne by\u0142y do realizacji kolejnych etap\u00f3w produkcji gospodarstwa. W lutym br. ogrodnik kupi\u0142 sadzonki kwiat\u00f3w balkonowych. W normalnym roku, za to co zarobi\u0142 w marcu, op\u0142aca\u0142 mi\u0119dzy innymi zakupy z lutego. Sadzonki kwiat\u00f3w balkonowych s\u0105 dro\u017csze od rabatowych. Do tego dochodz\u0105 koszty ogrzewania. Kwiaty balkonowe sprzedaje si\u0119 pod koniec kwietnia. Z tym te\u017c b\u0119dzie problem. Pot\u0119\u017cne uderzenie, zwi\u0105zane z kryzysem pandemii, nast\u0105pi\u0142o w ogrodnictwie na pocz\u0105tku cyklu produkcyjnego trwaj\u0105cego do listopada 2020 roku. Co dalej? Ogrodnik nie ma \u015brodk\u00f3w na op\u0142acenie wcze\u015bniejszych zobowi\u0105za\u0144 oraz na dalsz\u0105 produkcj\u0119. Na dzie\u0144 26.03.2020 r., opr\u00f3cz kwiat\u00f3w rabatowych i balkonowych, w gospodarstwie realizowana jest produkcja rozsady warzyw, w tym pomidor\u00f3w, og\u00f3rk\u00f3w, kapusty, selera i pora. <\/p>\n\n\n\n<p>W miesi\u0105cach kwiecie\u0144 &#8211; maj gospodarstwo sprzedaje rozsady warzyw odbiorcom indywidualnym oraz w systemie sprzeda\u017cy hurtowej. Produkcja warzyw zaczyna si\u0119 w miesi\u0105cach maj-czerwiec. Pierwsze zbiory przeprowadza si\u0119 pod koniec czerwca. Trwaj\u0105 do wrze\u015bnia. W maju rozpoczyna si\u0119 tak\u017ce produkcja chryzantem. Ta potrwa do listopada.  <\/p>\n\n\n\n<p> <br>Polscy ogrodnicy musz\u0105 otrzyma\u0107 pilne wsparcie, aby mogli kontynuowa\u0107 produkcj\u0119 warzyw na polski rynek.   Nale\u017cy wspiera\u0107 lokalnych ogrodnik\u00f3w. Sieci\u00f3wki, w pierwszej kolejno\u015bci, powinny zaopatrywa\u0107 si\u0119 na terenie polski. Obecnie kwiaty, w sklepach wielkopowierzchniowych, pochodz\u0105 z zagranicy. Co po wsparciu polskich ogrodnik\u00f3w i rolnik\u00f3w, je\u015bli ci nadal b\u0119d\u0105 mieli ograniczony dost\u0119p do rynku krajowego? Dzia\u0142ania os\u0142onowe mog\u0142yby obejmowa\u0107, mi\u0119dzy innymi, dotacje do zakupu sadzonek, czy zwolnienia z podstawowych op\u0142at. Zobacz tak\u017ce: <a href=\"http:\/\/pracanaroli.pl\/index.php\/2020\/03\/23\/23-03-20-koronawirus-rolnicza-mapa-drogowa-ri-przekazana-prezydentowi-i-premierowi\/\">ROLNICZA MAPA DROGOWA NSZZ RI \u201cSolidarno\u015b\u0107\u201d<\/a>.<\/p>\n\n\n\n<p>Red. <\/p>\n\n\n\n<p>Fot. archiwum <\/p>\n","protected":false},"excerpt":{"rendered":"<p>Marzec 2020. Zamkni\u0119te targowiska i hurtownie. Spadek sprzeda\u017cy o oko\u0142o 70 proc. Kilkadziesi\u0105t tysi\u0119cy d\u0142ugu. Trzech ludzi bez pracy. Przerwany cykl produkcyjny. W sklepach wielkopowierzchniowych&#8230;<\/p>\n","protected":false},"author":2,"featured_media":866,"comment_status":"closed","ping_status":"closed","sticky":false,"template":"","format":"standard","meta":[],"categories":[142,22],"tags":[141,153],"_links":{"self":[{"href":"https:\/\/pracanaroli.pl\/index.php\/wp-json\/wp\/v2\/posts\/865"}],"collection":[{"href":"https:\/\/pracanaroli.pl\/index.php\/wp-json\/wp\/v2\/posts"}],"about":[{"href":"https:\/\/pracanaroli.pl\/index.php\/wp-json\/wp\/v2\/types\/post"}],"author":[{"embeddable":true,"href":"https:\/\/pracanaroli.pl\/index.php\/wp-json\/wp\/v2\/users\/2"}],"replies":[{"embeddable":true,"href":"https:\/\/pracanaroli.pl\/index.php\/wp-json\/wp\/v2\/comments?post=865"}],"version-history":[{"count":2,"href":"https:\/\/pracanaroli.pl\/index.php\/wp-json\/wp\/v2\/posts\/865\/revisions"}],"predecessor-version":[{"id":868,"href":"https:\/\/pracanaroli.pl\/index.php\/wp-json\/wp\/v2\/posts\/865\/revisions\/868"}],"wp:featuredmedia":[{"embeddable":true,"href":"https:\/\/pracanaroli.pl\/index.php\/wp-json\/wp\/v2\/media\/866"}],"wp:attachment":[{"href":"https:\/\/pracanaroli.pl\/index.php\/wp-json\/wp\/v2\/media?parent=865"}],"wp:term":[{"taxonomy":"category","embeddable":true,"href":"https:\/\/pracanaroli.pl\/index.php\/wp-json\/wp\/v2\/categories?post=865"},{"taxonomy":"post_tag","embeddable":true,"href":"https:\/\/pracanaroli.pl\/index.php\/wp-json\/wp\/v2\/tags?post=865"}],"curies":[{"name":"wp","href":"https:\/\/api.w.org\/{rel}","templated":true}]}}