{"id":821,"date":"2020-03-20T18:00:04","date_gmt":"2020-03-20T17:00:04","guid":{"rendered":"http:\/\/pracanaroli.pl\/?p=821"},"modified":"2020-03-20T18:21:24","modified_gmt":"2020-03-20T17:21:24","slug":"20-03-20-polska-wyzszy-zasilek-chorobowy-dla-rolnika-covid-19","status":"publish","type":"post","link":"https:\/\/pracanaroli.pl\/index.php\/2020\/03\/20\/20-03-20-polska-wyzszy-zasilek-chorobowy-dla-rolnika-covid-19\/","title":{"rendered":"[20.03.20] Polska. Wy\u017cszy zasi\u0142ek chorobowy dla rolnika [COVID-19]"},"content":{"rendered":"\n<p>Dzi\u0119ki wprowadzonym rozwi\u0105zaniom prawnym ubezpieczeni w Kasie Rolniczego Ubezpieczenia Spo\u0142ecznego rolnicy i domownicy b\u0119d\u0105 mogli szybciej i sprawniej naby\u0107 prawo do zasi\u0142ku chorobowego, w przypadku zachorowania na COVID-19.<\/p>\n\n\n\n<p>Jednocze\u015bnie wprowadzona zosta\u0142a wy\u017csza stawka zasi\u0142ku chorobowego. Jest to wzrost do 150% poprzedniego poziomu za ka\u017cdy dzie\u0144 czasowej niezdolno\u015bci do pracy spowodowanej chorob\u0105.<\/p>\n\n\n\n<p>Minister Jan Krzysztof Ardanowski podpisa\u0142 wczoraj rozporz\u0105dzenie zmieniaj\u0105ce rozporz\u0105dzenie w sprawie okre\u015blenia wysoko\u015bci jednorazowego odszkodowania z tytu\u0142u wypadku przy pracy rolniczej lub rolniczej choroby zawodowej oraz zasi\u0142ku chorobowego.<\/p>\n\n\n\n<p>Dzi\u0119ki tym nowym rozwi\u0105zaniom prawnym ubezpieczeni w KRUS rolnicy i domownicy b\u0119d\u0105 mogli szybciej i sprawniej naby\u0107 prawo do zasi\u0142ku chorobowego.<\/p>\n\n\n\n<p>Zgodnie z tym rozporz\u0105dzeniem nast\u0119puje skr\u00f3cenie okresu uprawniaj\u0105cego do wyp\u0142aty zasi\u0142ku chorobowego z 30 do 14 dni czasowej niezdolno\u015bci do pracy w gospodarstwie rolnym, je\u017celi niezdolno\u015b\u0107 ta jest spowodowana zaka\u017ceniem lub chorob\u0105 uk\u0142adu oddechowego oznaczonymi w za\u015bwiadczeniu lekarskim jako U07.1 COVID-19, zgodnie z Mi\u0119dzynarodow\u0105 Klasyfikacj\u0105 Chor\u00f3b i Problem\u00f3w Zdrowotnych. <\/p>\n\n\n\n<p>Powy\u017csze zmiany s\u0105 odpowiedzi\u0105 Ministra Rolnictwa i Rozwoju Wsi na wprowadzenie w Polsce stanu zagro\u017cenia epidemiologicznego, kt\u00f3re wynika z rozprzestrzenianiem si\u0119 koronawirusa SARS-CoV-2, wywo\u0142uj\u0105cego chorob\u0119 COVID-19. Zmiany zwi\u0105zane s\u0105 tak\u017ce z wej\u015bciem w \u017cycie przepis\u00f3w ustawy z dnia 2 marca 2020 r. o szczeg\u00f3lnych rozwi\u0105zaniach z zapobieganiem, przeciwdzia\u0142aniem i zwalczaniem COVID-19, innych chor\u00f3b zaka\u017anych oraz wywo\u0142anych nimi sytuacji kryzysowych (Dz. U. z 2020 r. poz. 374).<\/p>\n\n\n\n<p>Rozporz\u0105dzenie wchodzi w \u017cycie z dniem nast\u0119puj\u0105cym po dniu og\u0142oszenia, z moc\u0105 od dnia 8 marca 2020 r.<\/p>\n\n\n\n<p>\u0179r\u00f3d\u0142o: <a href=\"https:\/\/www.gov.pl\/web\/rolnictwo\/wyzszy-zasilek-chorobowy-dla-rolnika\">MRiRW [20.03.2020]<\/a><\/p>\n\n\n\n<p>Fot. domena publiczna<\/p>\n","protected":false},"excerpt":{"rendered":"<p>Dzi\u0119ki wprowadzonym rozwi\u0105zaniom prawnym ubezpieczeni w Kasie Rolniczego Ubezpieczenia Spo\u0142ecznego rolnicy i domownicy b\u0119d\u0105 mogli szybciej i sprawniej naby\u0107 prawo do zasi\u0142ku chorobowego, w przypadku&#8230;<\/p>\n","protected":false},"author":2,"featured_media":822,"comment_status":"closed","ping_status":"closed","sticky":false,"template":"","format":"standard","meta":[],"categories":[142],"tags":[151],"_links":{"self":[{"href":"https:\/\/pracanaroli.pl\/index.php\/wp-json\/wp\/v2\/posts\/821"}],"collection":[{"href":"https:\/\/pracanaroli.pl\/index.php\/wp-json\/wp\/v2\/posts"}],"about":[{"href":"https:\/\/pracanaroli.pl\/index.php\/wp-json\/wp\/v2\/types\/post"}],"author":[{"embeddable":true,"href":"https:\/\/pracanaroli.pl\/index.php\/wp-json\/wp\/v2\/users\/2"}],"replies":[{"embeddable":true,"href":"https:\/\/pracanaroli.pl\/index.php\/wp-json\/wp\/v2\/comments?post=821"}],"version-history":[{"count":1,"href":"https:\/\/pracanaroli.pl\/index.php\/wp-json\/wp\/v2\/posts\/821\/revisions"}],"predecessor-version":[{"id":823,"href":"https:\/\/pracanaroli.pl\/index.php\/wp-json\/wp\/v2\/posts\/821\/revisions\/823"}],"wp:featuredmedia":[{"embeddable":true,"href":"https:\/\/pracanaroli.pl\/index.php\/wp-json\/wp\/v2\/media\/822"}],"wp:attachment":[{"href":"https:\/\/pracanaroli.pl\/index.php\/wp-json\/wp\/v2\/media?parent=821"}],"wp:term":[{"taxonomy":"category","embeddable":true,"href":"https:\/\/pracanaroli.pl\/index.php\/wp-json\/wp\/v2\/categories?post=821"},{"taxonomy":"post_tag","embeddable":true,"href":"https:\/\/pracanaroli.pl\/index.php\/wp-json\/wp\/v2\/tags?post=821"}],"curies":[{"name":"wp","href":"https:\/\/api.w.org\/{rel}","templated":true}]}}