{"id":797,"date":"2020-03-13T21:09:22","date_gmt":"2020-03-13T20:09:22","guid":{"rendered":"http:\/\/pracanaroli.pl\/?p=797"},"modified":"2020-03-16T21:14:29","modified_gmt":"2020-03-16T20:14:29","slug":"13-03-20-francja-zamkniecie-szkol-ma-powazne-konsekwencje-dla-lokalnych-producentow-zaopatrujacych-stolowki","status":"publish","type":"post","link":"https:\/\/pracanaroli.pl\/index.php\/2020\/03\/13\/13-03-20-francja-zamkniecie-szkol-ma-powazne-konsekwencje-dla-lokalnych-producentow-zaopatrujacych-stolowki\/","title":{"rendered":"[13.03.20] Francja. Zamkni\u0119cie szk\u00f3\u0142 ma powa\u017cne konsekwencje dla lokalnych producent\u00f3w zaopatruj\u0105cych sto\u0142\u00f3wki"},"content":{"rendered":"\n<p>Thierry Chauveau jest producentem mleka w Ferme de la Bazini\u00e8re, niedaleko Niort, w Deux-S\u00e8vres. W jego zak\u0142adzie pracuje 9 os\u00f3b. W pi\u0105tek 13 marca zesp\u00f3\u0142 mia\u0142 rozpocz\u0105\u0107 prac\u0119 o 5 rano i wyprodukowa\u0107 15 000 s\u0142oik\u00f3w jogurtu dla sto\u0142\u00f3wek. Na najbli\u017csze dni otrzymali zam\u00f3wienie na 30 000 s\u0142oik\u00f3w, w dw\u00f3ch partiach. W zwi\u0105zku z zagro\u017ceniem koronawirusem zamkni\u0119to szko\u0142y. Zam\u00f3wienie zosta\u0142o anulowane. Mleko trafi do sp\u00f3\u0142dzielni. Dla producenta to strata netto. Szacuje, \u017ce jego obroty b\u0119d\u0105 mniejsze o 5 000 euro.<\/p>\n\n\n\n<p>Thierry Chauveau wsp\u00f3\u0142tworzy tak\u017ce sie\u0107 35 lokalnych producent\u00f3w R\u00e9sALIS. Utworzyli jednostk\u0119 kryzysow\u0105. Pracownicy pozostaj\u0105 bez pracy. Masowe \u017cywienie stanowi 95 proc. obrotu R\u00e9sALIS. W marcu mieli zam\u00f3wienia w wysoko\u015bci 90 000 \u20ac. Wszystko si\u0119 ko\u0144czy. Licz\u0105 si\u0119 ze strat\u0105 40 000 EUR. B\u0119d\u0105 musieli przepakowa\u0107 produkty, a nawet zniszczy\u0107 ich cz\u0119\u015b\u0107. Thierry Chauveau ma nadziej\u0119, \u017ce straty uda si\u0119 odrobi\u0107 w zwi\u0105zku z wy\u017cszym popytem na produkty lokalne. <\/p>\n\n\n\n<p>T\u0142umaczenie w\u0142asne za <a href=\"https:\/\/www.ouest-france.fr\/pays-de-la-loire\/nantes-44000\/coronavirus-cantines-fermees-onde-de-choc-pour-les-producteurs-locaux-05b75b40-651a-11ea-81e0-b4367081294e\">www.ouest-france.fr<\/a> [13.03.2020 r.]<br><\/p>\n\n\n\n<p>Fot. domena publiczna<\/p>\n","protected":false},"excerpt":{"rendered":"<p>Thierry Chauveau jest producentem mleka w Ferme de la Bazini\u00e8re, niedaleko Niort, w Deux-S\u00e8vres. W jego zak\u0142adzie pracuje 9 os\u00f3b. W pi\u0105tek 13 marca zesp\u00f3\u0142&#8230;<\/p>\n","protected":false},"author":2,"featured_media":798,"comment_status":"closed","ping_status":"closed","sticky":false,"template":"","format":"standard","meta":[],"categories":[142],"tags":[149,141,50],"_links":{"self":[{"href":"https:\/\/pracanaroli.pl\/index.php\/wp-json\/wp\/v2\/posts\/797"}],"collection":[{"href":"https:\/\/pracanaroli.pl\/index.php\/wp-json\/wp\/v2\/posts"}],"about":[{"href":"https:\/\/pracanaroli.pl\/index.php\/wp-json\/wp\/v2\/types\/post"}],"author":[{"embeddable":true,"href":"https:\/\/pracanaroli.pl\/index.php\/wp-json\/wp\/v2\/users\/2"}],"replies":[{"embeddable":true,"href":"https:\/\/pracanaroli.pl\/index.php\/wp-json\/wp\/v2\/comments?post=797"}],"version-history":[{"count":1,"href":"https:\/\/pracanaroli.pl\/index.php\/wp-json\/wp\/v2\/posts\/797\/revisions"}],"predecessor-version":[{"id":799,"href":"https:\/\/pracanaroli.pl\/index.php\/wp-json\/wp\/v2\/posts\/797\/revisions\/799"}],"wp:featuredmedia":[{"embeddable":true,"href":"https:\/\/pracanaroli.pl\/index.php\/wp-json\/wp\/v2\/media\/798"}],"wp:attachment":[{"href":"https:\/\/pracanaroli.pl\/index.php\/wp-json\/wp\/v2\/media?parent=797"}],"wp:term":[{"taxonomy":"category","embeddable":true,"href":"https:\/\/pracanaroli.pl\/index.php\/wp-json\/wp\/v2\/categories?post=797"},{"taxonomy":"post_tag","embeddable":true,"href":"https:\/\/pracanaroli.pl\/index.php\/wp-json\/wp\/v2\/tags?post=797"}],"curies":[{"name":"wp","href":"https:\/\/api.w.org\/{rel}","templated":true}]}}