{"id":786,"date":"2020-03-12T20:16:03","date_gmt":"2020-03-12T19:16:03","guid":{"rendered":"http:\/\/pracanaroli.pl\/?p=786"},"modified":"2020-03-16T20:22:08","modified_gmt":"2020-03-16T19:22:08","slug":"12-03-20-niemcy-dobre-praktyki-rolnik-w-denzlingen-organizuje-dostawe-owocow-i-warzyw","status":"publish","type":"post","link":"https:\/\/pracanaroli.pl\/index.php\/2020\/03\/12\/12-03-20-niemcy-dobre-praktyki-rolnik-w-denzlingen-organizuje-dostawe-owocow-i-warzyw\/","title":{"rendered":"[12.03.20] Niemcy. Dobre praktyki. Rolnik w Denzlingen organizuje dostaw\u0119 owoc\u00f3w i warzyw"},"content":{"rendered":"\n<p>Z powodu obecnej wyj\u0105tkowej sytuacji spowodowanej koronawirusem rolnik z Denzlingen uruchomi\u0142 us\u0142ug\u0119 dostawy. Oferta ma przede wszystkim s\u0142u\u017cy\u0107 obecnym klientom rolnik\u00f3w. Obejmuje tak\u017ce osoby starsze, kt\u00f3re nie s\u0105 wystarczaj\u0105co mobilne lub z uwagi na swoje dolegliwo\u015bci nie wiedz\u0105, czy powinny i\u015b\u0107 na cotygodniowy targ, czy i\u015b\u0107 na zakupy.<\/p>\n\n\n\n<p>Ci, kt\u00f3rzy b\u0119d\u0105 mogli nadal samodzielnie robi\u0107 zakupy, znajd\u0105 stoisko rodziny Wagner na r\u00f3\u017cnych cotygodniowych targach. Od poniedzia\u0142ku do pi\u0105tku na rynku we Fryburgu. Wtorek i pi\u0105tek w Denzlinger i sobota na cotygodniowym targu St\u00fchlinger.<\/p>\n\n\n\n<p>Zamawianie jest \u0142atwe. Je\u015bli kto\u015b chce skorzysta\u0107 z us\u0142ugi dostawy lub ma pytania na ten temat, mo\u017ce zadzwoni\u0107 pod numer 01577-142 20 60, zam\u00f3wi\u0107 i gotowe. G\u0142\u00f3wnym celem jest zapewnienie dostaw owoc\u00f3w i warzyw do klient\u00f3w. Rodzina nie chce na tym zarabia\u0107 i dostarcza towary bez dodatkowych koszt\u00f3w dostawy.<\/p>\n\n\n\n<p>T\u0142umaczenie w\u0142asne na podstawie <a href=\"https:\/\/www.baden.fm\/nachrichten\/landwirt-in-denzlingen-richtet-wegen-coronavirus-obst-und-gemuesebringdienst-ein-617790\/\">www.baden.fm<\/a> [12.03.2020]<br><\/p>\n\n\n\n<p>Fot. domena publiczna<\/p>\n","protected":false},"excerpt":{"rendered":"<p>Z powodu obecnej wyj\u0105tkowej sytuacji spowodowanej koronawirusem rolnik z Denzlingen uruchomi\u0142 us\u0142ug\u0119 dostawy. Oferta ma przede wszystkim s\u0142u\u017cy\u0107 obecnym klientom rolnik\u00f3w. Obejmuje tak\u017ce osoby starsze,&#8230;<\/p>\n","protected":false},"author":2,"featured_media":787,"comment_status":"closed","ping_status":"closed","sticky":false,"template":"","format":"standard","meta":[],"categories":[142],"tags":[141,148,50],"_links":{"self":[{"href":"https:\/\/pracanaroli.pl\/index.php\/wp-json\/wp\/v2\/posts\/786"}],"collection":[{"href":"https:\/\/pracanaroli.pl\/index.php\/wp-json\/wp\/v2\/posts"}],"about":[{"href":"https:\/\/pracanaroli.pl\/index.php\/wp-json\/wp\/v2\/types\/post"}],"author":[{"embeddable":true,"href":"https:\/\/pracanaroli.pl\/index.php\/wp-json\/wp\/v2\/users\/2"}],"replies":[{"embeddable":true,"href":"https:\/\/pracanaroli.pl\/index.php\/wp-json\/wp\/v2\/comments?post=786"}],"version-history":[{"count":1,"href":"https:\/\/pracanaroli.pl\/index.php\/wp-json\/wp\/v2\/posts\/786\/revisions"}],"predecessor-version":[{"id":788,"href":"https:\/\/pracanaroli.pl\/index.php\/wp-json\/wp\/v2\/posts\/786\/revisions\/788"}],"wp:featuredmedia":[{"embeddable":true,"href":"https:\/\/pracanaroli.pl\/index.php\/wp-json\/wp\/v2\/media\/787"}],"wp:attachment":[{"href":"https:\/\/pracanaroli.pl\/index.php\/wp-json\/wp\/v2\/media?parent=786"}],"wp:term":[{"taxonomy":"category","embeddable":true,"href":"https:\/\/pracanaroli.pl\/index.php\/wp-json\/wp\/v2\/categories?post=786"},{"taxonomy":"post_tag","embeddable":true,"href":"https:\/\/pracanaroli.pl\/index.php\/wp-json\/wp\/v2\/tags?post=786"}],"curies":[{"name":"wp","href":"https:\/\/api.w.org\/{rel}","templated":true}]}}