{"id":739,"date":"2020-03-02T09:42:52","date_gmt":"2020-03-02T08:42:52","guid":{"rendered":"http:\/\/pracanaroli.pl\/?p=739"},"modified":"2020-03-02T19:51:13","modified_gmt":"2020-03-02T18:51:13","slug":"szkolenie-z-zakresu-ochrony-i-nawozenia-ziemniakow-maszewo-6-03-2020","status":"publish","type":"post","link":"https:\/\/pracanaroli.pl\/index.php\/2020\/03\/02\/szkolenie-z-zakresu-ochrony-i-nawozenia-ziemniakow-maszewo-6-03-2020\/","title":{"rendered":"SZKOLENIE Z ZAKRESU OCHRONY i NAWO\u017bENIA ZIEMNIAK\u00d3W [Maszewo, 6.03.2020]"},"content":{"rendered":"\n<p>Firmy PROCAM Polska Sp. z o.o. oraz BASF, Belchim, BIO-GEN i SDP zapraszaj\u0105 na szkolenie z zakresu ochrony i nawo\u017cenia ziemniak\u00f3w, kt\u00f3re odb\u0119dzie si\u0119 dnia 6 marca 2020 (pi\u0105tek) o godzinie 11.00 w Rezydencji Szymczak, ul. Stargardzka 6B, 72-130 Maszewo<\/p>\n\n\n\n<p>11:00 Przyjazd i powitanie Go\u015bci<br>11:10 Agrotechnika Ziemniaka &#8211; PROCAM<br>12:00 Jak uzyska\u0107 wysokie i zadowalaj\u0105ce plony &#8211; BIO-GEN<br>12:30 Optymalizacja oprysku &#8211; SDP<br>13:00 Prezentacja produkt\u00f3w &#8211; BASF<br>13:30 Prezentacja produkt\u00f3w &#8211; Belchim<br>14:00 Obiad i otwarte dyskusje<\/p>\n\n\n\n<figure class=\"wp-block-image\"><img decoding=\"async\" loading=\"lazy\" width=\"340\" height=\"640\" src=\"http:\/\/pracanaroli.pl\/wp-content\/uploads\/2020\/03\/2020_03_06_e-zaproszenie_szkolenie_ziemniaczane_maszewo_stargard.jpg\" alt=\"\" class=\"wp-image-740\" srcset=\"https:\/\/pracanaroli.pl\/wp-content\/uploads\/2020\/03\/2020_03_06_e-zaproszenie_szkolenie_ziemniaczane_maszewo_stargard.jpg 340w, https:\/\/pracanaroli.pl\/wp-content\/uploads\/2020\/03\/2020_03_06_e-zaproszenie_szkolenie_ziemniaczane_maszewo_stargard-159x300.jpg 159w\" sizes=\"(max-width: 340px) 100vw, 340px\" \/><\/figure>\n","protected":false},"excerpt":{"rendered":"<p>Firmy PROCAM Polska Sp. z o.o. oraz BASF, Belchim, BIO-GEN i SDP zapraszaj\u0105 na szkolenie z zakresu ochrony i nawo\u017cenia ziemniak\u00f3w, kt\u00f3re odb\u0119dzie si\u0119 dnia&#8230;<\/p>\n","protected":false},"author":2,"featured_media":741,"comment_status":"closed","ping_status":"closed","sticky":false,"template":"","format":"standard","meta":[],"categories":[20,22],"tags":[99,100],"_links":{"self":[{"href":"https:\/\/pracanaroli.pl\/index.php\/wp-json\/wp\/v2\/posts\/739"}],"collection":[{"href":"https:\/\/pracanaroli.pl\/index.php\/wp-json\/wp\/v2\/posts"}],"about":[{"href":"https:\/\/pracanaroli.pl\/index.php\/wp-json\/wp\/v2\/types\/post"}],"author":[{"embeddable":true,"href":"https:\/\/pracanaroli.pl\/index.php\/wp-json\/wp\/v2\/users\/2"}],"replies":[{"embeddable":true,"href":"https:\/\/pracanaroli.pl\/index.php\/wp-json\/wp\/v2\/comments?post=739"}],"version-history":[{"count":1,"href":"https:\/\/pracanaroli.pl\/index.php\/wp-json\/wp\/v2\/posts\/739\/revisions"}],"predecessor-version":[{"id":742,"href":"https:\/\/pracanaroli.pl\/index.php\/wp-json\/wp\/v2\/posts\/739\/revisions\/742"}],"wp:featuredmedia":[{"embeddable":true,"href":"https:\/\/pracanaroli.pl\/index.php\/wp-json\/wp\/v2\/media\/741"}],"wp:attachment":[{"href":"https:\/\/pracanaroli.pl\/index.php\/wp-json\/wp\/v2\/media?parent=739"}],"wp:term":[{"taxonomy":"category","embeddable":true,"href":"https:\/\/pracanaroli.pl\/index.php\/wp-json\/wp\/v2\/categories?post=739"},{"taxonomy":"post_tag","embeddable":true,"href":"https:\/\/pracanaroli.pl\/index.php\/wp-json\/wp\/v2\/tags?post=739"}],"curies":[{"name":"wp","href":"https:\/\/api.w.org\/{rel}","templated":true}]}}