{"id":736,"date":"2020-03-12T12:36:02","date_gmt":"2020-03-12T11:36:02","guid":{"rendered":"http:\/\/pracanaroli.pl\/?p=736"},"modified":"2020-03-16T20:07:31","modified_gmt":"2020-03-16T19:07:31","slug":"solidarnoscri-rolnicy-z-opolszczyzny-dolnego-slaska-i-zachodniopomorskiego-zawarli-porozumienie","status":"publish","type":"post","link":"https:\/\/pracanaroli.pl\/index.php\/2020\/03\/12\/solidarnoscri-rolnicy-z-opolszczyzny-dolnego-slaska-i-zachodniopomorskiego-zawarli-porozumienie\/","title":{"rendered":"[12.03.20] #Solidarno\u015b\u0107RI: Rolnicy z Opolszczyzny, Dolnego \u015al\u0105ska i Zachodniopomorskiego zawarli porozumienie"},"content":{"rendered":"\n<p><em><strong>\u201cPolska wrasta w swoj\u0105 ziemi\u0119 poprzez prac\u0119 swoich rolnik\u00f3w.\u201d<\/strong><\/em><strong> &#8211; czytamy w preambule podpisanego dokumentu. Rady Wojew\u00f3dzkie NSZZ Rolnik\u00f3w Indywidualnych \u201cSolidarno\u015b\u0107\u201d z Dolnego \u015al\u0105ska, Opolszczyzny i Zachodniopomorskiego zawar\u0142y mi\u0119dzywojew\u00f3dzkie porozumienie regionalne (28.02.2020 r.). <\/strong><\/p>\n\n\n\n<p>Tak\u0105 mo\u017cliwo\u015b\u0107 &#8211; ponadregionalnej wsp\u00f3\u0142pracy &#8211; przewiduje Statut NSZZ RI \u201cSolidarno\u015b\u0107\u201d. Sygnatariusze porozumienia podkre\u015blaj\u0105 potrzeb\u0119 zacie\u015bniania wsp\u00f3\u0142pracy \u015brodowisk rolniczych na rzecz rozwoju Ziem P\u00f3\u0142nocnych i Zachodnich Polski. Wsp\u00f3\u0142praca ma pom\u00f3c w realizacji <a href=\"https:\/\/solidarnoscri.pl\/statut-zwiazku\/\">cel\u00f3w statutowych rolniczej Solidarno\u015bci<\/a> oraz cel\u00f3w okre\u015blonych w <a href=\"http:\/\/pracanaroli.pl\/index.php\/2019\/01\/01\/karta-gospodarstw-rodzinnych\/\">Karcie Gospodarstw Rodzinnych<\/a>.<\/p>\n\n\n\n<p>Porozumienie zawarto na czas nieokre\u015blony. Za wsp\u00f3\u0142prac\u0119 odpowiada zarz\u0105d, w sk\u0142ad kt\u00f3rego wchodzi po trzech przedstawicieli rad wojew\u00f3dzkich, w tym przewodnicz\u0105cy rady wojew\u00f3dzkiej. Za koordynacj\u0119 prac, przez pierwsze dwa lata, odpowiada Edward Kosmal. Nast\u0119pnie, rotacyjnie, co dwa lata, kierowanie zarz\u0105dem powierzane b\u0119dzie kolejnym przewodnicz\u0105cym rad wojew\u00f3dzkich. <\/p>\n\n\n\n<p>Warto podkre\u015bli\u0107, \u017ce porozumienie nie pozbawia w\u0142adz wojew\u00f3dzkich ich statutowych uprawnie\u0144. Ma wspiera\u0107 realizacj\u0119 wsp\u00f3lnych przedsi\u0119wzi\u0119\u0107. Jednym z nich jest kszta\u0142cenie m\u0142odych rolnik\u00f3w w ramach  Szko\u0142y Lider\u00f3w. Projekt Zachodniopomorskiej Rady Wojew\u00f3dzkiej NSZZ RI \u201cSolidarno\u015b\u0107\u201d b\u0119dzie obecnie realizowany na terenie trzech wojew\u00f3dztw. <\/p>\n\n\n\n<p>Porozumienie, w imieniu struktur wojew\u00f3dzkich organizacji, zawarli: Marian Dembi\u0144ski, Przewodnicz\u0105cy Dolno\u015bl\u0105skiej Rady Wojew\u00f3dzkiej NSZZ RI \u201cSolidarno\u015b\u0107\u201d, Tomasz Ognisty, Przewodnicz\u0105cy Opolskiej Rady Wojew\u00f3dzkiej NSZZ RI \u201cSolidarno\u015b\u0107\u201d oraz Edward Kosmal, Przewodnicz\u0105cy Zachodniopomorskiej Rady Wojew\u00f3dzkiej NSZZ RI \u201cSolidarno\u015b\u0107\u201d.<\/p>\n\n\n\n<p>Red. <\/p>\n\n\n\n<p>Na zdj\u0119ciu (od lewej): Edward Kosmal, Przewodnicz\u0105cy ZRW NSZZ RI \u201cSolidarno\u015b\u0107\u201d, Marian Dembi\u0144ski, Przewodnicz\u0105cy DRW NSZZ RI \u201cSolidarno\u015b\u0107\u201d oraz Tomasz Ognisty, Przewodnicz\u0105cy ORW NSZZ RI \u201cSolidarno\u015b\u0107\u201d. Barzkowice, 28.02.2020 r. <\/p>\n\n\n\n<p>Fot. NSZZ RI \u201cSolidarno\u015b\u0107\u201d <\/p>\n","protected":false},"excerpt":{"rendered":"<p>\u201cPolska wrasta w swoj\u0105 ziemi\u0119 poprzez prac\u0119 swoich rolnik\u00f3w.\u201d &#8211; czytamy w preambule podpisanego dokumentu. Rady Wojew\u00f3dzkie NSZZ Rolnik\u00f3w Indywidualnych \u201cSolidarno\u015b\u0107\u201d z Dolnego \u015al\u0105ska, Opolszczyzny&#8230;<\/p>\n","protected":false},"author":2,"featured_media":737,"comment_status":"closed","ping_status":"closed","sticky":false,"template":"","format":"standard","meta":[],"categories":[43,25],"tags":[33],"_links":{"self":[{"href":"https:\/\/pracanaroli.pl\/index.php\/wp-json\/wp\/v2\/posts\/736"}],"collection":[{"href":"https:\/\/pracanaroli.pl\/index.php\/wp-json\/wp\/v2\/posts"}],"about":[{"href":"https:\/\/pracanaroli.pl\/index.php\/wp-json\/wp\/v2\/types\/post"}],"author":[{"embeddable":true,"href":"https:\/\/pracanaroli.pl\/index.php\/wp-json\/wp\/v2\/users\/2"}],"replies":[{"embeddable":true,"href":"https:\/\/pracanaroli.pl\/index.php\/wp-json\/wp\/v2\/comments?post=736"}],"version-history":[{"count":2,"href":"https:\/\/pracanaroli.pl\/index.php\/wp-json\/wp\/v2\/posts\/736\/revisions"}],"predecessor-version":[{"id":783,"href":"https:\/\/pracanaroli.pl\/index.php\/wp-json\/wp\/v2\/posts\/736\/revisions\/783"}],"wp:featuredmedia":[{"embeddable":true,"href":"https:\/\/pracanaroli.pl\/index.php\/wp-json\/wp\/v2\/media\/737"}],"wp:attachment":[{"href":"https:\/\/pracanaroli.pl\/index.php\/wp-json\/wp\/v2\/media?parent=736"}],"wp:term":[{"taxonomy":"category","embeddable":true,"href":"https:\/\/pracanaroli.pl\/index.php\/wp-json\/wp\/v2\/categories?post=736"},{"taxonomy":"post_tag","embeddable":true,"href":"https:\/\/pracanaroli.pl\/index.php\/wp-json\/wp\/v2\/tags?post=736"}],"curies":[{"name":"wp","href":"https:\/\/api.w.org\/{rel}","templated":true}]}}