{"id":658,"date":"2020-01-19T16:23:43","date_gmt":"2020-01-19T15:23:43","guid":{"rendered":"http:\/\/pracanaroli.pl\/?p=658"},"modified":"2020-02-12T16:39:39","modified_gmt":"2020-02-12T15:39:39","slug":"wierzchoslawice-146-rocznica-urodzin-wincentego-witosa-filmy-19-01-2020-r","status":"publish","type":"post","link":"https:\/\/pracanaroli.pl\/index.php\/2020\/01\/19\/wierzchoslawice-146-rocznica-urodzin-wincentego-witosa-filmy-19-01-2020-r\/","title":{"rendered":"Wierzchos\u0142awice. 146 rocznica urodzin Wincentego Witosa [filmy, 19.01.2020 r.]"},"content":{"rendered":"\n<p><strong>Delegacja Zachodniopomorskiej Rady Wojew\u00f3dzkiej NSZZ Rolnik\u00f3w Indywidualnych &#8222;Solidarno\u015b\u0107&#8221;  wzi\u0119\u0142a udzia\u0142 w obchodach 146 rocznicy urodzin Wincentego Witosa. ZRW reprezentowali Edward Kosmal oraz Tomasz Sikorski.<\/strong><\/p>\n\n\n\n<p>Polecamy uwadze relacj\u0119 filmow\u0105 z wydarzenia oraz wyst\u0105pienia Prezydenta RP p. Andrzeja Dudy, Ministra Rolnictwa i Rozwoju Wsi Jana K. Ardanowskiego oraz Komisarza UE ds. Rolnictwa i Rozwoju Wsi Janusza Wojciechowskiego. <\/p>\n\n\n\n<figure class=\"wp-block-embed-youtube wp-block-embed is-type-video is-provider-youtube wp-embed-aspect-16-9 wp-has-aspect-ratio\"><div class=\"wp-block-embed__wrapper\">\n<iframe loading=\"lazy\" width=\"500\" height=\"281\" src=\"https:\/\/www.youtube.com\/embed\/neUSzdq9EE0?feature=oembed\" frameborder=\"0\" allow=\"accelerometer; autoplay; encrypted-media; gyroscope; picture-in-picture\" allowfullscreen><\/iframe>\n<\/div><\/figure>\n\n\n\n<figure class=\"wp-block-embed-youtube wp-block-embed is-type-video is-provider-youtube wp-embed-aspect-16-9 wp-has-aspect-ratio\"><div class=\"wp-block-embed__wrapper\">\n<iframe loading=\"lazy\" width=\"500\" height=\"281\" src=\"https:\/\/www.youtube.com\/embed\/_OW9EOWH3-s?feature=oembed\" frameborder=\"0\" allow=\"accelerometer; autoplay; encrypted-media; gyroscope; picture-in-picture\" allowfullscreen><\/iframe>\n<\/div><figcaption>Wyst\u0105pienie Prezydenta RP Andrzeja Dudy<\/figcaption><\/figure>\n\n\n\n<figure class=\"wp-block-embed-youtube wp-block-embed is-type-video is-provider-youtube wp-embed-aspect-16-9 wp-has-aspect-ratio\"><div class=\"wp-block-embed__wrapper\">\n<iframe loading=\"lazy\" width=\"500\" height=\"281\" src=\"https:\/\/www.youtube.com\/embed\/62A3ELyHx1s?feature=oembed\" frameborder=\"0\" allow=\"accelerometer; autoplay; encrypted-media; gyroscope; picture-in-picture\" allowfullscreen><\/iframe>\n<\/div><figcaption>Wyst\u0105pienie Ministra Rolnictwa i Rozwoju Wsi Jana K. Ardanowskiego<\/figcaption><\/figure>\n\n\n\n<figure class=\"wp-block-embed-youtube wp-block-embed is-type-video is-provider-youtube wp-embed-aspect-16-9 wp-has-aspect-ratio\"><div class=\"wp-block-embed__wrapper\">\n<iframe loading=\"lazy\" width=\"500\" height=\"281\" src=\"https:\/\/www.youtube.com\/embed\/nO36Bbbfoj0?feature=oembed\" frameborder=\"0\" allow=\"accelerometer; autoplay; encrypted-media; gyroscope; picture-in-picture\" allowfullscreen><\/iframe>\n<\/div><figcaption>Wyst\u0105pienie Komisarza UE ds. Rolnictwa i Rozwoju Wsi Janusza Wojciechowskiego<\/figcaption><\/figure>\n\n\n\n<p>Opracowanie. S. Sahajdak<\/p>\n","protected":false},"excerpt":{"rendered":"<p>Delegacja Zachodniopomorskiej Rady Wojew\u00f3dzkiej NSZZ Rolnik\u00f3w Indywidualnych &#8222;Solidarno\u015b\u0107&#8221; wzi\u0119\u0142a udzia\u0142 w obchodach 146 rocznicy urodzin Wincentego Witosa. ZRW reprezentowali Edward Kosmal oraz Tomasz Sikorski. Polecamy&#8230;<\/p>\n","protected":false},"author":2,"featured_media":659,"comment_status":"closed","ping_status":"closed","sticky":false,"template":"","format":"standard","meta":[],"categories":[21,25],"tags":[],"_links":{"self":[{"href":"https:\/\/pracanaroli.pl\/index.php\/wp-json\/wp\/v2\/posts\/658"}],"collection":[{"href":"https:\/\/pracanaroli.pl\/index.php\/wp-json\/wp\/v2\/posts"}],"about":[{"href":"https:\/\/pracanaroli.pl\/index.php\/wp-json\/wp\/v2\/types\/post"}],"author":[{"embeddable":true,"href":"https:\/\/pracanaroli.pl\/index.php\/wp-json\/wp\/v2\/users\/2"}],"replies":[{"embeddable":true,"href":"https:\/\/pracanaroli.pl\/index.php\/wp-json\/wp\/v2\/comments?post=658"}],"version-history":[{"count":1,"href":"https:\/\/pracanaroli.pl\/index.php\/wp-json\/wp\/v2\/posts\/658\/revisions"}],"predecessor-version":[{"id":660,"href":"https:\/\/pracanaroli.pl\/index.php\/wp-json\/wp\/v2\/posts\/658\/revisions\/660"}],"wp:featuredmedia":[{"embeddable":true,"href":"https:\/\/pracanaroli.pl\/index.php\/wp-json\/wp\/v2\/media\/659"}],"wp:attachment":[{"href":"https:\/\/pracanaroli.pl\/index.php\/wp-json\/wp\/v2\/media?parent=658"}],"wp:term":[{"taxonomy":"category","embeddable":true,"href":"https:\/\/pracanaroli.pl\/index.php\/wp-json\/wp\/v2\/categories?post=658"},{"taxonomy":"post_tag","embeddable":true,"href":"https:\/\/pracanaroli.pl\/index.php\/wp-json\/wp\/v2\/tags?post=658"}],"curies":[{"name":"wp","href":"https:\/\/api.w.org\/{rel}","templated":true}]}}