{"id":655,"date":"2020-01-28T14:51:17","date_gmt":"2020-01-28T13:51:17","guid":{"rendered":"http:\/\/pracanaroli.pl\/?p=655"},"modified":"2020-02-12T15:01:50","modified_gmt":"2020-02-12T14:01:50","slug":"jan-bialkowski-nowym-wiceministrem-rolnictwa","status":"publish","type":"post","link":"https:\/\/pracanaroli.pl\/index.php\/2020\/01\/28\/jan-bialkowski-nowym-wiceministrem-rolnictwa\/","title":{"rendered":"Jan Bia\u0142kowski nowym wiceministrem rolnictwa"},"content":{"rendered":"\n<p><strong>Minister rolnictwa i rozwoju wsi Jan Krzysztof Ardanowski, w imieniu premiera Mateusza Morawieckiego, wr\u0119czy\u0142 28.01.2020 r. Janowi Bia\u0142kowskiemu akt powo\u0142ania na stanowisko podsekretarza stanu w Ministerstwie Rolnictwa i Rozwoju Wsi.<\/strong><\/p>\n\n\n\n<p>Nowy cz\u0142onek Kierownictwa pracowa\u0142 ostatnio w Krajowym O\u015brodku Wsparcia Rolnictwa na stanowisku Zast\u0119pcy Dyrektora Generalnego. Wcze\u015bniej by\u0142 mi\u0119dzy innymi zast\u0119pc\u0105 dyrektora w Zachodniopomorskim Urz\u0119dzie Wojew\u00f3dzkim, kierownikiem Biura Powiatowego Agencji Restrukturyzacji i Modernizacji Rolnictwa, dyrektorem Biura Zachodniopomorskiej Izby Rolniczej, dyrektorem Oddzia\u0142u Terenowego Agencji Nieruchomo\u015bci Rolnych oraz dyrektorem Oddzia\u0142u Terenowego KOWR w Szczecinie.<\/p>\n\n\n\n<p>Ma r\u00f3wnie\u017c bogate do\u015bwiadczenie praktyczne w rozwi\u0105zywaniu problem\u00f3w rolnictwa wynikaj\u0105ce z prowadzenia w\u0142asnego gospodarstwa rolnego oraz wieloletniej dzia\u0142alno\u015bci spo\u0142ecznej w strukturach NSZZ Rolnik\u00f3w Indywidualnych \u201eSolidarno\u015b\u0107\u201d i samorz\u0105du rolniczego.<\/p>\n\n\n\n<p>Podsekretarz stanu Jan Bia\u0142kowski jest absolwentem Wydzia\u0142u Rolniczego Akademii Rolniczej w Szczecinie. W ministerstwie b\u0119dzie odpowiada\u0142 za kwestie dotycz\u0105ce finans\u00f3w, gospodarki ziemi\u0105 oraz hodowli i ochrony ro\u015blin.<\/p>\n\n\n\n<p>Wcze\u015bniej minister Jan Krzysztof Ardanowski podzi\u0119kowa\u0142 podsekretarzowi stanu Rafa\u0142owi Romanowskiemu, kt\u00f3ry zako\u0144czy\u0142 prac\u0119 w ministerstwie.<\/p>\n\n\n\n<h3><strong>Kompetencje<\/strong><\/h3>\n\n\n\n<p>1. okre\u015bla zadania do realizacji oraz nadzoruje ich wykonanie w sprawach obj\u0119tych zakresem dzia\u0142ania Departamentu Finans\u00f3w, Departamentu Gospodarki Ziemi\u0105 oraz Departamentu Hodowli i Ochrony Ro\u015blin, w szczeg\u00f3lno\u015bci dotycz\u0105ce:<\/p>\n\n\n\n<ul><li>planowania i dysponowania \u015brodkami finansowymi w cz\u0119\u015bciach bud\u017cetowych 32, 33 i 35 oraz \u015brodkami finansowymi pochodz\u0105cymi z funduszy UE przeznaczonymi na rozw\u00f3j rolnictwa, obszar\u00f3w wiejskich i rynk\u00f3w rolnych,<\/li><li>projektowania rozwi\u0105za\u0144 systemowych oraz stosowania instrument\u00f3w finansowych dotycz\u0105cych rolnictwa, rozwoju wsi i rynk\u00f3w rolnych,<\/li><li>systemu zbierania danych rachunkowych gospodarstw rolnych (FADN) oraz dzia\u0142alno\u015bci agencji \u0142\u0105cznikowej do spraw FADN,<\/li><li>ubezpiecze\u0144 maj\u0105tkowych,<\/li><li>gospodarki ziemi\u0105 i wspierania przemian struktury agrarnej,<\/li><li>rewindykacji nieruchomo\u015bci rolnych,<\/li><li>ochrony grunt\u00f3w rolnych,<\/li><li>geodezji rolnej,<\/li><li>melioracji i in\u017cynierii wodnej,<\/li><li>kszta\u0142towania infrastruktury technicznej wsi,<\/li><li>wykorzystania odnawialnych \u017ar\u00f3de\u0142 energii, w tym koordynacji spraw zwi\u0105zanych&nbsp;z wykorzystaniem biomasy na cele energetyczne,<\/li><li>zestawiania potrzeb jednostek podleg\u0142ych lub nadzorowanych na niekt\u00f3re wydatki maj\u0105tkowe,<\/li><li>hodowli ro\u015blin i nasiennictwa,<\/li><li>ochrony ro\u015blin i jako\u015bci zdrowotnej materia\u0142u biologicznego,<\/li><li>ochrony zasob\u00f3w genowych oraz ro\u015blin zmodyfikowanych genetycznie,<\/li><li>\u015brodk\u00f3w ochrony ro\u015blin, nawoz\u00f3w i nawo\u017cenia,<\/li><li>udzia\u0142u Polski w pracach organ\u00f3w UE tworz\u0105cych prawo wsp\u00f3lnotowe&nbsp;w zakresie spraw fitosanitarnych,<\/li><li>koordynacji spraw zwi\u0105zanych z zarz\u0105dzaniem azotanami w \u015brodowisku rolniczym;<\/li><\/ul>\n\n\n\n<p>2. okre\u015bla zadania do realizacji oraz nadzoruje ich wykonanie w sprawach obj\u0119tych zakresem dzia\u0142ania Biura Administracyjno-Bud\u017cetowego w zakresie budowy, eksploatacji i wdra\u017cania system\u00f3w e-administracji i innych system\u00f3w zwi\u0105zanych&nbsp;z informatyzacj\u0105 administracji rz\u0105dowej w dzia\u0142ach administracji rz\u0105dowej kierowanych przez Ministra;<\/p>\n\n\n\n<p>3. nadzoruje dzia\u0142alno\u015b\u0107:<\/p>\n\n\n\n<ul><li>Centralnego O\u015brodka Badania Odmian Ro\u015blin Uprawnych,<\/li><li>Krajowej Stacji Chemiczno \u2013 Rolniczej,<\/li><li>Pa\u0144stwowej Inspekcji Ochrony Ro\u015blin i Nasiennictwa,<\/li><li>Krajowego O\u015brodka Wsparcia Rolnictwa w sprawach obj\u0119tych zakresem dzia\u0142ania Departamentu Gospodarki Ziemi\u0105, Departamentu Hodowli i Ochrony Ro\u015blin.<\/li><\/ul>\n\n\n\n<p>\u0179r\u00f3d\u0142o: 1. Komunikat <a href=\"https:\/\/www.gov.pl\/web\/rolnictwo\/zmiany-w-kierownictwie\">MRiRW<\/a> 2. Informacja na stronie <a href=\"https:\/\/www.gov.pl\/web\/rolnictwo\/jan-bialkowski1\">MRiRW<\/a><\/p>\n","protected":false},"excerpt":{"rendered":"<p>Minister rolnictwa i rozwoju wsi Jan Krzysztof Ardanowski, w imieniu premiera Mateusza Morawieckiego, wr\u0119czy\u0142 28.01.2020 r. Janowi Bia\u0142kowskiemu akt powo\u0142ania na stanowisko podsekretarza stanu w&#8230;<\/p>\n","protected":false},"author":2,"featured_media":656,"comment_status":"closed","ping_status":"closed","sticky":false,"template":"","format":"standard","meta":[],"categories":[21,25],"tags":[70],"_links":{"self":[{"href":"https:\/\/pracanaroli.pl\/index.php\/wp-json\/wp\/v2\/posts\/655"}],"collection":[{"href":"https:\/\/pracanaroli.pl\/index.php\/wp-json\/wp\/v2\/posts"}],"about":[{"href":"https:\/\/pracanaroli.pl\/index.php\/wp-json\/wp\/v2\/types\/post"}],"author":[{"embeddable":true,"href":"https:\/\/pracanaroli.pl\/index.php\/wp-json\/wp\/v2\/users\/2"}],"replies":[{"embeddable":true,"href":"https:\/\/pracanaroli.pl\/index.php\/wp-json\/wp\/v2\/comments?post=655"}],"version-history":[{"count":1,"href":"https:\/\/pracanaroli.pl\/index.php\/wp-json\/wp\/v2\/posts\/655\/revisions"}],"predecessor-version":[{"id":657,"href":"https:\/\/pracanaroli.pl\/index.php\/wp-json\/wp\/v2\/posts\/655\/revisions\/657"}],"wp:featuredmedia":[{"embeddable":true,"href":"https:\/\/pracanaroli.pl\/index.php\/wp-json\/wp\/v2\/media\/656"}],"wp:attachment":[{"href":"https:\/\/pracanaroli.pl\/index.php\/wp-json\/wp\/v2\/media?parent=655"}],"wp:term":[{"taxonomy":"category","embeddable":true,"href":"https:\/\/pracanaroli.pl\/index.php\/wp-json\/wp\/v2\/categories?post=655"},{"taxonomy":"post_tag","embeddable":true,"href":"https:\/\/pracanaroli.pl\/index.php\/wp-json\/wp\/v2\/tags?post=655"}],"curies":[{"name":"wp","href":"https:\/\/api.w.org\/{rel}","templated":true}]}}