{"id":546,"date":"2020-01-02T15:40:51","date_gmt":"2020-01-02T14:40:51","guid":{"rendered":"http:\/\/pracanaroli.pl\/?p=546"},"modified":"2020-01-02T19:00:16","modified_gmt":"2020-01-02T18:00:16","slug":"zimowisko-zakopane-10-02-19-02-2020-r","status":"publish","type":"post","link":"https:\/\/pracanaroli.pl\/index.php\/2020\/01\/02\/zimowisko-zakopane-10-02-19-02-2020-r\/","title":{"rendered":"ZIMOWISKO &#8211; Zakopane 10.02-19.02.2020 r."},"content":{"rendered":"\n<p><strong>NSZZ Rolnik\u00f3w Indywidualnych &#8222;Solidarno\u015b\u0107&#8221; zaprasza do udzia\u0142u w ZIMOWISKU. Oferta skierowana jest do dzieci i m\u0142odzie\u017cy do 16 roku \u017cycia. Warunek: przynajmniej jeden rodzic musi by\u0107 ubezpieczony w KRUS.  Miejsce: Zakopane. Termin: 10.02-19.02.2020 r.<\/strong><\/p>\n\n\n\n<p><strong>Warunki pobytu: <\/strong>zimowisko organizowane jest w Pensjonacie \u201eHalina\u201d w Zakopanem, ul. Stachonie 28a na Olczy. O\u015brodek oferuje zakwaterowanie w pokojach 3, 4 i 5 osobowych, z \u0142azienkami. Na terenie obiektu znajduj\u0105 si\u0119: sto\u0142\u00f3wka, \u015bwietlice, sala dyskotekowa, sala kominkowa. Na zewn\u0105trz obiektu znajduje si\u0119 zadaszona wiata z miejscem na ognisko oraz teren rekreacyjny. <\/p>\n\n\n\n<ul class=\"is-layout-flex wp-block-gallery-1 wp-block-gallery columns-3 is-cropped\"><li class=\"blocks-gallery-item\"><figure><img decoding=\"async\" loading=\"lazy\" width=\"720\" height=\"480\" src=\"http:\/\/pracanaroli.pl\/wp-content\/uploads\/2020\/01\/DW-HALINA.jpg\" alt=\"\" data-id=\"547\" data-link=\"http:\/\/pracanaroli.pl\/?attachment_id=547\" class=\"wp-image-547\" srcset=\"https:\/\/pracanaroli.pl\/wp-content\/uploads\/2020\/01\/DW-HALINA.jpg 720w, https:\/\/pracanaroli.pl\/wp-content\/uploads\/2020\/01\/DW-HALINA-300x200.jpg 300w\" sizes=\"(max-width: 720px) 100vw, 720px\" \/><\/figure><\/li><li class=\"blocks-gallery-item\"><figure><img decoding=\"async\" loading=\"lazy\" width=\"720\" height=\"480\" src=\"http:\/\/pracanaroli.pl\/wp-content\/uploads\/2020\/01\/03.jpg\" alt=\"\" data-id=\"548\" data-link=\"http:\/\/pracanaroli.pl\/?attachment_id=548\" class=\"wp-image-548\" srcset=\"https:\/\/pracanaroli.pl\/wp-content\/uploads\/2020\/01\/03.jpg 720w, https:\/\/pracanaroli.pl\/wp-content\/uploads\/2020\/01\/03-300x200.jpg 300w\" sizes=\"(max-width: 720px) 100vw, 720px\" \/><\/figure><\/li><li class=\"blocks-gallery-item\"><figure><img decoding=\"async\" loading=\"lazy\" width=\"720\" height=\"480\" src=\"http:\/\/pracanaroli.pl\/wp-content\/uploads\/2020\/01\/09.jpg\" alt=\"\" data-id=\"549\" data-link=\"http:\/\/pracanaroli.pl\/?attachment_id=549\" class=\"wp-image-549\" srcset=\"https:\/\/pracanaroli.pl\/wp-content\/uploads\/2020\/01\/09.jpg 720w, https:\/\/pracanaroli.pl\/wp-content\/uploads\/2020\/01\/09-300x200.jpg 300w\" sizes=\"(max-width: 720px) 100vw, 720px\" \/><\/figure><\/li><\/ul>\n\n\n\n<ul><li><strong>Program: <\/strong><\/li><li>Wycieczka autokarowa \u2013 zwiedzanie Zakopanego: Kaplicy na Jaszczur\u00f3wce, Starego Ko\u015bci\u00f3\u0142ka oraz Cmentarza na P\u0105sowym Brzysku, Sanktuarium na Krzept\u00f3wkach, Wielka Krokiew.<\/li><li>Ca\u0142odniowa wycieczka autokarowa Czorsztyn-Niedzica. <\/li><li>Pobyt w Aquaparku.<\/li><li>Spacer na Krup\u00f3wki.<\/li><li>Wycieczka piesza bezpiecznym szlakiem turystycznym z Z\u0119bu na Guba\u0142\u00f3wk\u0119 oraz Butorowy Wierch. <\/li><li>Gry i zabawy na \u015bwie\u017cym, saneczkowanie. <\/li><li>Nauka jazdy na nartach i kulig (zale\u017cne od warunk\u00f3w pogodowych).<\/li><li>Dyskoteki.<\/li><li>Gry i zabawy \u015bwietlicowe &#8211; karaoke, warsztaty r\u0119kodzie\u0142a, turnieje gier planszowych. <\/li><\/ul>\n\n\n\n<p><strong>\u015awiadczenia: <\/strong><br>Zakwaterowanie i 5 posi\u0142k\u00f3w dziennie. Zg\u0142oszenie plac\u00f3wki w KO i uzyskanie zezwolenia na organizacj\u0119 zimowiska zgodnie z obowi\u0105zuj\u0105cymi przepisami. Realizacja programu &#8211; bilety wst\u0119p\u00f3w \u2013 przewodnicy. Zapewnienie bezpiecznego transportu na wycieczkach. Opieka wykwalifikowanej kadry pedagogicznej. Opieka medyczna (ca\u0142odobowa piel\u0119gniarki i lekarza na wezwanie). Ubezpieczenie NNW.<\/p>\n\n\n\n<p><strong>Osoby zainteresowane prosimy o kontakt z p. Edwardem Kosmalem<\/strong>: 668 043 144<\/p>\n\n\n\n<p>Fot. domena publiczna<br><\/p>\n","protected":false},"excerpt":{"rendered":"<p>NSZZ Rolnik\u00f3w Indywidualnych &#8222;Solidarno\u015b\u0107&#8221; zaprasza do udzia\u0142u w ZIMOWISKU. Oferta skierowana jest do dzieci i m\u0142odzie\u017cy do 16 roku \u017cycia. Warunek: przynajmniej jeden rodzic musi&#8230;<\/p>\n","protected":false},"author":2,"featured_media":550,"comment_status":"closed","ping_status":"closed","sticky":false,"template":"","format":"standard","meta":[],"categories":[20,25],"tags":[83,80,132],"_links":{"self":[{"href":"https:\/\/pracanaroli.pl\/index.php\/wp-json\/wp\/v2\/posts\/546"}],"collection":[{"href":"https:\/\/pracanaroli.pl\/index.php\/wp-json\/wp\/v2\/posts"}],"about":[{"href":"https:\/\/pracanaroli.pl\/index.php\/wp-json\/wp\/v2\/types\/post"}],"author":[{"embeddable":true,"href":"https:\/\/pracanaroli.pl\/index.php\/wp-json\/wp\/v2\/users\/2"}],"replies":[{"embeddable":true,"href":"https:\/\/pracanaroli.pl\/index.php\/wp-json\/wp\/v2\/comments?post=546"}],"version-history":[{"count":4,"href":"https:\/\/pracanaroli.pl\/index.php\/wp-json\/wp\/v2\/posts\/546\/revisions"}],"predecessor-version":[{"id":554,"href":"https:\/\/pracanaroli.pl\/index.php\/wp-json\/wp\/v2\/posts\/546\/revisions\/554"}],"wp:featuredmedia":[{"embeddable":true,"href":"https:\/\/pracanaroli.pl\/index.php\/wp-json\/wp\/v2\/media\/550"}],"wp:attachment":[{"href":"https:\/\/pracanaroli.pl\/index.php\/wp-json\/wp\/v2\/media?parent=546"}],"wp:term":[{"taxonomy":"category","embeddable":true,"href":"https:\/\/pracanaroli.pl\/index.php\/wp-json\/wp\/v2\/categories?post=546"},{"taxonomy":"post_tag","embeddable":true,"href":"https:\/\/pracanaroli.pl\/index.php\/wp-json\/wp\/v2\/tags?post=546"}],"curies":[{"name":"wp","href":"https:\/\/api.w.org\/{rel}","templated":true}]}}