{"id":537,"date":"2019-11-29T18:02:07","date_gmt":"2019-11-29T17:02:07","guid":{"rendered":"http:\/\/pracanaroli.pl\/?p=537"},"modified":"2019-11-29T20:08:57","modified_gmt":"2019-11-29T19:08:57","slug":"pokazali-1000-traktow-w-paryzu-teraz-moga-siadac-do-stolu-tak-dziala-egalim","status":"publish","type":"post","link":"https:\/\/pracanaroli.pl\/index.php\/2019\/11\/29\/pokazali-1000-traktow-w-paryzu-teraz-moga-siadac-do-stolu-tak-dziala-egalim\/","title":{"rendered":"1000 traktor\u00f3w w Pary\u017cu. Teraz mog\u0105 siada\u0107 do sto\u0142u. Tak dzia\u0142a \u201cEGalim\u201d"},"content":{"rendered":"\n<p><strong>Francuscy rolnicy protestowali poniewa\u017c siadaj\u0105 do sto\u0142u. Zbli\u017caj\u0105 si\u0119 negocjacje, w ramach kt\u00f3rych maj\u0105 zosta\u0107 ustalone ceny na 2020 rok. Chodzi o przywr\u00f3cenie r\u00f3wnowagi w stosunkach handlowych pomi\u0119dzy 450 000 gospodarstwami rolnymi, 17 000 przedsi\u0119biorstw rolno-spo\u017cywczych i sze\u015bcioma g\u0142\u00f3wnymi centrami zakup\u00f3w. <\/strong><\/p>\n\n\n\n<p>Od pocz\u0105tku 2019 r., we Francji obowi\u0105zuje prawo dotycz\u0105ce r\u00f3wnowagi stosunk\u00f3w handlowych w sektorze rolnym oraz zdrowej i zr\u00f3wnowa\u017conej \u017cywno\u015bci (<a href=\"https:\/\/agriculture.gouv.fr\/egalim-ce-que-contient-la-loi-agriculture-et-alimentation\">zobacz<\/a>). Wprowadzenie nowych regulacji w obszarze rolnictwa i \u017cywno\u015bci poprzedzone by\u0142o szerokimi konsultacjami (zobacz: <a href=\"https:\/\/agriculture.gouv.fr\/telecharger\/88674?token=743e8f8fdae63974bb5ad5993a02a3aa\">\u201cEGalim\u201d, 2017<\/a>)  <\/p>\n\n\n\n<p>Na posiedzeniu Rady Ministr\u00f3w w dniu 21 pa\u017adziernika 2019 r. Minister Gospodarki i Finans\u00f3w oraz Minister Rolnictwa i \u017bywno\u015bci przedstawili raport z dzia\u0142ania nowych regulacji, a miesi\u0105c p\u00f3\u017aniej mieli na ulicach protesty rolnicze. Mia\u0142a by\u0107 r\u00f3wnowaga, ale zdaniem protestuj\u0105cych rolnik\u00f3w jej nie ma. Dow\u00f3d? Ponad 1000 traktor\u00f3w, mi\u0119dzy innymi, na ulicach Pary\u017ca. W\u0142a\u015bciciele supermarket\u00f3w wiedz\u0105 ju\u017c, jak b\u0119d\u0105 wygl\u0105da\u0142y rozmowy za kilka tygodni.<\/p>\n\n\n\n<p>Wracaj\u0105c na polskie podw\u00f3rko. NSZZ Rolnik\u00f3w Indywidualnych \u201cSolidarno\u015b\u0107\u201d od kilku lat powtarza, \u017ce konieczne jest wprowadzenie Komisji Dialogu Spo\u0142ecznego ds. Rolnictwa (KDSds.R). To taka s\u0142owia\u0144ska wersja rozwi\u0105za\u0144 francuskich, o kt\u00f3rych mowa powy\u017cej. Rolnicy, przedsi\u0119biorcy i strona rz\u0105dowa przy jednym stole. Oczywi\u015bcie nale\u017cy cieszy\u0107 si\u0119 z \u201cPorozumienia Rolniczego\u201d (<a href=\"https:\/\/www.gov.pl\/web\/rolnictwo\/porozumienie-rolnicze--efekty-prac\">zobacz efekty prac<\/a>), ale faktem jest \u017ce tracimy czas. <\/p>\n\n\n\n<p>Pose\u0142 na Sejm RP, Robert Telus, Przewodnicz\u0105cy Komisji Rolnictwa i Rozwoju Wsi Sejmu RP zapowiada utworzenie podkomisji sta\u0142ej ds. powo\u0142ania KDSds.R. To bardzo wa\u017cna deklaracja. Warto, przy tym, pomy\u015ble\u0107 o t\u0142umaczu j\u0119zyka francuskiego, kt\u00f3ry b\u0119dzie wyja\u015bnia\u0142 parlamentarzystom i urz\u0119dnikom, to co robi\u0105 Francuzi. Jak przygotowuj\u0105 si\u0119 do negocjacji i co zyskaj\u0105. <\/p>\n\n\n\n<p>Red. <\/p>\n\n\n\n<p>Fot. Christiane Lambert, Przewodnicz\u0105ca Krajowej Federacji Organizacji Rolniczych (FNSEA) \/ Internet<\/p>\n","protected":false},"excerpt":{"rendered":"<p>Francuscy rolnicy protestowali poniewa\u017c siadaj\u0105 do sto\u0142u. Zbli\u017caj\u0105 si\u0119 negocjacje, w ramach kt\u00f3rych maj\u0105 zosta\u0107 ustalone ceny na 2020 rok. Chodzi o przywr\u00f3cenie r\u00f3wnowagi w&#8230;<\/p>\n","protected":false},"author":2,"featured_media":538,"comment_status":"closed","ping_status":"closed","sticky":false,"template":"","format":"standard","meta":[],"categories":[42,25],"tags":[130,96],"_links":{"self":[{"href":"https:\/\/pracanaroli.pl\/index.php\/wp-json\/wp\/v2\/posts\/537"}],"collection":[{"href":"https:\/\/pracanaroli.pl\/index.php\/wp-json\/wp\/v2\/posts"}],"about":[{"href":"https:\/\/pracanaroli.pl\/index.php\/wp-json\/wp\/v2\/types\/post"}],"author":[{"embeddable":true,"href":"https:\/\/pracanaroli.pl\/index.php\/wp-json\/wp\/v2\/users\/2"}],"replies":[{"embeddable":true,"href":"https:\/\/pracanaroli.pl\/index.php\/wp-json\/wp\/v2\/comments?post=537"}],"version-history":[{"count":6,"href":"https:\/\/pracanaroli.pl\/index.php\/wp-json\/wp\/v2\/posts\/537\/revisions"}],"predecessor-version":[{"id":544,"href":"https:\/\/pracanaroli.pl\/index.php\/wp-json\/wp\/v2\/posts\/537\/revisions\/544"}],"wp:featuredmedia":[{"embeddable":true,"href":"https:\/\/pracanaroli.pl\/index.php\/wp-json\/wp\/v2\/media\/538"}],"wp:attachment":[{"href":"https:\/\/pracanaroli.pl\/index.php\/wp-json\/wp\/v2\/media?parent=537"}],"wp:term":[{"taxonomy":"category","embeddable":true,"href":"https:\/\/pracanaroli.pl\/index.php\/wp-json\/wp\/v2\/categories?post=537"},{"taxonomy":"post_tag","embeddable":true,"href":"https:\/\/pracanaroli.pl\/index.php\/wp-json\/wp\/v2\/tags?post=537"}],"curies":[{"name":"wp","href":"https:\/\/api.w.org\/{rel}","templated":true}]}}