{"id":528,"date":"2019-11-27T20:12:19","date_gmt":"2019-11-27T19:12:19","guid":{"rendered":"http:\/\/pracanaroli.pl\/?p=528"},"modified":"2019-11-28T20:27:32","modified_gmt":"2019-11-28T19:27:32","slug":"nowamyl-odstepuje-od-naliczania-kar-za-nie-wywiazanie-sie-z-umow-kontraktacji-w-2019-roku","status":"publish","type":"post","link":"https:\/\/pracanaroli.pl\/index.php\/2019\/11\/27\/nowamyl-odstepuje-od-naliczania-kar-za-nie-wywiazanie-sie-z-umow-kontraktacji-w-2019-roku\/","title":{"rendered":"Nowamyl odst\u0119puje od naliczania kar za nie wywi\u0105zanie si\u0119 z um\u00f3w kontraktacji w 2019 roku"},"content":{"rendered":"\n<p><strong>W \u015brod\u0119, 27 listopada 2019 r. Zarz\u0105d Stowarzyszenia PLANTATOR spotka\u0142 si\u0119 z kierownictwem PPZ \u201eNOWAMYL\u201d S.A. w \u0141obzie p. Jerzym Jankowskim, Prezesem Zarz\u0105du oraz p. Aleksandrem Fedakiem, Zast\u0119pc\u0105 Dyrektora i Cz\u0142onkiem Zarz\u0105du. <\/strong><\/p>\n\n\n\n<blockquote class=\"wp-block-quote\"><p><em>Celem spotkania by\u0142o ustalenie wysoko\u015bci premii za wykonanie kontraktacji. Zarz\u0105d Nowamylu poinformowa\u0142 nas, \u017ce odst\u0119puje od naliczania kar za nie wywi\u0105zanie si\u0119 z um\u00f3w kontraktacji w 2019 roku. W styczniu 2020 roku, odb\u0119dzie si\u0119 kolejne spotkanie, na kt\u00f3rym ustalone zostan\u0105 ceny i limity kontraktacji na 2020 rok. <\/em><\/p><cite> <br>&#8211; m\u00f3wi Tomasz Wawre\u0144czuk z Zarz\u0105du Stowarzyszenia PLANTATOR.  <\/cite><\/blockquote>\n\n\n\n<p>Przedsi\u0119biorstwo Przemys\u0142u Ziemniaczanego \u201eNOWAMYL\u201d S.A. w \u0141obzie jest jedynym na Pomorzu Zachodnim producentem skrobi ziemniaczanej i maltodekstryn. Osiemdziesi\u0105t procent wyrob\u00f3w z \u0142obeskiej krochmalni trafia na eksport, mi\u0119dzy innymi, do Wielkiej Brytanii, Niemiec, Korei, Wietnamu i Chin. Dzi\u0119ki NOWAMYL-owi okolice \u0141obza oraz s\u0105siaduj\u0105cych powiat\u00f3w s\u0105 zag\u0142\u0119biem ziemniaczanym. Zachodniopomorskie Stowarzyszenie Producent\u00f3w Ziemniak\u00f3w PLANTATOR przy PPZ NOWAMYL S.A. z siedzib\u0105 w \u0141obzie powsta\u0142o w 2006 roku. Reprezentuje blisko 300 plantator\u00f3w. <\/p>\n\n\n\n<p>Red. \/ Fot. Sah<\/p>\n","protected":false},"excerpt":{"rendered":"<p>W \u015brod\u0119, 27 listopada 2019 r. Zarz\u0105d Stowarzyszenia PLANTATOR spotka\u0142 si\u0119 z kierownictwem PPZ \u201eNOWAMYL\u201d S.A. w \u0141obzie p. Jerzym Jankowskim, Prezesem Zarz\u0105du oraz p.&#8230;<\/p>\n","protected":false},"author":2,"featured_media":522,"comment_status":"closed","ping_status":"closed","sticky":false,"template":"","format":"standard","meta":[],"categories":[22],"tags":[101,99,110],"_links":{"self":[{"href":"https:\/\/pracanaroli.pl\/index.php\/wp-json\/wp\/v2\/posts\/528"}],"collection":[{"href":"https:\/\/pracanaroli.pl\/index.php\/wp-json\/wp\/v2\/posts"}],"about":[{"href":"https:\/\/pracanaroli.pl\/index.php\/wp-json\/wp\/v2\/types\/post"}],"author":[{"embeddable":true,"href":"https:\/\/pracanaroli.pl\/index.php\/wp-json\/wp\/v2\/users\/2"}],"replies":[{"embeddable":true,"href":"https:\/\/pracanaroli.pl\/index.php\/wp-json\/wp\/v2\/comments?post=528"}],"version-history":[{"count":1,"href":"https:\/\/pracanaroli.pl\/index.php\/wp-json\/wp\/v2\/posts\/528\/revisions"}],"predecessor-version":[{"id":529,"href":"https:\/\/pracanaroli.pl\/index.php\/wp-json\/wp\/v2\/posts\/528\/revisions\/529"}],"wp:featuredmedia":[{"embeddable":true,"href":"https:\/\/pracanaroli.pl\/index.php\/wp-json\/wp\/v2\/media\/522"}],"wp:attachment":[{"href":"https:\/\/pracanaroli.pl\/index.php\/wp-json\/wp\/v2\/media?parent=528"}],"wp:term":[{"taxonomy":"category","embeddable":true,"href":"https:\/\/pracanaroli.pl\/index.php\/wp-json\/wp\/v2\/categories?post=528"},{"taxonomy":"post_tag","embeddable":true,"href":"https:\/\/pracanaroli.pl\/index.php\/wp-json\/wp\/v2\/tags?post=528"}],"curies":[{"name":"wp","href":"https:\/\/api.w.org\/{rel}","templated":true}]}}