{"id":514,"date":"2019-11-25T07:56:06","date_gmt":"2019-11-25T06:56:06","guid":{"rendered":"http:\/\/pracanaroli.pl\/?p=514"},"modified":"2019-11-28T08:28:37","modified_gmt":"2019-11-28T07:28:37","slug":"prawa-pracownicze-rolnikow-nie-sa-wpisane-do-kodeksu-pracy-prof-jezynska-to-tak-jakby-was-nie-bylo","status":"publish","type":"post","link":"https:\/\/pracanaroli.pl\/index.php\/2019\/11\/25\/prawa-pracownicze-rolnikow-nie-sa-wpisane-do-kodeksu-pracy-prof-jezynska-to-tak-jakby-was-nie-bylo\/","title":{"rendered":"Prawa pracownicze rolnik\u00f3w nie s\u0105 wpisane do Kodeksu Pracy. Prof. Je\u017cy\u0144ska: \u201c&#8230;to tak, jakby was nie by\u0142o\u201d"},"content":{"rendered":"\n<p><strong>Prof. Barbara Je\u017cy\u0144ska, Katedra Prawa Rolnego i Gospodarki Gruntami UMCS w Lublinie (Warszawa, 28.05.19 r.): \u201cNale\u017cy uzna\u0107 za powa\u017cne zaniedbanie legislacyjne, \u017ce prawa pracownicze rolnik\u00f3w nie s\u0105 wpisane do Kodeksu Pracy. Prosz\u0119 Pa\u0144stwa, to tak, jakby was nie by\u0142o. Jakby ta sfera w og\u00f3le nie wyst\u0119powa\u0142a. To jest nies\u0142ychanie wa\u017cne, aby si\u0119 prawa pracownicze rolnicze pojawi\u0142y. (&#8230;) Prawa socjalne, prawa polityczne, prawa pracownicze, urlopy, wynagrodzenia, czas pracy, umowy o prac\u0119, umowy o zast\u0119pstwo. Tego nie ma.\u201d\u00a0<\/strong><br><\/p>\n\n\n\n<p>W dniu 25.11.2019 r. w sk\u0142ad Wojew\u00f3dzkiej Rady Dialogu Spo\u0142ecznego w Szczecinie powo\u0142ano rolnika. Edward Kosmal, Przewodnicz\u0105cy Zachodniopomorskiej Rady Wojew\u00f3dzkiej NSZZ Rolnik\u00f3w Indywidualnych \u201cSolidarno\u015b\u0107\u201d jest pierwszym rolnikiem powo\u0142anym do WRDS. O powo\u0142anie przedstawiciela rolniczego zwi\u0105zku zawodowego wnioskowa\u0142a pracownicza NSZZ \u201cSolidarno\u015b\u0107\u201d. Obecno\u015b\u0107 w gremium WRDS ma du\u017ce znaczenie dla \u015brodowiska.\u00a0<br><\/p>\n\n\n\n<p>Komisja Rolnictwa i Rozwoju Wsi Sejmu RP (KRiRW), obecnej kadencji, ma zaj\u0105\u0107 si\u0119 spraw\u0105 powo\u0142ania Komisji Dialogu Spo\u0142ecznego ds. Rolnictwa. Robert Telus, Przewodnicz\u0105cy KRiRW, w trakcie posiedzenia Komisji w dniu 21.11.2019 r., poinformowa\u0142 \u017ce zostanie powo\u0142ana podkomisja, kt\u00f3ra zajmie si\u0119 spraw\u0105. Rolnicy, w ramach akcji protestacyjnych, od lat domagaj\u0105 si\u0119 powo\u0142ania, w oparciu o regulacje ustawowe, gremium, w sk\u0142ad kt\u00f3rego weszliby rolnicy, przedsi\u0119biorcy, a tak\u017ce strona rz\u0105dowa. Do dzi\u015b sprawa nie jest uregulowana, a organizowanie spotka\u0144 \u015brodowiskowych i konsultacji w ramach MRiRW to dzia\u0142anie niewystarczaj\u0105ce. <\/p>\n\n\n\n<figure class=\"wp-block-embed-youtube wp-block-embed is-type-video is-provider-youtube wp-embed-aspect-16-9 wp-has-aspect-ratio\"><div class=\"wp-block-embed__wrapper\">\n<iframe loading=\"lazy\" width=\"500\" height=\"281\" src=\"https:\/\/www.youtube.com\/embed\/UyM9FTDErXg?feature=oembed\" frameborder=\"0\" allow=\"accelerometer; autoplay; encrypted-media; gyroscope; picture-in-picture\" allowfullscreen><\/iframe>\n<\/div><figcaption>Posiedzenie Wojew\u00f3dzkiej Rady Dialogu Spo\u0142ecznego w Szczecinie (21.11.2019)<\/figcaption><\/figure>\n\n\n\n<p>Red. \/ Fot. Sah<br><\/p>\n\n\n\n<p><\/p>\n","protected":false},"excerpt":{"rendered":"<p>Prof. Barbara Je\u017cy\u0144ska, Katedra Prawa Rolnego i Gospodarki Gruntami UMCS w Lublinie (Warszawa, 28.05.19 r.): \u201cNale\u017cy uzna\u0107 za powa\u017cne zaniedbanie legislacyjne, \u017ce prawa pracownicze rolnik\u00f3w&#8230;<\/p>\n","protected":false},"author":2,"featured_media":515,"comment_status":"closed","ping_status":"closed","sticky":false,"template":"","format":"standard","meta":[],"categories":[18,25],"tags":[130],"_links":{"self":[{"href":"https:\/\/pracanaroli.pl\/index.php\/wp-json\/wp\/v2\/posts\/514"}],"collection":[{"href":"https:\/\/pracanaroli.pl\/index.php\/wp-json\/wp\/v2\/posts"}],"about":[{"href":"https:\/\/pracanaroli.pl\/index.php\/wp-json\/wp\/v2\/types\/post"}],"author":[{"embeddable":true,"href":"https:\/\/pracanaroli.pl\/index.php\/wp-json\/wp\/v2\/users\/2"}],"replies":[{"embeddable":true,"href":"https:\/\/pracanaroli.pl\/index.php\/wp-json\/wp\/v2\/comments?post=514"}],"version-history":[{"count":2,"href":"https:\/\/pracanaroli.pl\/index.php\/wp-json\/wp\/v2\/posts\/514\/revisions"}],"predecessor-version":[{"id":519,"href":"https:\/\/pracanaroli.pl\/index.php\/wp-json\/wp\/v2\/posts\/514\/revisions\/519"}],"wp:featuredmedia":[{"embeddable":true,"href":"https:\/\/pracanaroli.pl\/index.php\/wp-json\/wp\/v2\/media\/515"}],"wp:attachment":[{"href":"https:\/\/pracanaroli.pl\/index.php\/wp-json\/wp\/v2\/media?parent=514"}],"wp:term":[{"taxonomy":"category","embeddable":true,"href":"https:\/\/pracanaroli.pl\/index.php\/wp-json\/wp\/v2\/categories?post=514"},{"taxonomy":"post_tag","embeddable":true,"href":"https:\/\/pracanaroli.pl\/index.php\/wp-json\/wp\/v2\/tags?post=514"}],"curies":[{"name":"wp","href":"https:\/\/api.w.org\/{rel}","templated":true}]}}