{"id":511,"date":"2019-11-25T09:08:26","date_gmt":"2019-11-25T08:08:26","guid":{"rendered":"http:\/\/pracanaroli.pl\/?p=511"},"modified":"2019-11-26T09:16:02","modified_gmt":"2019-11-26T08:16:02","slug":"szczecinrol-spotkanie-rolnikow-i-ogrodnikow-w-ceo-czw-12-12-2019-r-10-30-14-20","status":"publish","type":"post","link":"https:\/\/pracanaroli.pl\/index.php\/2019\/11\/25\/szczecinrol-spotkanie-rolnikow-i-ogrodnikow-w-ceo-czw-12-12-2019-r-10-30-14-20\/","title":{"rendered":"#SzczecinROL SPOTKANIE ROLNIK\u00d3W i OGRODNIK\u00d3W w CEO \u2013 czw. 12.12.2019 r., 10.30-14.20"},"content":{"rendered":"\n<p><strong>Centrum Edukacji Ogrodniczej w Szczecinie zaprasza do udzia\u0142u w SPOTKANIU ROLNIK\u00d3W i OGRODNIK\u00d3W SZCZECI\u0143SKIEGO OBSZARU METROPOLITARNEGO.<\/strong><\/p>\n\n\n\n<p>Spotkanie odb\u0119dzie si\u0119 <strong>w czwartek, 12 grudnia 2019 r. , w godz. 10.30 \u2013 14.20<\/strong> w siedzibie CEO, przy ul. Batalion\u00f3w Ch\u0142opskich 115 w Szczecinie (sala nr 54, I pi\u0119tro).<\/p>\n\n\n\n<p>Organizatorzy spotkania uwa\u017caj\u0105, \u017ce nale\u017cy podj\u0105\u0107 dzia\u0142ania, kt\u00f3rych celem b\u0119dzie integracja \u015brodowiska rolnik\u00f3w i ogrodnik\u00f3w z terenu Szczeci\u0144skiego Obszaru Metropolitarnego. Centrum Edukacji Ogrodniczej w Szczecinie mo\u017ce sta\u0107 si\u0119 centrum wsp\u00f3\u0142pracy, wymiany informacji, promocji podmiot\u00f3w zaanga\u017cowanych we wsp\u00f3\u0142prac\u0119, wreszcie miejscem, w kt\u00f3rym m\u00f3g\u0142by rozpocz\u0105\u0107 swoj\u0105 dzia\u0142alno\u015b\u0107 Klaster Rolniczy i Ogrodniczy Szczeci\u0144skiego Obszaru Metropolitarnego. Integracja, w takiej formie i miejscu, daje szans\u0119 na lepsze oddzia\u0142ywanie w relacji ze \u015brodowiskami miejskimi i wiejskimi. Pozwala na skuteczne rozwi\u0105zywanie problem\u00f3w i realizacj\u0119 projekt\u00f3w innowacyjnych wa\u017cnych dla rolnik\u00f3w i ogrodnik\u00f3w oraz konsument\u00f3w.<\/p>\n\n\n\n<p><strong>PROGRAM SPOTKANIA:<\/strong><\/p>\n\n\n\n<p><strong>10.30 \u2013 11.00<\/strong> Rejestracja<br><strong>11.00 \u2013 11.15<\/strong> Powitanie uczestnik\u00f3w<\/p>\n\n\n\n<p><strong>11.15 \u2013 12.15<\/strong><br> <strong>Sesja plenarna<\/strong> \u2013 dyskusja z udzia\u0142em panelist\u00f3w.<br> Temat: <strong>Rolnictwo i ogrodnictwo na Pomorzu Zachodnim. Szanse i zagro\u017cenia.<\/strong><\/p>\n\n\n\n<p><strong>12.15 \u2013 12.45<\/strong> Przerwa kawowa<\/p>\n\n\n\n<p><strong>12.45 \u2013 14.00<\/strong><br><strong>Sesje panelowe:<\/strong><br>1) Produkcja zwierz\u0119ca<br>2) Produkcja ro\u015blinna<br>3) Miasto i wie\u015b (w tym: ogrodnictwo miejskie, architektura krajobrazu, ziele\u0144 miejska, lasy miejskie, \u017cywno\u015b\u0107, edukacja ekologiczna, agroturystyka, itp.).<\/p>\n\n\n\n<p><strong>14.00 \u2013 14.20<\/strong> Podsumowanie spotkania<\/p>\n\n\n\n<p><strong>ZG\u0141OSZENIA:<\/strong><br> Prosimy o zg\u0142oszenie udzia\u0142u drog\u0105 mailow\u0105 \u2013 <strong>do 10.12.2019 r.<\/strong>:<br> ceogr@miasto.szczecin.pl<\/p>\n\n\n\n<p>Tytu\u0142 maila: Zg\u0142oszenie \u2013 SPOTKANIE 12.12.2019 r.<br>\nW mailu prosimy poda\u0107:<br>\n\u2013 imi\u0119 i nazwisko,<br>\n\u2013 nazw\u0119 gospodarstwa (podmiotu, instytucji),<br>\n\u2013 funkcj\u0119,<br>\n\u2013 dane do kontaktu (numer telefonu, mail),<br>\n\u2013 Prosimy o wskazanie numery wybranej sesji panelowej.<\/p>\n\n\n\n<p><strong>Udzia\u0142 w spotkaniu jest bezp\u0142atny.<\/strong><\/p>\n\n\n\n<p><strong>Parking:<\/strong><br>Bezp\u0142atny \u2013 niestrze\u017cony znajduje si\u0119 w bezpo\u015brednim s\u0105siedztwie Centrum Edukacji Ogrodniczej w Szczecinie.<\/p>\n\n\n\n<p><strong>Liczymy na Pa\u0144stwa obecno\u015b\u0107.<br>Liczymy na Pa\u0144stwa g\u0142os w dyskusji.<\/strong><\/p>\n\n\n\n<p>Lila P\u0142awi\u0144ska-Kope\u0107<br>\nDyrektor<br>\nCentrum Edukacji Ogrodniczej w Szczecinie<\/p>\n\n\n\n<p>Szczecin, dn. 25.11.2019 r.<\/p>\n\n\n\n<p><strong>Szczeci\u0144ski Obszar Metropolitarny (SOM)<\/strong> sk\u0142ada si\u0119 z o\u015brodka centralnego \u2013 miasta wojew\u00f3dzkiego Szczecina i  powi\u0105zanego z nim funkcjonalnie najbli\u017cszego otoczenia &#8211; gmin: Dobra (Szczeci\u0144ska), Goleni\u00f3w, Gryfino, Kobylanka, Ko\u0142baskowo, Nowe Warpno, Stepnica, Police, Stare Czarnowo, Stargard Szczeci\u0144ski, a tak\u017ce miasto Stargard Szczeci\u0144ski i miasto \u015awinouj\u015bcie. SOM jest miejskim obszarem funkcjonalnym o powierzchni 2 795 km2, na kt\u00f3rym zamieszkuje 687 tys. mieszka\u0144c\u00f3w (2013). Gminy miejskie, wiejskie i wiejsko-miejskie SOM zajmuj\u0105 \u0142\u0105cznie 12,2 proc. obszaru wojew\u00f3dztwa i stanowi\u0105 39,9 proc. populacji regionu (2013). \u0179r\u00f3d\u0142o: http:\/\/bip.um.szczecin.pl\/<\/p>\n\n\n\n<p>Fot. domena publiczna<\/p>\n","protected":false},"excerpt":{"rendered":"<p>Centrum Edukacji Ogrodniczej w Szczecinie zaprasza do udzia\u0142u w SPOTKANIU ROLNIK\u00d3W i OGRODNIK\u00d3W SZCZECI\u0143SKIEGO OBSZARU METROPOLITARNEGO. Spotkanie odb\u0119dzie si\u0119 w czwartek, 12 grudnia 2019 r.&#8230;<\/p>\n","protected":false},"author":2,"featured_media":512,"comment_status":"closed","ping_status":"closed","sticky":false,"template":"","format":"standard","meta":[],"categories":[20],"tags":[77,129],"_links":{"self":[{"href":"https:\/\/pracanaroli.pl\/index.php\/wp-json\/wp\/v2\/posts\/511"}],"collection":[{"href":"https:\/\/pracanaroli.pl\/index.php\/wp-json\/wp\/v2\/posts"}],"about":[{"href":"https:\/\/pracanaroli.pl\/index.php\/wp-json\/wp\/v2\/types\/post"}],"author":[{"embeddable":true,"href":"https:\/\/pracanaroli.pl\/index.php\/wp-json\/wp\/v2\/users\/2"}],"replies":[{"embeddable":true,"href":"https:\/\/pracanaroli.pl\/index.php\/wp-json\/wp\/v2\/comments?post=511"}],"version-history":[{"count":1,"href":"https:\/\/pracanaroli.pl\/index.php\/wp-json\/wp\/v2\/posts\/511\/revisions"}],"predecessor-version":[{"id":513,"href":"https:\/\/pracanaroli.pl\/index.php\/wp-json\/wp\/v2\/posts\/511\/revisions\/513"}],"wp:featuredmedia":[{"embeddable":true,"href":"https:\/\/pracanaroli.pl\/index.php\/wp-json\/wp\/v2\/media\/512"}],"wp:attachment":[{"href":"https:\/\/pracanaroli.pl\/index.php\/wp-json\/wp\/v2\/media?parent=511"}],"wp:term":[{"taxonomy":"category","embeddable":true,"href":"https:\/\/pracanaroli.pl\/index.php\/wp-json\/wp\/v2\/categories?post=511"},{"taxonomy":"post_tag","embeddable":true,"href":"https:\/\/pracanaroli.pl\/index.php\/wp-json\/wp\/v2\/tags?post=511"}],"curies":[{"name":"wp","href":"https:\/\/api.w.org\/{rel}","templated":true}]}}