{"id":505,"date":"2019-11-19T21:18:12","date_gmt":"2019-11-19T20:18:12","guid":{"rendered":"http:\/\/pracanaroli.pl\/?p=505"},"modified":"2019-11-20T21:19:36","modified_gmt":"2019-11-20T20:19:36","slug":"polaczyla-nas-ziemia-wspomnienie-j-leszczynskiego-marianowo-so-23-11-19-r-g-14-00","status":"publish","type":"post","link":"https:\/\/pracanaroli.pl\/index.php\/2019\/11\/19\/polaczyla-nas-ziemia-wspomnienie-j-leszczynskiego-marianowo-so-23-11-19-r-g-14-00\/","title":{"rendered":"PO\u0141\u0104CZY\u0141A NAS ZIEMIA &#8211; wspomnienie J. Leszczy\u0144skiego [Marianowo, so. 23.11.19 r., g. 14.00]"},"content":{"rendered":"\n<p>J\u00f3zef Leszczy\u0144ski, sztandarowy pocztu NSZZ Rolnik\u00f3w Indywidualnych \u201eSolidarno\u015b\u0107\u201d na Pomorzu Zachodnim, cz\u0142onek Zachodniopomorskiej Rady Wojew\u00f3dzkiej, uczestnik protest\u00f3w w obronie Polskiej Ziemi, zgin\u0105\u0142 9.10.2019 r. \u015bmierci\u0105 tragiczn\u0105 w trakcie wykonywania prac polowych. Po\u017cegnali\u015bmy naszego Koleg\u0119 w dniu 19.10.2019 r.<\/p>\n\n\n\n<p>W najbli\u017csz\u0105 sobot\u0119, 23.11.2019 r. zapraszamy do Marianowa. Spotkanie wspomnie\u0144 po\u015bwi\u0119cone \u015ap. J\u00f3zefowi Leszczy\u0144skiemu rozpoczniemy o godzinie 14.00 przy Jego grobie na cmentarzu w Marianowie.  Sw\u00f3j udzia\u0142 w wydarzeniu zapowiedzia\u0142 Kapelan Rolnik\u00f3w Indywidualnych ks. Waldemar Gasztkowski. Na godzin\u0119 15.00 zaplanowano Nabo\u017ce\u0144stwo w Ko\u015bciele pw. Niepokalanego Pocz\u0119cia NMP, a po Mszy \u015awi\u0119tej udamy si\u0119 na spotkanie do remizy OSP.<\/p>\n\n\n\n<p>Prezydium ZRW NSZZ RI &#8222;Solidarno\u015b\u0107&#8221;  <\/p>\n","protected":false},"excerpt":{"rendered":"<p>J\u00f3zef Leszczy\u0144ski, sztandarowy pocztu NSZZ Rolnik\u00f3w Indywidualnych \u201eSolidarno\u015b\u0107\u201d na Pomorzu Zachodnim, cz\u0142onek Zachodniopomorskiej Rady Wojew\u00f3dzkiej, uczestnik protest\u00f3w w obronie Polskiej Ziemi, zgin\u0105\u0142 9.10.2019 r. \u015bmierci\u0105&#8230;<\/p>\n","protected":false},"author":2,"featured_media":417,"comment_status":"closed","ping_status":"closed","sticky":false,"template":"","format":"standard","meta":[],"categories":[21,25],"tags":[114],"_links":{"self":[{"href":"https:\/\/pracanaroli.pl\/index.php\/wp-json\/wp\/v2\/posts\/505"}],"collection":[{"href":"https:\/\/pracanaroli.pl\/index.php\/wp-json\/wp\/v2\/posts"}],"about":[{"href":"https:\/\/pracanaroli.pl\/index.php\/wp-json\/wp\/v2\/types\/post"}],"author":[{"embeddable":true,"href":"https:\/\/pracanaroli.pl\/index.php\/wp-json\/wp\/v2\/users\/2"}],"replies":[{"embeddable":true,"href":"https:\/\/pracanaroli.pl\/index.php\/wp-json\/wp\/v2\/comments?post=505"}],"version-history":[{"count":1,"href":"https:\/\/pracanaroli.pl\/index.php\/wp-json\/wp\/v2\/posts\/505\/revisions"}],"predecessor-version":[{"id":506,"href":"https:\/\/pracanaroli.pl\/index.php\/wp-json\/wp\/v2\/posts\/505\/revisions\/506"}],"wp:featuredmedia":[{"embeddable":true,"href":"https:\/\/pracanaroli.pl\/index.php\/wp-json\/wp\/v2\/media\/417"}],"wp:attachment":[{"href":"https:\/\/pracanaroli.pl\/index.php\/wp-json\/wp\/v2\/media?parent=505"}],"wp:term":[{"taxonomy":"category","embeddable":true,"href":"https:\/\/pracanaroli.pl\/index.php\/wp-json\/wp\/v2\/categories?post=505"},{"taxonomy":"post_tag","embeddable":true,"href":"https:\/\/pracanaroli.pl\/index.php\/wp-json\/wp\/v2\/tags?post=505"}],"curies":[{"name":"wp","href":"https:\/\/api.w.org\/{rel}","templated":true}]}}