{"id":492,"date":"2019-11-08T17:12:08","date_gmt":"2019-11-08T16:12:08","guid":{"rendered":"http:\/\/pracanaroli.pl\/?p=492"},"modified":"2019-11-08T17:13:53","modified_gmt":"2019-11-08T16:13:53","slug":"rolnik-ocenia-i-decyduje-okres-nawozenia-do-30-listopada","status":"publish","type":"post","link":"https:\/\/pracanaroli.pl\/index.php\/2019\/11\/08\/rolnik-ocenia-i-decyduje-okres-nawozenia-do-30-listopada\/","title":{"rendered":"Rolnik ocenia i decyduje. Okres nawo\u017cenia do 30 listopada"},"content":{"rendered":"\n<p>Departament Hodowli i Ochrony Ro\u015blin MRiRW odpowiedzia\u0142 na zapytanie Krajowej Rady Izb Rolniczych w sprawie wyd\u0142u\u017cenia do 30 listopada terminu stosowania nawoz\u00f3w na gruntach ornych. &#8222;<strong><em>Producent rolny samodzielnie ocenia, uwzgl\u0119dniaj\u0105c panuj\u0105ce lokalnie niekorzystne warunki pogodowe, czy istnieje potrzeba d\u0142u\u017cszego okresu nawo\u017cenia tj. do 30 listopada.<\/em>&#8221; <\/strong><\/p>\n\n\n\n<p>W pi\u015bmie Ministerstwa do Prezesa KRiR p. Wiktora Szmulewicza, czytamy mi\u0119dzy innymi, \u017ce &#8222;Aby uwzgl\u0119dni\u0107 pewne niespodziewane warunki pogodowe uniemo\u017cliwiaj\u0105ce prowadzenie dzia\u0142alno\u015bci rolniczej, przepisy ust. 3 rozdzia\u0142u 1.3 rozporz\u0105dzenia Rady Ministr\u00f3w z dnia 5 czerwca 2018 r. <em>w sprawie przyj\u0119cia &#8222;Programu dzia\u0142a\u0144 maj\u0105cych na celu zmniejszenie zanieczyszczenia w\u00f3d azotanami pochodz\u0105cymi ze \u017ar\u00f3de\u0142 rolniczych oraz zapobieganie dalszemu zanieczyszczeniu<\/em> (Dz. U. z 2018 r. poz. 1339) &#8211; tzw. <em>programu azotanowego<\/em>. &#8211; umo\u017cliwiaj\u0105 podmiotom, kt\u00f3re nie mog\u0142y dokona\u0107 zbior\u00f3w lub nawo\u017cenia z uwagi na niekorzystne warunki pogodowe, dokonanie nawo\u017cenia w terminach p\u00f3\u017aniejszych ni\u017c te okre\u015blone w Tabeli I <em>programu azotanowego<\/em>, jednak nie p\u00f3\u017aniej ni\u017c do dnia 30 listopada. Mo\u017cliwo\u015b\u0107 ta ma zastosowanie m.in. w przypadku nadmiernego uwilgotnienia gleby lub wyst\u0105pienia suszy rolniczej, kt\u00f3r\u0105 obserwowali\u015bmy w 2019 r.&#8221;<\/p>\n\n\n\n<p>Dalej czytamy, \u017ce &#8222;przepis ust. 3 rozdzia\u0142u 1.3 programu azotanowego nie wymaga wydania przez Ministerstwo Rolnictwa i Rozwoju Wsi dodatkowej zgody.  Producent rolny samodzielnie ocenia, uwzgl\u0119dniaj\u0105c panuj\u0105ce lokalnie niekorzystne warunki pogodowe, czy istnieje potrzeba d\u0142u\u017cszego okresu nawo\u017cenia tj. do 30 listopada. &#8222;<\/p>\n\n\n\n<figure class=\"wp-block-image is-resized\"><img decoding=\"async\" loading=\"lazy\" src=\"http:\/\/pracanaroli.pl\/wp-content\/uploads\/2019\/11\/PISMO-MRiRW-KRIR.png\" alt=\"\" class=\"wp-image-494\" width=\"488\" height=\"707\" srcset=\"https:\/\/pracanaroli.pl\/wp-content\/uploads\/2019\/11\/PISMO-MRiRW-KRIR.png 450w, https:\/\/pracanaroli.pl\/wp-content\/uploads\/2019\/11\/PISMO-MRiRW-KRIR-207x300.png 207w\" sizes=\"(max-width: 488px) 100vw, 488px\" \/><figcaption>\u0179r\u00f3d\u0142o: RP ZIR Goleni\u00f3w (8.11.2019 r.)<\/figcaption><\/figure>\n","protected":false},"excerpt":{"rendered":"<p>Departament Hodowli i Ochrony Ro\u015blin MRiRW odpowiedzia\u0142 na zapytanie Krajowej Rady Izb Rolniczych w sprawie wyd\u0142u\u017cenia do 30 listopada terminu stosowania nawoz\u00f3w na gruntach ornych.&#8230;<\/p>\n","protected":false},"author":2,"featured_media":493,"comment_status":"closed","ping_status":"closed","sticky":false,"template":"","format":"standard","meta":[],"categories":[22],"tags":[128],"_links":{"self":[{"href":"https:\/\/pracanaroli.pl\/index.php\/wp-json\/wp\/v2\/posts\/492"}],"collection":[{"href":"https:\/\/pracanaroli.pl\/index.php\/wp-json\/wp\/v2\/posts"}],"about":[{"href":"https:\/\/pracanaroli.pl\/index.php\/wp-json\/wp\/v2\/types\/post"}],"author":[{"embeddable":true,"href":"https:\/\/pracanaroli.pl\/index.php\/wp-json\/wp\/v2\/users\/2"}],"replies":[{"embeddable":true,"href":"https:\/\/pracanaroli.pl\/index.php\/wp-json\/wp\/v2\/comments?post=492"}],"version-history":[{"count":2,"href":"https:\/\/pracanaroli.pl\/index.php\/wp-json\/wp\/v2\/posts\/492\/revisions"}],"predecessor-version":[{"id":496,"href":"https:\/\/pracanaroli.pl\/index.php\/wp-json\/wp\/v2\/posts\/492\/revisions\/496"}],"wp:featuredmedia":[{"embeddable":true,"href":"https:\/\/pracanaroli.pl\/index.php\/wp-json\/wp\/v2\/media\/493"}],"wp:attachment":[{"href":"https:\/\/pracanaroli.pl\/index.php\/wp-json\/wp\/v2\/media?parent=492"}],"wp:term":[{"taxonomy":"category","embeddable":true,"href":"https:\/\/pracanaroli.pl\/index.php\/wp-json\/wp\/v2\/categories?post=492"},{"taxonomy":"post_tag","embeddable":true,"href":"https:\/\/pracanaroli.pl\/index.php\/wp-json\/wp\/v2\/tags?post=492"}],"curies":[{"name":"wp","href":"https:\/\/api.w.org\/{rel}","templated":true}]}}