{"id":477,"date":"2019-11-06T19:56:49","date_gmt":"2019-11-06T18:56:49","guid":{"rendered":"http:\/\/pracanaroli.pl\/?p=477"},"modified":"2019-11-06T19:57:31","modified_gmt":"2019-11-06T18:57:31","slug":"szczecinekrol-koszalinska-izba-rolnicza-rolnicy-na-tak-rozpoczely-sie-zwiazkowe-konsultacje","status":"publish","type":"post","link":"https:\/\/pracanaroli.pl\/index.php\/2019\/11\/06\/szczecinekrol-koszalinska-izba-rolnicza-rolnicy-na-tak-rozpoczely-sie-zwiazkowe-konsultacje\/","title":{"rendered":"#SzczecinekROL Koszali\u0144ska Izba Rolnicza. Rolnicy na TAK. Rozpocz\u0119\u0142y si\u0119 konsultacje zwi\u0105zkowe"},"content":{"rendered":"\n<p><strong>W Dal\u0119cinie 5.11.19 r. odby\u0142o si\u0119 spotkanie konsultacyjne Rady Powiatowej NSZZ Rolnik\u00f3w Indywidualnych \u201cSolidarno\u015b\u0107\u201d w Szczecinku. Rolnicy, kt\u00f3rzy wzi\u0119li w nim udzia\u0142, opowiedzieli si\u0119 za propozycj\u0105 powo\u0142ania do \u017cycia Koszali\u0144skiej Izby Rolniczej. <\/strong><\/p>\n\n\n\n<p>Za powo\u0142aniem Koszali\u0144skiej Izby Rolniczej (KIR) przemawia fakt, \u017ce od ponad dw\u00f3ch lat z powodzeniem w Koszalinie dzia\u0142a Oddzia\u0142 Terenowy Krajowego O\u015brodka Wsparcia Rolnictwa (KOWR). Nowa izba mog\u0142aby obj\u0105\u0107 powiaty bia\u0142ogardzki, drawski, ko\u0142obrzeski, Koszalin &#8211; miasto na prawach powiatu, koszali\u0144ski, s\u0142awie\u0144ski, szczecinecki i \u015bwidwi\u0144ski. Dzia\u0142anie w kierunku utworzenia KIR nie wymaga wi\u0119kszych zmian legislacyjnych. Wystarczy odwo\u0142a\u0107 si\u0119 do regulacji obowi\u0105zuj\u0105cych w II Rzeczypospolitej, a w szczeg\u00f3lno\u015bci zapis\u00f3w Rozporz\u0105dzenia Prezydenta Rzeczypospolitej z dnia 22 marca 1928 r. o izbach rolniczych. W art. 2 mowa jest o tym, \u017ce okr\u0119g dzia\u0142alno\u015bci izby rolniczej obejmowa\u0107 b\u0119dzie obszar jednego wojew\u00f3dztwa. W wypadkach uzasadnionych szczeg\u00f3lnymi wzgl\u0119dami gospodarczymi okr\u0119g izby rolniczej mo\u017ce by\u0107 mniejszy od obszaru jednego wojew\u00f3dztwa z tym zastrze\u017ceniem, \u017ce winny nim by\u0107 obj\u0119te ca\u0142e obszary powiat\u00f3w. <\/p>\n\n\n\n<p>Zachodniopomorska Rada Wojew\u00f3dzka NSZZ Rolnik\u00f3w Indywidualnych \u201cSolidarno\u015b\u0107\u201d zarz\u0105dzi\u0142a przeprowadzenie konsultacji w cz\u0119\u015bci koszali\u0144skiej do ko\u0144ca stycznia 2020 roku. Raport z konsultacji stanie si\u0119 podstaw\u0105 dla w\u0142adz Zwi\u0105zku do podj\u0119cia dalszych dzia\u0142a\u0144, w tym rozm\u00f3w z liderami samorz\u0105du rolniczego oraz politykami. Jednym z argument\u00f3w przemawiaj\u0105cych za utworzeniem nowej izby na Pomorzu Zachodnim jest poprawa naszej reprezentatywno\u015bci na forum Krajowej Rady Izb Rolniczych. Rolnictwo w Polsce P\u00f3\u0142nocnej i Zachodniej ma swoj\u0105 specyfik\u0119. Bardzo cz\u0119sto, w samym \u015brodowisku rolniczym, brak jest zrozumienia dla zr\u00f3\u017cnicowania regionalnego.  <\/p>\n\n\n\n<p><strong>Nie dla orki i siewu mailem<\/strong><br> W powiecie szczecineckim \u015bcieraj\u0105 si\u0119 dwa modele rolnictwa. Jeden oparty na rolnikach indywidualnych, a drugi na rolnikach z tzw. marsza\u0142kowskiej. System uprawiania roli i hodowli zwierz\u0105t w realu i system &#8211; jak to m\u00f3wi\u0105 miejscowi rolnicy &#8211; uprawiania dop\u0142at, orki i siewu mailem. Czy tak ma wygl\u0105da\u0107 Wsp\u00f3lna Polityka Rolna Unii Europejskiej? Co dalej z dop\u0142atami? Kto ma je otrzymywa\u0107? Rolnicy wi\u0105\u017c\u0105 du\u017ce nadzieje z powo\u0142aniem na stanowisko Komisarza ds. Rolnictwa i Rozwoju Wsi UE p. Janusza Wojciechowskiego. <\/p>\n\n\n\n<p><strong>IUNG si\u0119 nie obroni<\/strong><br> W trakcie konsultacji Solidarno\u015bci RI w Dal\u0119cinie rozmawiano o sytuacji w rolnictwie na terenie powiatu szczecineckiego. Tematem wiod\u0105cym by\u0142y straty wywo\u0142ane susz\u0105, ale i przymrozkami. Krytycznie odnoszono si\u0119 do metodologii monitoringu suszy rolniczej na Pomorzu Zachodnim. Za ni\u0105 odpowiada Instytut Uprawy Nawo\u017cenia i Gleboznawstwa PIB w Pu\u0142awach. Dane prezentowane przez IUNG cz\u0119sto nijak mia\u0142y si\u0119 do efekt\u00f3w prac komisji szacuj\u0105cych straty w terenie. Rozgoryczenie w \u015brodowisku rolniczym jest ogromne, a miejscowa administracja jest bezsilna. Go\u015b\u0107mi spotkania byli przedstawiciele Zachodniopomorskiego O\u015brodka Doradztwa Rolniczego w Barzkowicach, p. Adam L. Kalinowski dyrektor ZODR oraz p. Kazimierz P\u0142atek, kierownik Powiatowego Zespo\u0142u Doradztwa Rolniczego w Szczecinku. O dzia\u0142aniach Agencji Restrukturyzacji i Modernizacji Rolnictwa na terenie powiatu m\u00f3wi\u0142a kierownik biura ARMiR w Szczecinku p. Ma\u0142gorzata Kucharska-Kazirod. <\/p>\n\n\n\n<p>O terminie kolejnego spotkania konsultacyjnego b\u0119dziemy informowali na stronie pracanaroli.pl <\/p>\n\n\n\n<p>Red. \/ Fot. Sah<\/p>\n\n\n\n<figure class=\"wp-block-image\"><img decoding=\"async\" loading=\"lazy\" width=\"1024\" height=\"576\" src=\"http:\/\/pracanaroli.pl\/wp-content\/uploads\/2019\/11\/IMG_20191105_140906-1024x576.jpg\" alt=\"\" class=\"wp-image-479\" srcset=\"https:\/\/pracanaroli.pl\/wp-content\/uploads\/2019\/11\/IMG_20191105_140906-1024x576.jpg 1024w, https:\/\/pracanaroli.pl\/wp-content\/uploads\/2019\/11\/IMG_20191105_140906-300x169.jpg 300w, https:\/\/pracanaroli.pl\/wp-content\/uploads\/2019\/11\/IMG_20191105_140906-768x432.jpg 768w\" sizes=\"(max-width: 1024px) 100vw, 1024px\" \/><figcaption>Od lewej: Ma\u0142gorzata Kucharska-Kazirod, Kazimierz P\u0142atek, Adam L. Kalinowski oraz Emil Mieczaj. <\/figcaption><\/figure>\n","protected":false},"excerpt":{"rendered":"<p>W Dal\u0119cinie 5.11.19 r. odby\u0142o si\u0119 spotkanie konsultacyjne Rady Powiatowej NSZZ Rolnik\u00f3w Indywidualnych \u201cSolidarno\u015b\u0107\u201d w Szczecinku. Rolnicy, kt\u00f3rzy wzi\u0119li w nim udzia\u0142, opowiedzieli si\u0119 za&#8230;<\/p>\n","protected":false},"author":2,"featured_media":480,"comment_status":"closed","ping_status":"closed","sticky":false,"template":"","format":"standard","meta":[],"categories":[25],"tags":[76,49,126,104],"_links":{"self":[{"href":"https:\/\/pracanaroli.pl\/index.php\/wp-json\/wp\/v2\/posts\/477"}],"collection":[{"href":"https:\/\/pracanaroli.pl\/index.php\/wp-json\/wp\/v2\/posts"}],"about":[{"href":"https:\/\/pracanaroli.pl\/index.php\/wp-json\/wp\/v2\/types\/post"}],"author":[{"embeddable":true,"href":"https:\/\/pracanaroli.pl\/index.php\/wp-json\/wp\/v2\/users\/2"}],"replies":[{"embeddable":true,"href":"https:\/\/pracanaroli.pl\/index.php\/wp-json\/wp\/v2\/comments?post=477"}],"version-history":[{"count":2,"href":"https:\/\/pracanaroli.pl\/index.php\/wp-json\/wp\/v2\/posts\/477\/revisions"}],"predecessor-version":[{"id":482,"href":"https:\/\/pracanaroli.pl\/index.php\/wp-json\/wp\/v2\/posts\/477\/revisions\/482"}],"wp:featuredmedia":[{"embeddable":true,"href":"https:\/\/pracanaroli.pl\/index.php\/wp-json\/wp\/v2\/media\/480"}],"wp:attachment":[{"href":"https:\/\/pracanaroli.pl\/index.php\/wp-json\/wp\/v2\/media?parent=477"}],"wp:term":[{"taxonomy":"category","embeddable":true,"href":"https:\/\/pracanaroli.pl\/index.php\/wp-json\/wp\/v2\/categories?post=477"},{"taxonomy":"post_tag","embeddable":true,"href":"https:\/\/pracanaroli.pl\/index.php\/wp-json\/wp\/v2\/tags?post=477"}],"curies":[{"name":"wp","href":"https:\/\/api.w.org\/{rel}","templated":true}]}}