{"id":471,"date":"2019-11-06T09:35:38","date_gmt":"2019-11-06T08:35:38","guid":{"rendered":"http:\/\/pracanaroli.pl\/?p=471"},"modified":"2019-11-06T09:35:41","modified_gmt":"2019-11-06T08:35:41","slug":"susza-a-timing-wyplaty-rekompensat","status":"publish","type":"post","link":"https:\/\/pracanaroli.pl\/index.php\/2019\/11\/06\/susza-a-timing-wyplaty-rekompensat\/","title":{"rendered":"Susza a timing wyp\u0142aty rekompensat"},"content":{"rendered":"\n<p><strong>Czy termin wyp\u0142aty rekompensat zwi\u0105zanych z wyst\u0105pieniem kl\u0119sk ma wp\u0142yw na gospodarstwa? Wyobra\u017acie sobie sytuacj\u0119. Jest gospodarstwo zajmuj\u0105ce si\u0119 produkcj\u0105 zwierz\u0119c\u0105. Wyobra\u017acie sobie, \u017ce 3 rok z rz\u0119du ma problem z zabezpieczeniem bazy paszowej. Produkcja spada. Spada obr\u00f3t finansowy. Zwi\u0119kszaj\u0105 si\u0119 koszty. Bo \u0142\u0105k trzeba wykosi\u0107 2 razy wi\u0119cej, bo zgrabi\u0107 pokos\u00f3w trzeba 2 razy wi\u0119cej, bo koszt\u00f3w ponosimy 2 razy wi\u0119cej. Krowa nie p\u00f3jdzie na p\u00f3\u0142k\u0119, nie poczeka do nowego sezonu. W zim\u0119 musi mie\u0107 pasz\u0119. <\/strong><\/p>\n\n\n\n<p>Mamy 5 listopada 2019 roku. W wielu miejscach protoko\u0142y nie wr\u00f3ci\u0142y jeszcze od wojewod\u00f3w. Wiele wniosk\u00f3w nie jest jeszcze obrobionych przez #ARiMR. A transza \u015brodk\u00f3w przeznaczona na pomoc uleg\u0142a wyczerpaniu. Co zrobi\u0107?<\/p>\n\n\n\n<p>Czekamy na zaliczki p\u0142atno\u015bci bezpo\u015brednich. Pytanie: w jaki spos\u00f3b, jakim systemem kieruje si\u0119 ARMiR przy wyp\u0142acie \u015brodk\u00f3w? Czy ten system, lub jego brak ma wp\u0142yw na sytuacj\u0119 ekonomiczn\u0105 gospodarstw? Czy odleg\u0142y termin wyp\u0142aty zaliczki mo\u017ce decydowa\u0107 o by\u0107 albo nie by\u0107 gospodarstwa? Czy kontrola foto, lub kontrola zwi\u0105zana z donosem mo\u017ce by\u0107 przyczyn\u0105 upadku gospodarstwa? <\/p>\n\n\n\n<p><strong>TIMING, po polsku wyczucie czasu.<\/strong><\/p>\n\n\n\n<p>W gospodarstwach zajmuj\u0105cych si\u0119 produkcj\u0105 zwierz\u0119c\u0105 ko\u0144czy si\u0119 czas. Mamy ostatnie chwile na nabycie pasz obj\u0119to\u015bciowych jakimi s\u0105 wys\u0142odki buraczane. Sko\u0144czy si\u0119 kampania buraczana, sko\u0144cz\u0105 si\u0119 wys\u0142odki. Sko\u0144cz\u0105 si\u0119 mo\u017cliwo\u015bci. <\/p>\n\n\n\n<p>Rolnik<br><\/p>\n\n\n\n<p>Fot. domena publiczna <\/p>\n","protected":false},"excerpt":{"rendered":"<p>Czy termin wyp\u0142aty rekompensat zwi\u0105zanych z wyst\u0105pieniem kl\u0119sk ma wp\u0142yw na gospodarstwa? Wyobra\u017acie sobie sytuacj\u0119. Jest gospodarstwo zajmuj\u0105ce si\u0119 produkcj\u0105 zwierz\u0119c\u0105. Wyobra\u017acie sobie, \u017ce 3&#8230;<\/p>\n","protected":false},"author":2,"featured_media":472,"comment_status":"closed","ping_status":"closed","sticky":false,"template":"","format":"standard","meta":[],"categories":[23],"tags":[76,68,97],"_links":{"self":[{"href":"https:\/\/pracanaroli.pl\/index.php\/wp-json\/wp\/v2\/posts\/471"}],"collection":[{"href":"https:\/\/pracanaroli.pl\/index.php\/wp-json\/wp\/v2\/posts"}],"about":[{"href":"https:\/\/pracanaroli.pl\/index.php\/wp-json\/wp\/v2\/types\/post"}],"author":[{"embeddable":true,"href":"https:\/\/pracanaroli.pl\/index.php\/wp-json\/wp\/v2\/users\/2"}],"replies":[{"embeddable":true,"href":"https:\/\/pracanaroli.pl\/index.php\/wp-json\/wp\/v2\/comments?post=471"}],"version-history":[{"count":1,"href":"https:\/\/pracanaroli.pl\/index.php\/wp-json\/wp\/v2\/posts\/471\/revisions"}],"predecessor-version":[{"id":473,"href":"https:\/\/pracanaroli.pl\/index.php\/wp-json\/wp\/v2\/posts\/471\/revisions\/473"}],"wp:featuredmedia":[{"embeddable":true,"href":"https:\/\/pracanaroli.pl\/index.php\/wp-json\/wp\/v2\/media\/472"}],"wp:attachment":[{"href":"https:\/\/pracanaroli.pl\/index.php\/wp-json\/wp\/v2\/media?parent=471"}],"wp:term":[{"taxonomy":"category","embeddable":true,"href":"https:\/\/pracanaroli.pl\/index.php\/wp-json\/wp\/v2\/categories?post=471"},{"taxonomy":"post_tag","embeddable":true,"href":"https:\/\/pracanaroli.pl\/index.php\/wp-json\/wp\/v2\/tags?post=471"}],"curies":[{"name":"wp","href":"https:\/\/api.w.org\/{rel}","templated":true}]}}