{"id":458,"date":"2019-10-31T12:23:15","date_gmt":"2019-10-31T11:23:15","guid":{"rendered":"http:\/\/pracanaroli.pl\/?p=458"},"modified":"2019-10-31T12:23:17","modified_gmt":"2019-10-31T11:23:17","slug":"gryficerol-nadzikiewicz-interweniuje-u-prezesa-zir-w-sprawie-stoislawia","status":"publish","type":"post","link":"https:\/\/pracanaroli.pl\/index.php\/2019\/10\/31\/gryficerol-nadzikiewicz-interweniuje-u-prezesa-zir-w-sprawie-stoislawia\/","title":{"rendered":"#GryficeROL. Nadzikiewicz interweniuje u Prezesa ZIR w sprawie Stois\u0142awia"},"content":{"rendered":"\n<p>&#8222;<em>W imieniu Rady Powiatu Gryfice prosz\u0119 o podj\u0119cie pilnie rozm\u00f3w z Ministerstwem Rolnictwa i Rozwoju Wsi  ws zbyt niskiej ceny zb\u00f3\u017c. W zak\u0142adach zbo\u017cowych w Stois\u0142awiu cena \u017cyta to 420 z\u0142. Stois\u0142aw mia\u0142 by\u0107 stabilizatorem cen w naszym regionie a tym czasem jest destabilizatorem proponuj\u0105c tak nisk\u0105 cen\u0119. Wszystkie inne podmioty skupowe dostosowuj\u0105 si\u0119 do ceny Stois\u0142awia<\/em>. &#8211; pisze w mailu z 30.10.2019 r. do Andrzeja Karbowego, Prezesa Zachodniopomorskiej Izby Rolniczej Piotr Nadzikiewicz, Przewodnicz\u0105cy Rady Powiatowej ZIR w Gryficach. Mail przes\u0142a\u0142 do wiadomo\u015bci przewodnicz\u0105cych struktur powiatowych samorz\u0105du rolniczego.  <\/p>\n\n\n\n<p>Nadzikiewicz przypomnia\u0142, \u017ce w ubieg\u0142ym roku Prezes ZIR wraz z delegatem do KRIR interweniowali u Ministra w sprawie. Po ich interwencji nast\u0105pi\u0142 wzrost ceny w Stois\u0142awiu, co znacznie poprawi\u0142o sytuacj\u0119 na rynku zb\u00f3\u017c w regionie. <\/p>\n\n\n\n<p>&#8222;<em>Panie Prezesie licz\u0119 \u017ce podejmie Pan w trybie pilnym interwencje i rolnicy b\u0119d\u0105 mogli sprzedawa\u0107 swoje produkty w satysfakcjonuj\u0105cych ich cenach. Prosz\u0119 o informacje z podj\u0119tych dzia\u0142aniach.<\/em>&#8221; &#8211; ko\u0144czy sw\u00f3j mail Przewodnicz\u0105cy Rady Powiatowej ZIR w Gryficach. <\/p>\n\n\n\n<p>Red. Fot. domena publiczna<\/p>\n","protected":false},"excerpt":{"rendered":"<p>&#8222;W imieniu Rady Powiatu Gryfice prosz\u0119 o podj\u0119cie pilnie rozm\u00f3w z Ministerstwem Rolnictwa i Rozwoju Wsi ws zbyt niskiej ceny zb\u00f3\u017c. W zak\u0142adach zbo\u017cowych w&#8230;<\/p>\n","protected":false},"author":2,"featured_media":459,"comment_status":"closed","ping_status":"closed","sticky":false,"template":"","format":"standard","meta":[],"categories":[24,22],"tags":[119,118],"_links":{"self":[{"href":"https:\/\/pracanaroli.pl\/index.php\/wp-json\/wp\/v2\/posts\/458"}],"collection":[{"href":"https:\/\/pracanaroli.pl\/index.php\/wp-json\/wp\/v2\/posts"}],"about":[{"href":"https:\/\/pracanaroli.pl\/index.php\/wp-json\/wp\/v2\/types\/post"}],"author":[{"embeddable":true,"href":"https:\/\/pracanaroli.pl\/index.php\/wp-json\/wp\/v2\/users\/2"}],"replies":[{"embeddable":true,"href":"https:\/\/pracanaroli.pl\/index.php\/wp-json\/wp\/v2\/comments?post=458"}],"version-history":[{"count":1,"href":"https:\/\/pracanaroli.pl\/index.php\/wp-json\/wp\/v2\/posts\/458\/revisions"}],"predecessor-version":[{"id":460,"href":"https:\/\/pracanaroli.pl\/index.php\/wp-json\/wp\/v2\/posts\/458\/revisions\/460"}],"wp:featuredmedia":[{"embeddable":true,"href":"https:\/\/pracanaroli.pl\/index.php\/wp-json\/wp\/v2\/media\/459"}],"wp:attachment":[{"href":"https:\/\/pracanaroli.pl\/index.php\/wp-json\/wp\/v2\/media?parent=458"}],"wp:term":[{"taxonomy":"category","embeddable":true,"href":"https:\/\/pracanaroli.pl\/index.php\/wp-json\/wp\/v2\/categories?post=458"},{"taxonomy":"post_tag","embeddable":true,"href":"https:\/\/pracanaroli.pl\/index.php\/wp-json\/wp\/v2\/tags?post=458"}],"curies":[{"name":"wp","href":"https:\/\/api.w.org\/{rel}","templated":true}]}}