{"id":449,"date":"2019-10-25T13:53:01","date_gmt":"2019-10-25T11:53:01","guid":{"rendered":"http:\/\/pracanaroli.pl\/?p=449"},"modified":"2019-10-25T13:55:24","modified_gmt":"2019-10-25T11:55:24","slug":"gospodarstwa-rodzinne-okolo-1200-ha-w-gminie-dobra-a-ponad-3500-ha-w-calym-powiecie-lobeskim","status":"publish","type":"post","link":"https:\/\/pracanaroli.pl\/index.php\/2019\/10\/25\/gospodarstwa-rodzinne-okolo-1200-ha-w-gminie-dobra-a-ponad-3500-ha-w-calym-powiecie-lobeskim\/","title":{"rendered":"Gospodarstwa rodzinne. Oko\u0142o 1200 ha w gminie Dobra, a ponad 3500 ha w ca\u0142ym powiecie \u0142obeskim"},"content":{"rendered":"\n<p><strong>Zachodniopomorskie. W powiecie \u0142obeskim do Zasobu W\u0142asno\u015bci Rolnej Skarbu Pa\u0144stwa wraca ponad 3500 hektar\u00f3w. Ziemia b\u0119dzie rozdysponowana w\u015br\u00f3d rolnik\u00f3w indywidualnych na powi\u0119kszenie gospodarstw rodzinnych. <\/strong><\/p>\n\n\n\n<p>Co najmniej 1200 hektar\u00f3w rozdysponowane zostanie na terenie gminy Dobra. W pi\u0105tek, 18 pa\u017adziernika 2019 r. odby\u0142o si\u0119 spotkanie z rolnikami zorganizowane przez Miros\u0142awa Pertkiewicza, przewodnicz\u0105cego Rady Powiatowej Zachodniopomorskiej Izby Rolniczej w \u0141obzie. <\/p>\n\n\n\n<blockquote class=\"wp-block-quote\"><p><em>W pierwszym kwartale 2020 roku zamierzamy w formie przetarg\u00f3w ograniczonych wydzier\u017cawi\u0107 wi\u0119kszo\u015b\u0107 przejmowanego area\u0142u, tak aby rolnicy mogli wiosn\u0105 te grunty zagospodarowa\u0107. <\/em><\/p><cite><br>&#8211; m\u00f3wi\u0142 Pawe\u0142 Lisowski, zast\u0119pca dyrektora Oddzia\u0142u Terenowego Krajowego O\u015brodka Wsparcia Rolnictwa w Szczecinie.  <\/cite><\/blockquote>\n\n\n\n<p>Umowy dzier\u017cawy podpisywane s\u0105, co do zasady, na dziesi\u0119\u0107 lat. Na wi\u0119kszo\u015bci wskazanych grunt\u00f3w w gminie Dobra zosta\u0142y ju\u017c opracowane programy restrukturyzacji. Znaczna cz\u0119\u015b\u0107 wskazanego area\u0142u pochodzi od podmiot\u00f3w prawnych (sp\u00f3\u0142ek), kt\u00f3re nie wy\u0142\u0105czy\u0142y tzw. trzydziestek. By\u0142y do tego zobowi\u0105zane ustaw\u0105 z 2011 roku. Cz\u0119\u015b\u0107 grunt\u00f3w pochodzi tak\u017ce z tzw. wy\u0142\u0105cze\u0144 oraz z nie przed\u0142u\u017conych um\u00f3w dzier\u017caw. <\/p>\n\n\n\n<p>Red. \/ fot. domena publiczna<\/p>\n","protected":false},"excerpt":{"rendered":"<p>Zachodniopomorskie. W powiecie \u0142obeskim do Zasobu W\u0142asno\u015bci Rolnej Skarbu Pa\u0144stwa wraca ponad 3500 hektar\u00f3w. Ziemia b\u0119dzie rozdysponowana w\u015br\u00f3d rolnik\u00f3w indywidualnych na powi\u0119kszenie gospodarstw rodzinnych. Co&#8230;<\/p>\n","protected":false},"author":2,"featured_media":450,"comment_status":"closed","ping_status":"closed","sticky":false,"template":"","format":"standard","meta":[],"categories":[17],"tags":[115,107,116,110],"_links":{"self":[{"href":"https:\/\/pracanaroli.pl\/index.php\/wp-json\/wp\/v2\/posts\/449"}],"collection":[{"href":"https:\/\/pracanaroli.pl\/index.php\/wp-json\/wp\/v2\/posts"}],"about":[{"href":"https:\/\/pracanaroli.pl\/index.php\/wp-json\/wp\/v2\/types\/post"}],"author":[{"embeddable":true,"href":"https:\/\/pracanaroli.pl\/index.php\/wp-json\/wp\/v2\/users\/2"}],"replies":[{"embeddable":true,"href":"https:\/\/pracanaroli.pl\/index.php\/wp-json\/wp\/v2\/comments?post=449"}],"version-history":[{"count":3,"href":"https:\/\/pracanaroli.pl\/index.php\/wp-json\/wp\/v2\/posts\/449\/revisions"}],"predecessor-version":[{"id":453,"href":"https:\/\/pracanaroli.pl\/index.php\/wp-json\/wp\/v2\/posts\/449\/revisions\/453"}],"wp:featuredmedia":[{"embeddable":true,"href":"https:\/\/pracanaroli.pl\/index.php\/wp-json\/wp\/v2\/media\/450"}],"wp:attachment":[{"href":"https:\/\/pracanaroli.pl\/index.php\/wp-json\/wp\/v2\/media?parent=449"}],"wp:term":[{"taxonomy":"category","embeddable":true,"href":"https:\/\/pracanaroli.pl\/index.php\/wp-json\/wp\/v2\/categories?post=449"},{"taxonomy":"post_tag","embeddable":true,"href":"https:\/\/pracanaroli.pl\/index.php\/wp-json\/wp\/v2\/tags?post=449"}],"curies":[{"name":"wp","href":"https:\/\/api.w.org\/{rel}","templated":true}]}}