{"id":391,"date":"2019-07-07T09:59:56","date_gmt":"2019-07-07T07:59:56","guid":{"rendered":"http:\/\/pracanaroli.pl\/?p=391"},"modified":"2019-08-08T10:03:55","modified_gmt":"2019-08-08T08:03:55","slug":"dzien-ziemniaka-stowarzyszenia-plantator-w-krapielu-i-maszewie-film-6-07-19","status":"publish","type":"post","link":"https:\/\/pracanaroli.pl\/index.php\/2019\/07\/07\/dzien-ziemniaka-stowarzyszenia-plantator-w-krapielu-i-maszewie-film-6-07-19\/","title":{"rendered":"Dzie\u0144 Ziemniaka Stowarzyszenia PLANTATOR w Kr\u0105pielu i Maszewie [film, 6.07.19]"},"content":{"rendered":"\n<p>Relacja z Dnia Ziemniaka zorganizowanego w dniu 6 lipca 2019 r. w Kr\u0105pielu k. Stargardu i w Maszewie przez Zachodniopomorskie Stowarzyszenie Producent\u00f3w Ziemniak\u00f3w \u201ePLANTATOR\u201d przy Przedsi\u0119biorstwie Przemys\u0142u Ziemniaczanego \u201eNOWAMYL\u201d S.A. w \u0141obzie.<\/p>\n\n\n\n<p>Dzie\u0144 Ziemniaka, organizowany od kilkunastu lat, jest wydarzeniem o charakterze szkoleniowym i integracyjnym.<\/p>\n\n\n\n<figure class=\"wp-block-embed-youtube wp-block-embed is-type-video is-provider-youtube wp-embed-aspect-16-9 wp-has-aspect-ratio\"><div class=\"wp-block-embed__wrapper\">\n<iframe loading=\"lazy\" width=\"500\" height=\"281\" src=\"https:\/\/www.youtube.com\/embed\/czpsFufxBY0?feature=oembed\" frameborder=\"0\" allow=\"accelerometer; autoplay; encrypted-media; gyroscope; picture-in-picture\" allowfullscreen><\/iframe>\n<\/div><\/figure>\n","protected":false},"excerpt":{"rendered":"<p>Relacja z Dnia Ziemniaka zorganizowanego w dniu 6 lipca 2019 r. w Kr\u0105pielu k. Stargardu i w Maszewie przez Zachodniopomorskie Stowarzyszenie Producent\u00f3w Ziemniak\u00f3w \u201ePLANTATOR\u201d przy&#8230;<\/p>\n","protected":false},"author":2,"featured_media":392,"comment_status":"closed","ping_status":"closed","sticky":false,"template":"","format":"standard","meta":[],"categories":[20,22],"tags":[101,99,100],"_links":{"self":[{"href":"https:\/\/pracanaroli.pl\/index.php\/wp-json\/wp\/v2\/posts\/391"}],"collection":[{"href":"https:\/\/pracanaroli.pl\/index.php\/wp-json\/wp\/v2\/posts"}],"about":[{"href":"https:\/\/pracanaroli.pl\/index.php\/wp-json\/wp\/v2\/types\/post"}],"author":[{"embeddable":true,"href":"https:\/\/pracanaroli.pl\/index.php\/wp-json\/wp\/v2\/users\/2"}],"replies":[{"embeddable":true,"href":"https:\/\/pracanaroli.pl\/index.php\/wp-json\/wp\/v2\/comments?post=391"}],"version-history":[{"count":1,"href":"https:\/\/pracanaroli.pl\/index.php\/wp-json\/wp\/v2\/posts\/391\/revisions"}],"predecessor-version":[{"id":393,"href":"https:\/\/pracanaroli.pl\/index.php\/wp-json\/wp\/v2\/posts\/391\/revisions\/393"}],"wp:featuredmedia":[{"embeddable":true,"href":"https:\/\/pracanaroli.pl\/index.php\/wp-json\/wp\/v2\/media\/392"}],"wp:attachment":[{"href":"https:\/\/pracanaroli.pl\/index.php\/wp-json\/wp\/v2\/media?parent=391"}],"wp:term":[{"taxonomy":"category","embeddable":true,"href":"https:\/\/pracanaroli.pl\/index.php\/wp-json\/wp\/v2\/categories?post=391"},{"taxonomy":"post_tag","embeddable":true,"href":"https:\/\/pracanaroli.pl\/index.php\/wp-json\/wp\/v2\/tags?post=391"}],"curies":[{"name":"wp","href":"https:\/\/api.w.org\/{rel}","templated":true}]}}