{"id":387,"date":"2019-08-08T10:15:07","date_gmt":"2019-08-08T08:15:07","guid":{"rendered":"http:\/\/pracanaroli.pl\/?p=387"},"modified":"2019-08-08T10:23:18","modified_gmt":"2019-08-08T08:23:18","slug":"387","status":"publish","type":"post","link":"https:\/\/pracanaroli.pl\/index.php\/2019\/08\/08\/387\/","title":{"rendered":"ENERGIA. Masz taryfy G i C? No to dzia\u0142aj! Czas na z\u0142o\u017cenie o\u015bwiadcze\u0144 przed\u0142u\u017cony do 13 sierpnia br."},"content":{"rendered":"\n<p><b>Minister energii Krzysztof Tch\u00f3rzewski zach\u0119ca rolnik\u00f3w, kt\u00f3rzy jeszcze nie z\u0142o\u017cyli o\u015bwiadczenia potwierdzaj\u0105cego status odbiorcy ko\u0144cowego energii elektrycznej do dope\u0142nienia tej formalno\u015bci. <\/b><\/p>\n\n\n\n<p>Za Radio Szczecin [2.08.19]: &#8222;Krzysztof Tch\u00f3rzewski m\u00f3wi\u0142, \u017ce w\u015br\u00f3d tych, kt\u00f3rzy si\u0119 jeszcze nie zg\u0142osili, jest mi\u0119dzy innymi wielu rolnik\u00f3w korzystaj\u0105cych z dw\u00f3ch taryf. Chodzi o rolnik\u00f3w, kt\u00f3rzy maj\u0105 w domu taryf\u0119 G, czyli regulowan\u0105 i maj\u0105 osobno taryf\u0119 C, kt\u00f3ra jest umowna &#8211; wed\u0142ug kt\u00f3rej rozliczane s\u0105 na przyk\u0142ad du\u017ce obory, chlewnie. Jak m\u00f3wi\u0142 minister, z punktu widzenia s\u0105 w\u00f3wczas przedsi\u0119biorcami. &#8211; Ci rolnicy powinni si\u0119 zg\u0142asza\u0107, bo im si\u0119 z tego tytu\u0142u nale\u017c\u0105 spore rekompensaty, gdy\u017c zu\u017cywaj\u0105 du\u017co energii elektrycznej na urz\u0105dzenia &#8211; dojarki, podajniki paszy itp. &#8211; podkre\u015bli\u0142 Krzysztof Tch\u00f3rzewski.&#8221; [<a href=\"https:\/\/radioszczecin.pl\/7,392497,minister-tchorzewski-zlozenie-dokumentu-pozwoli-?fbclid=IwAR0VkZX0fG0JZ7HsqsOIrh1UH_tHCChGvp55XA7ilwkCsHkKg2pK-j4QtXU\">zobacz, 2.08.19<\/a>]<\/p>\n\n\n\n<p><strong>INFORMACJA i wskaz\u00f3wki na stronie Ministerstwa Rolnictwa i Rozwoju Wsi [<a href=\"https:\/\/www.gov.pl\/web\/rolnictwo\/rolnicy-objeci-dzialaniami-oslonowymi-przed-wzrostem-cen-pradu\">zobacz<\/a>]<\/strong><\/p>\n\n\n\n<p>Zobacz tak\u017ce: &#8222;Rolnicy i przedsi\u0119biorstwa sektora rolnego maj\u0105 prawo skorzysta\u0107 z rozwi\u0105za\u0144 przewidzianych w ustawie o cenach pr\u0105du \u2013 informuje resort rolnictwa. Przed\u0142u\u017cony termin sk\u0142adania o\u015bwiadcze\u0144 do firm energetycznych to 13 sierpnia.&#8221; w: <a href=\"https:\/\/www.prawo.pl\/biznes\/rolnicy-i-przedsiebiorstwa-sektora-rolnego-maja-prawo-do-obnizek,453607.html \">prawo.pl [1.08.2019]<\/a><br><\/p>\n\n\n\n<p>Red.<\/p>\n","protected":false},"excerpt":{"rendered":"<p>Minister energii Krzysztof Tch\u00f3rzewski zach\u0119ca rolnik\u00f3w, kt\u00f3rzy jeszcze nie z\u0142o\u017cyli o\u015bwiadczenia potwierdzaj\u0105cego status odbiorcy ko\u0144cowego energii elektrycznej do dope\u0142nienia tej formalno\u015bci. Za Radio Szczecin [2.08.19]:&#8230;<\/p>\n","protected":false},"author":2,"featured_media":386,"comment_status":"closed","ping_status":"closed","sticky":false,"template":"","format":"standard","meta":[],"categories":[22,23],"tags":[98],"_links":{"self":[{"href":"https:\/\/pracanaroli.pl\/index.php\/wp-json\/wp\/v2\/posts\/387"}],"collection":[{"href":"https:\/\/pracanaroli.pl\/index.php\/wp-json\/wp\/v2\/posts"}],"about":[{"href":"https:\/\/pracanaroli.pl\/index.php\/wp-json\/wp\/v2\/types\/post"}],"author":[{"embeddable":true,"href":"https:\/\/pracanaroli.pl\/index.php\/wp-json\/wp\/v2\/users\/2"}],"replies":[{"embeddable":true,"href":"https:\/\/pracanaroli.pl\/index.php\/wp-json\/wp\/v2\/comments?post=387"}],"version-history":[{"count":3,"href":"https:\/\/pracanaroli.pl\/index.php\/wp-json\/wp\/v2\/posts\/387\/revisions"}],"predecessor-version":[{"id":390,"href":"https:\/\/pracanaroli.pl\/index.php\/wp-json\/wp\/v2\/posts\/387\/revisions\/390"}],"wp:featuredmedia":[{"embeddable":true,"href":"https:\/\/pracanaroli.pl\/index.php\/wp-json\/wp\/v2\/media\/386"}],"wp:attachment":[{"href":"https:\/\/pracanaroli.pl\/index.php\/wp-json\/wp\/v2\/media?parent=387"}],"wp:term":[{"taxonomy":"category","embeddable":true,"href":"https:\/\/pracanaroli.pl\/index.php\/wp-json\/wp\/v2\/categories?post=387"},{"taxonomy":"post_tag","embeddable":true,"href":"https:\/\/pracanaroli.pl\/index.php\/wp-json\/wp\/v2\/tags?post=387"}],"curies":[{"name":"wp","href":"https:\/\/api.w.org\/{rel}","templated":true}]}}