{"id":379,"date":"2019-08-02T21:42:12","date_gmt":"2019-08-02T19:42:12","guid":{"rendered":"http:\/\/pracanaroli.pl\/?p=379"},"modified":"2019-08-02T21:42:14","modified_gmt":"2019-08-02T19:42:14","slug":"wyniki-wyborow-do-rad-powiatowych-zachodniopomorskiej-izby-rolniczej-vi-kadencji","status":"publish","type":"post","link":"https:\/\/pracanaroli.pl\/index.php\/2019\/08\/02\/wyniki-wyborow-do-rad-powiatowych-zachodniopomorskiej-izby-rolniczej-vi-kadencji\/","title":{"rendered":"Wyniki wybor\u00f3w do rad powiatowych Zachodniopomorskiej Izby Rolniczej VI kadencji"},"content":{"rendered":"\n<p>Zachodniopomorska Izba Rolnicza opublikowa\u0142a na swojej stronie WWW wyniki wybor\u00f3w do Rad Powiatowych ZIR [<a href=\"http:\/\/www.zir.pl\/wybory-2019\/wyniki-2019\/\">zobacz<\/a>]. W ci\u0105gu najbli\u017cszych dw\u00f3ch tygodni poznamy nazwiska przewodnicz\u0105cych rad powiatowych oraz delegat\u00f3w (dop. po jednym z ka\u017cdego powiatu). Przewodnicz\u0105cy i delegat z powiatu b\u0119d\u0105, na pocz\u0105tku wrze\u015bnia br., wybiera\u0107 w\u0142adze wojew\u00f3dzkie samorz\u0105du rolniczego. <\/p>\n\n\n\n<p>Red.  <\/p>\n","protected":false},"excerpt":{"rendered":"<p>Zachodniopomorska Izba Rolnicza opublikowa\u0142a na swojej stronie WWW wyniki wybor\u00f3w do Rad Powiatowych ZIR [zobacz]. W ci\u0105gu najbli\u017cszych dw\u00f3ch tygodni poznamy nazwiska przewodnicz\u0105cych rad powiatowych&#8230;<\/p>\n","protected":false},"author":2,"featured_media":383,"comment_status":"closed","ping_status":"closed","sticky":false,"template":"","format":"standard","meta":[],"categories":[40],"tags":[92],"_links":{"self":[{"href":"https:\/\/pracanaroli.pl\/index.php\/wp-json\/wp\/v2\/posts\/379"}],"collection":[{"href":"https:\/\/pracanaroli.pl\/index.php\/wp-json\/wp\/v2\/posts"}],"about":[{"href":"https:\/\/pracanaroli.pl\/index.php\/wp-json\/wp\/v2\/types\/post"}],"author":[{"embeddable":true,"href":"https:\/\/pracanaroli.pl\/index.php\/wp-json\/wp\/v2\/users\/2"}],"replies":[{"embeddable":true,"href":"https:\/\/pracanaroli.pl\/index.php\/wp-json\/wp\/v2\/comments?post=379"}],"version-history":[{"count":1,"href":"https:\/\/pracanaroli.pl\/index.php\/wp-json\/wp\/v2\/posts\/379\/revisions"}],"predecessor-version":[{"id":385,"href":"https:\/\/pracanaroli.pl\/index.php\/wp-json\/wp\/v2\/posts\/379\/revisions\/385"}],"wp:featuredmedia":[{"embeddable":true,"href":"https:\/\/pracanaroli.pl\/index.php\/wp-json\/wp\/v2\/media\/383"}],"wp:attachment":[{"href":"https:\/\/pracanaroli.pl\/index.php\/wp-json\/wp\/v2\/media?parent=379"}],"wp:term":[{"taxonomy":"category","embeddable":true,"href":"https:\/\/pracanaroli.pl\/index.php\/wp-json\/wp\/v2\/categories?post=379"},{"taxonomy":"post_tag","embeddable":true,"href":"https:\/\/pracanaroli.pl\/index.php\/wp-json\/wp\/v2\/tags?post=379"}],"curies":[{"name":"wp","href":"https:\/\/api.w.org\/{rel}","templated":true}]}}