{"id":372,"date":"2019-07-27T20:04:53","date_gmt":"2019-07-27T18:04:53","guid":{"rendered":"http:\/\/pracanaroli.pl\/?p=372"},"modified":"2019-07-27T20:57:48","modified_gmt":"2019-07-27T18:57:48","slug":"wyborcze-zniwa-samorzadu-rolniczego-niedziela-28-07-2019-r-g-8-00-18-00","status":"publish","type":"post","link":"https:\/\/pracanaroli.pl\/index.php\/2019\/07\/27\/wyborcze-zniwa-samorzadu-rolniczego-niedziela-28-07-2019-r-g-8-00-18-00\/","title":{"rendered":"WYBORCZE \u017bNIWA samorz\u0105du rolniczego &#8211; NIEDZIELA, 28.07.2019 r. g. 8.00 &#8211; 18.00."},"content":{"rendered":"\n<p>Na stronie Zachodniopomorskiej Izby Rolniczej w Szczecinie znajdziecie informacje na temat g\u0142osowania w waszych okr\u0119gach wyborczych w niedziel\u0119, 28 lipca 2019 r. w godzinach 8.00 &#8211; 18.00. Wi\u0119cej informacji [<a href=\"http:\/\/www.zir.pl\/wybory-2019\/obwieszczenia-dotyczace-kandydatow-do-zachodniopomorskiej-izby-rolniczej\/\">tutaj<\/a>].<\/p>\n\n\n\n<p>Edward Kosmal, Przewodnicz\u0105cy Zachodniopomorskiej Rady Wojew\u00f3dzkiej NSZZ Rolnik\u00f3w Indywidualnych &#8222;Solidarno\u015b\u0107&#8221; zach\u0119ca do wzi\u0119cia udzia\u0142u w wyborach [film, oko\u0142o 2 minut]:<\/p>\n\n\n\n<figure class=\"wp-block-embed-youtube wp-block-embed is-type-video is-provider-youtube wp-embed-aspect-16-9 wp-has-aspect-ratio\"><div class=\"wp-block-embed__wrapper\">\n<iframe loading=\"lazy\" width=\"500\" height=\"281\" src=\"https:\/\/www.youtube.com\/embed\/TZyOPykQFK4?feature=oembed\" frameborder=\"0\" allow=\"accelerometer; autoplay; encrypted-media; gyroscope; picture-in-picture\" allowfullscreen><\/iframe>\n<\/div><\/figure>\n\n\n\n<div class=\"wp-block-media-text alignwide\" style=\"grid-template-columns:41% auto\"><figure class=\"wp-block-media-text__media\"><img decoding=\"async\" loading=\"lazy\" width=\"671\" height=\"597\" src=\"http:\/\/pracanaroli.pl\/wp-content\/uploads\/2019\/07\/ZIR-01.png\" alt=\"\" class=\"wp-image-374\" srcset=\"https:\/\/pracanaroli.pl\/wp-content\/uploads\/2019\/07\/ZIR-01.png 671w, https:\/\/pracanaroli.pl\/wp-content\/uploads\/2019\/07\/ZIR-01-300x267.png 300w\" sizes=\"(max-width: 671px) 100vw, 671px\" \/><\/figure><div class=\"wp-block-media-text__content\">\n<h3>W\u015br\u00f3d kandydat\u00f3w wiele nowych twarzy. Czy nale\u017cy spodziewa\u0107 si\u0119 zmian w funkcjonowaniu ZIR w nowej kadencji? Fakty s\u0105 takie, \u017ce te zmiany zajd\u0105 w ci\u0105gu nast\u0119pnych kilkunastu lat. Potrzebujemy silnego samorz\u0105du rolniczego, programu i lider\u00f3w, kt\u00f3rzy potrafi\u0105 jednoczy\u0107 i wyznacza\u0107 cele, a co najwa\u017cniejsze &#8211; realizowa\u0107 je. Nie tylko w wymiarze  lokalnym, regionalnym, czy krajowym. Izby nie wolno odpuszcza\u0107, to tak jakby przegra\u0107 ju\u017c dzi\u015b. Dlatego w niedziel\u0119 nale\u017cy po\u015bwi\u0119ci\u0107 sw\u00f3j czas i wzi\u0105\u0107 udzia\u0142 w g\u0142osowaniu. [<a href=\"http:\/\/www.zir.pl\/wybory-2019\/obwieszczenia-dotyczace-kandydatow-do-zachodniopomorskiej-izby-rolniczej\/\">zobacz kto i gdzie kandyduje<\/a>]. <\/h3>\n<\/div><\/div>\n\n\n\n<p>Red. <\/p>\n","protected":false},"excerpt":{"rendered":"<p>Na stronie Zachodniopomorskiej Izby Rolniczej w Szczecinie znajdziecie informacje na temat g\u0142osowania w waszych okr\u0119gach wyborczych w niedziel\u0119, 28 lipca 2019 r. w godzinach 8.00&#8230;<\/p>\n","protected":false},"author":2,"featured_media":373,"comment_status":"closed","ping_status":"closed","sticky":false,"template":"","format":"standard","meta":[],"categories":[40],"tags":[92],"_links":{"self":[{"href":"https:\/\/pracanaroli.pl\/index.php\/wp-json\/wp\/v2\/posts\/372"}],"collection":[{"href":"https:\/\/pracanaroli.pl\/index.php\/wp-json\/wp\/v2\/posts"}],"about":[{"href":"https:\/\/pracanaroli.pl\/index.php\/wp-json\/wp\/v2\/types\/post"}],"author":[{"embeddable":true,"href":"https:\/\/pracanaroli.pl\/index.php\/wp-json\/wp\/v2\/users\/2"}],"replies":[{"embeddable":true,"href":"https:\/\/pracanaroli.pl\/index.php\/wp-json\/wp\/v2\/comments?post=372"}],"version-history":[{"count":3,"href":"https:\/\/pracanaroli.pl\/index.php\/wp-json\/wp\/v2\/posts\/372\/revisions"}],"predecessor-version":[{"id":377,"href":"https:\/\/pracanaroli.pl\/index.php\/wp-json\/wp\/v2\/posts\/372\/revisions\/377"}],"wp:featuredmedia":[{"embeddable":true,"href":"https:\/\/pracanaroli.pl\/index.php\/wp-json\/wp\/v2\/media\/373"}],"wp:attachment":[{"href":"https:\/\/pracanaroli.pl\/index.php\/wp-json\/wp\/v2\/media?parent=372"}],"wp:term":[{"taxonomy":"category","embeddable":true,"href":"https:\/\/pracanaroli.pl\/index.php\/wp-json\/wp\/v2\/categories?post=372"},{"taxonomy":"post_tag","embeddable":true,"href":"https:\/\/pracanaroli.pl\/index.php\/wp-json\/wp\/v2\/tags?post=372"}],"curies":[{"name":"wp","href":"https:\/\/api.w.org\/{rel}","templated":true}]}}