{"id":335,"date":"2019-07-05T17:42:16","date_gmt":"2019-07-05T15:42:16","guid":{"rendered":"http:\/\/pracanaroli.pl\/?p=335"},"modified":"2019-07-05T17:42:18","modified_gmt":"2019-07-05T15:42:18","slug":"lekcja-z-polskiej-ziemi-film-4-07-2019","status":"publish","type":"post","link":"https:\/\/pracanaroli.pl\/index.php\/2019\/07\/05\/lekcja-z-polskiej-ziemi-film-4-07-2019\/","title":{"rendered":"Lekcja z POLSKIEJ ZIEMI [film, 4.07.2019]"},"content":{"rendered":"\n<p>Temat gospodarowania ziemi\u0105 roln\u0105 budzi wiele emocji. Co zreszt\u0105 by\u0142o wida\u0107 i s\u0142ycha\u0107 w trakcie posiedzenia <a href=\"http:\/\/sejm.gov.pl\/Sejm8.nsf\/agent.xsp?symbol=ZESPOL&amp;Zesp=552\">Zespo\u0142u<\/a> Parlamentarnego do Oceny Sytuacji Spo\u0142ecznej i Ekonomicznej na Terenach b. PGR-\u00f3w (Warszawa, 4.07.2019 r.). Warto po\u015bwi\u0119ci\u0107 niespe\u0142na dwie godziny. Pracami zespo\u0142u kieruje p. prof. J\u00f3zefa Hrynkiewicz, Pose\u0142 na Sejm RP. W jego posiedzeniu uczestniczyli dzier\u017cawcy, przedstawiciele sp\u00f3\u0142ek pracowniczych oraz rolnicy indywidualni. G\u0142os zabiera\u0142, mi\u0119dzy innymi, Jan Bia\u0142kowski, zast\u0119pca Dyrektora Generalnego Krajowego O\u015brodka Wsparcia Rolnictwa. J. Bia\u0142kowski odpowiada za gospodarowanie Zasobem WRSP. W posiedzeniu uczestniczy\u0142 tak\u017ce przewodnicz\u0105cy Zachodniopomorskiej Rady Wojew\u00f3dzkiej NSZZ Rolnik\u00f3w Indywidualnych &#8222;Solidarno\u015b\u0107&#8221; p. Edward Kosmal. Dyskutowano, mi\u0119dzy innymi o sytuacji sp\u00f3\u0142ki pracowniczej AGRO WAR z Warszyna (<a href=\"http:\/\/wyborcza.pl\/duzyformat\/7,127290,23952672,ludzie-z-tego-pgr-u-dali-rade-po-1989-zalozyli-spolke.html\">zobacz tak\u017ce tekst z 2018 r.<\/a>). Wskazywano na przyk\u0142ady z Dolnego \u015al\u0105ska, Warmii, Opolszczyzny. Polecamy nagranie ze strony Sejmu RP. Wyj\u0105tkowa lekcja z POLSKIEJ ZIEMI.  (red.)<\/p>\n\n\n\n<figure class=\"wp-block-embed-youtube wp-block-embed is-type-video is-provider-youtube wp-embed-aspect-4-3 wp-has-aspect-ratio\"><div class=\"wp-block-embed__wrapper\">\n<iframe loading=\"lazy\" width=\"500\" height=\"375\" src=\"https:\/\/www.youtube.com\/embed\/WyVcSj7GxTo?feature=oembed\" frameborder=\"0\" allow=\"accelerometer; autoplay; encrypted-media; gyroscope; picture-in-picture\" allowfullscreen><\/iframe>\n<\/div><\/figure>\n","protected":false},"excerpt":{"rendered":"<p>Temat gospodarowania ziemi\u0105 roln\u0105 budzi wiele emocji. Co zreszt\u0105 by\u0142o wida\u0107 i s\u0142ycha\u0107 w trakcie posiedzenia Zespo\u0142u Parlamentarnego do Oceny Sytuacji Spo\u0142ecznej i Ekonomicznej na&#8230;<\/p>\n","protected":false},"author":2,"featured_media":336,"comment_status":"closed","ping_status":"closed","sticky":false,"template":"","format":"standard","meta":[],"categories":[17,25],"tags":[39,70,69,90,51,33,26],"_links":{"self":[{"href":"https:\/\/pracanaroli.pl\/index.php\/wp-json\/wp\/v2\/posts\/335"}],"collection":[{"href":"https:\/\/pracanaroli.pl\/index.php\/wp-json\/wp\/v2\/posts"}],"about":[{"href":"https:\/\/pracanaroli.pl\/index.php\/wp-json\/wp\/v2\/types\/post"}],"author":[{"embeddable":true,"href":"https:\/\/pracanaroli.pl\/index.php\/wp-json\/wp\/v2\/users\/2"}],"replies":[{"embeddable":true,"href":"https:\/\/pracanaroli.pl\/index.php\/wp-json\/wp\/v2\/comments?post=335"}],"version-history":[{"count":1,"href":"https:\/\/pracanaroli.pl\/index.php\/wp-json\/wp\/v2\/posts\/335\/revisions"}],"predecessor-version":[{"id":337,"href":"https:\/\/pracanaroli.pl\/index.php\/wp-json\/wp\/v2\/posts\/335\/revisions\/337"}],"wp:featuredmedia":[{"embeddable":true,"href":"https:\/\/pracanaroli.pl\/index.php\/wp-json\/wp\/v2\/media\/336"}],"wp:attachment":[{"href":"https:\/\/pracanaroli.pl\/index.php\/wp-json\/wp\/v2\/media?parent=335"}],"wp:term":[{"taxonomy":"category","embeddable":true,"href":"https:\/\/pracanaroli.pl\/index.php\/wp-json\/wp\/v2\/categories?post=335"},{"taxonomy":"post_tag","embeddable":true,"href":"https:\/\/pracanaroli.pl\/index.php\/wp-json\/wp\/v2\/tags?post=335"}],"curies":[{"name":"wp","href":"https:\/\/api.w.org\/{rel}","templated":true}]}}