{"id":304,"date":"2019-06-24T16:14:54","date_gmt":"2019-06-24T14:14:54","guid":{"rendered":"http:\/\/pracanaroli.pl\/?p=304"},"modified":"2019-06-25T07:51:17","modified_gmt":"2019-06-25T05:51:17","slug":"pomorze-i-rolnik-lekcja-wikingow","status":"publish","type":"post","link":"https:\/\/pracanaroli.pl\/index.php\/2019\/06\/24\/pomorze-i-rolnik-lekcja-wikingow\/","title":{"rendered":"PoMorze i rolnik. Lekcja Wiking\u00f3w."},"content":{"rendered":"\n<p><strong>Na pocz\u0105tek teatr wsp\u00f3\u0142czesny. 2014 rok. \u201eCzy mo\u017cliwa jest adaptacja nieu\u017cywanego od niedawna Elewatora Ewa w Szczecinie na now\u0105, znamienit\u0105 siedzib\u0119 Teatru Wsp\u00f3\u0142czesnego? Struktura, kt\u00f3ra mo\u017ce budzi\u0107 zachwyt ju\u017c tam jest, dodatkowo ma przemys\u0142ow\u0105 i zwi\u0105zan\u0105 z morzem histori\u0119. Elewator jest natychmiastowym super-silnym, charakterystycznym znakiem miasta.\u201d (\u017ar\u00f3d\u0142o: <\/strong><a href=\"http:\/\/www.bryla.pl\/bryla\/1,85301,16211050,Elewator_Ewa_w_Szczecinie__Pomysl_na_wskrzeszenie.html \"><strong>bryla.pl<\/strong><\/a><strong>) <\/strong><\/p>\n\n\n\n<p>Teraz na scen\u0119 zaprosimy &#8222;Polski Cukier&#8221;, w wydaniu z 2014 roku. \u201e- Namawiamy Krajow\u0105 Sp\u00f3\u0142k\u0119 Cukrow\u0105 do wydzier\u017cawienia elewatora &#8222;Ewa&#8221; &#8211; przyznaje wicemarsza\u0142ek wojew\u00f3dztwa zachodniopomorskiego Jaros\u0142aw Rzepa. &#8211; Rozmawiali\u015bmy w \u015brod\u0119 z ministrem Sawickim na bardzo powa\u017cny temat, wa\u017cny dla Zespo\u0142u Port\u00f3w i my\u015bl\u0119, \u017ce by\u0142oby bardzo dobrze spakietowa\u0107 tu polskie firmy.\u201d (<a href=\"https:\/\/radioszczecin.pl\/1,120177,czy-polski-cukier-wydzierzawi-ewe \">\u017ar\u00f3d\u0142o, 8.01.2015 r.<\/a>). Dyrektor Biura Promocji i Public Relations \u201ePolski Cukier\u201d (2015): \u201e- Rozwa\u017camy r\u00f3\u017cne mo\u017cliwo\u015bci, bo chcieliby\u015bmy rozbudowywa\u0107 dzia\u0142 gospodarki magazynowej. Trzeba przeanalizowa\u0107 zar\u00f3wno koszty, jak i logistyk\u0119. To ciekawa propozycja i z pewno\u015bci\u0105 zarz\u0105d rozwa\u017cy j\u0105 &#8211; skomentowa\u0142 Doma\u0144ski.\u201d (<a href=\"https:\/\/radioszczecin.pl\/1,120166,polski-cukier-o-przejeciu-szczecinskiego-elewato \">\u017ar\u00f3d\u0142o, 8.01.2015 r.<\/a>).<\/p>\n\n\n\n<p>\u201ePolski Cukier\u201d schodzi ze sceny, a przy ryku fal, szumach wiatru, na scenie pojawia si\u0119 Wiking w charakterystycznym he\u0142mie z rogami. Oczywi\u015bcie ma rud\u0105 brod\u0119, a w r\u0119ce charakterystyczny top\u00f3r. W mediach pojawia si\u0119 taka oto informacja: \u201eDu\u0144ska firma Copenhagen Merchants Holding A\/S, kt\u00f3ra wydzier\u017cawi\u0142a najwi\u0119kszy w Polsce elewator Ewa, stoj\u0105cy w szczeci\u0144skim porcie, zmodernizuje go i zgodnie z podpisan\u0105 umow\u0105 b\u0119dzie prze\u0142adowywa\u0107 w Szczecinie ponad 350 tys. ton \u0142adunk\u00f3w rocznie.\u201d (\u2026) \u201eUmow\u0119 zawarto na 30 lat.&#8221; (\u2026) &#8222;Copenhagen Merchants to firma handlowa, dzia\u0142aj\u0105ca od trzech dekad na rynku us\u0142ug brokerskich zwi\u0105zanych z handlem zbo\u017cem, paszami i biomas\u0105&#8230;\u201d (<a href=\"http:\/\/www.portalspozywczy.pl\/zboza\/wiadomosci\/dunska-firma-wydzierzawila-najwiekszy-w-polsce-elewator-ewa,118521.html \">\u017ar\u00f3d\u0142o, 27.08.2015 r.<\/a>). Co sprawia, \u017ce jedni s\u0105 Wikingami, a inni nie? Morze si\u0119 uspokaja, rzeka Odra p\u0142ynie spokojnie, wiatr cichnie.<\/p>\n\n\n\n<p>Skandynawskie studium przypadku. Agro Food Park. Podstaw\u0105 dla funkcjonowania tego du\u0144skiego huba specjalizuj\u0105cego si\u0119 w \u017cywno\u015bci i rolnictwie jest wsp\u00f3\u0142praca. Du\u0144czycy szczyc\u0105 si\u0119 tym, \u017ce potrafi\u0105 ze sob\u0105 wsp\u00f3\u0142pracowa\u0107. Nie maj\u0105, tym samym, problem\u00f3w z wymian\u0105 wiedzy, a st\u0105d ju\u017c prosta droga do innowacyjno\u015bci. \u0141atwiej im realizowa\u0107 projekty na zasadzie: wygrany \u2013 wygrany. I tak powstaje otoczenie, w kt\u00f3rym rywalizacja pomi\u0119dzy najsilniejszymi graczami staje si\u0119 motorem dla rozwoju. Dla tych najwi\u0119kszych i tych skupionych wok\u00f3\u0142 nich. W taki system mo\u017cna, ze spokojem, inwestowa\u0107 ka\u017cde pieni\u0105dze. To droga do sukcesu gospodarczego. Agro Food Park tworzy oko\u0142o 75 firm na 110 hektarach grunt\u00f3w na obrze\u017cach miasta Aarhus. Zak\u0142ada si\u0119, \u017ce do 2020 r. zatrudnionych, w tym miejscu, b\u0119dzie 3000 pracownik\u00f3w. (<a href=\"https:\/\/agrofoodpark.com\/companies-in-agro-food-park\/companies-in-agro-food-park-and-inkubator\">zobacz<\/a>). W takich miejscach, jak Agro Food Park rodzi si\u0119 w\u0142a\u015bnie wsp\u00f3\u0142czesny Wiking. Tradycja partnerstw publiczno-prywatnych, kt\u00f3ra rozpocz\u0119\u0142a si\u0119 od rolnik\u00f3w tworz\u0105cych sp\u00f3\u0142dzielnie w celu poprawy produkcji i marketingu pod koniec XIX wieku, nadal si\u0119 rozwija. Dlatego Dania, kraj z 5,6 miliona mieszka\u0144c\u00f3w, jest w 2019 roku rolniczym gigantem. <\/p>\n\n\n\n<p>Jest jeszcze co\u015b. Relacje ze \u015bwiatem nauki. Kszta\u0142cenie na najwy\u017cszym poziomie. Nie od \u015bwi\u0119ta, nie rozproszone, nie na odleg\u0142o\u015b\u0107, tylko razem \u2013 codziennie. Nie masz czasu na edukacj\u0119, czytanie, rozw\u00f3j? To nie zawracaj innym g\u0142owy. Wcze\u015bniej, czy p\u00f3\u017aniej przegrasz. Klucz do sukcesu maj\u0105 Du\u0144czycy. I tak mamy Agro Food Park w Aarhus i Du\u0144skie Centrum Bada\u0144 nad Byd\u0142em, kt\u00f3re wchodzi w sk\u0142ad Wydzia\u0142u Nauk o Zwierz\u0119tach Uniwersytetu w Aarhus (<a href=\"http:\/\/anis.au.dk\/danmarks-kvaegforskningscenter\/om-danmarks-kvaegforskningscenter\/ \">zobacz<\/a>).  Gospodarstwo i centrum badawcze zarazem. Du\u0144skie uniwersytety maj\u0105 znacz\u0105c\u0105 pozycj\u0119 w przemy\u015ble rolnym. Na samym <a href=\"https:\/\/www.dtu.dk\/english\/research\/research_areas\">Du\u0144skim Uniwersytecie Technologicznym<\/a> (DTU) oko\u0142o 1500 pracownik\u00f3w naukowych zajmuje si\u0119 tematami zwi\u0105zanymi z \u017cywno\u015bci\u0105. Niech dope\u0142nieniem tego obrazu b\u0119dzie SEGES. SEGES to profesjonalne centrum wiedzy i innowacji, kt\u00f3re wsp\u00f3\u0142pracuje ze wszystkim podmiotami zwi\u0105zanymi z rolnictwem. Specjalizuje si\u0119 w dziedzinie ro\u015blin, \u015brodowiska, ochrony przyrody, hodowli zwierz\u0105t i ekologii po ekonomi\u0119, podatki, prawo, IT, architektur\u0119, ksi\u0119gowo\u015b\u0107, HR i nauczanie. \u015aci\u015ble wsp\u00f3\u0142pracuje z uniwersytetami, ministerstwami, firmami i zainteresowanymi organizacjami z Danii i z zagranicy (<a href=\"https:\/\/www.seges.dk\/ \">zobacz<\/a>).<\/p>\n\n\n\n<p>Sk\u0105d ta wycieczka do Du\u0144czyk\u00f3w i ukazanie fragmentu ich infrastruktury, kt\u00f3ra ma ogromny wp\u0142yw na ich pozycj\u0119 w globalnym \u015bwiecie? To proste. Na powy\u017cszym przyk\u0142adzie \u0142atwo okre\u015bli\u0107 nasze po\u0142o\u017cenie. Je\u015bli mamy m\u00f3wi\u0107 o rozwoju gospodarstw rodzinnych, rolnictwa, ale i jego otoczenia, na Pomorzu Zachodnim, to powinni\u015bmy&#8230; \u015bci\u0105ga\u0107, co najlepsze dla nas, od najlepszych. Wzmacnia\u0107 w\u0142asne otoczenie. Budowa\u0107 zachodniopomorski hub rolniczy z prawdziwego zdarzenia. Kszta\u0142ci\u0107 i wspiera\u0107 lider\u00f3w we w\u0142asnym \u015brodowisku. Dzi\u015b funkcjonujemy w rzeczywisto\u015bci, w kt\u00f3rej \u201eka\u017cdy sobie rzepk\u0119 skrobie\u201d, instytucje i uczelnie dzia\u0142aj\u0105 jak ksi\u0119stwa, walcz\u0105c o zasoby, \u201ereformuj\u0105 si\u0119\u201d bez ko\u0144ca. Samorz\u0105d rolniczy jest cieniem za\u0142o\u017ce\u0144 dla samorz\u0105dno\u015bci rolniczej w Polsce, tych z roku 1928. O\u015brodki doradztwa rolniczego mog\u0142yby rozwin\u0105\u0107 skrzyd\u0142a, ale jak nie wiadomo o co chodzi, to chodzi o pieni\u0105dze, a bardziej o ich brak. Organizacje bran\u017cowe bez silnego zaplecza i wsp\u00f3\u0142pracy, w zestawieniu z globalnymi graczami, s\u0105 jak szalupy na du\u017cym statku. Maj\u0105 ograniczony zasi\u0119g i co najwy\u017cej mog\u0105 odbija\u0107 si\u0119 od burt wi\u0119kszych graczy. Zwi\u0105zki zawodowe s\u0105, ale w tym ca\u0142ym systemie, zmuszone do krzyku, sygnalizuj\u0105 zagro\u017cenia, a tych nie brakuje. Oczywi\u015bcie jest w 2019 roku Agrounia. Mia\u0142a by\u0107 \u2013 dla wielu nadal jest \u2013 nadziej\u0105 na popraw\u0119 sytuacji. I co? Jej lider tworzy parti\u0119. Mo\u017ce warto by\u0142oby p\u00f3j\u015b\u0107 w kierunku du\u0144skim, opisanym powy\u017cej? No i na ko\u0144cu, a dla w\u0142a\u015bciwego porz\u0105dku, na samym pocz\u0105tku s\u0105 rolnicy \u2013 w\u0142a\u015bciciele gospodarstw rodzinnych. Mo\u017cna by\u0142oby jeszcze napisa\u0107 co\u015b o stanie sp\u00f3\u0142dzielczo\u015bci, grupach producenckich, dost\u0119pie do rynku wewn\u0119trznego&#8230; no i o ministrze rolnictwa i rozwoju wsi, na kt\u00f3rym wszyscy potrafi\u0105 si\u0119 uwiesi\u0107, tak \u017ce ch\u0142opisko ledwo nogami ci\u0105gnie. Politycy, tak te\u017c s\u0105 politycy, media, w tym media spo\u0142eczno\u015bciowe. Jeste\u015bmy cz\u0119\u015bci\u0105 globalnej wioski. Nie od dzi\u015b i nie z chwil\u0105, gdy przyst\u0105pili\u015bmy do Unii Europejskiej. To jest \u015bwiat, w kt\u00f3rym wygrywaj\u0105 Wikingowie, ci z Agro Food Park.  <\/p>\n\n\n\n<p>Mo\u017cna by\u0142oby napisa\u0107, \u017ce nie pozostaje nic, jak tylko poprawi\u0107 palisad\u0119 wok\u00f3\u0142 naszych s\u0142owia\u0144skich zagr\u00f3d, a do dzia\u0142a\u0144 w otoczeniu wys\u0142a\u0107 najbardziej zaanga\u017cowanych. Wypal\u0105 si\u0119, to znajdzie si\u0119 kolejnych. Tak to dzia\u0142a od dziesi\u0119cioleci. Rolniczy teatr wsp\u00f3\u0142czesny. Droga donik\u0105d. Od protestu do protestu. Je\u015bli tak ma wygl\u0105da\u0107 przysz\u0142o\u015b\u0107 gospodarstw rodzinnych i naszych dzieci, to lepiej nie bierzcie kredyt\u00f3w.  <\/p>\n\n\n\n<p>Jak\u0105 mamy dla was ofert\u0119? Mowa o Pomorzu Zachodnim. Niezale\u017cny Samorz\u0105dny Zwi\u0105zek Zawodowy Rolnik\u00f3w Indywidualnych \u201eSolidarno\u015b\u0107\u201d jest t\u0105 ofert\u0105. Rolniczy bezpiecznik. \u0141\u0105czymy powszechn\u0105 s\u0142abo\u015b\u0107 i indywidualny pesymizm polskiego rolnika w ca\u0142o\u015b\u0107 i wychodzi nam z tego ca\u0142kiem niez\u0142a si\u0142a. Przede wszystkim wsp\u00f3\u0142pracujemy ze sob\u0105. Je\u015bli nie b\u0119dziemy tego robi\u0107, to rolnictwo przemys\u0142owe, korporacje, obcy kapita\u0142 \u201ezmiecie\u201d nas z powierzchni ziemi. Dlatego szukamy m\u0142odych rolnik\u00f3w indywidualnych, kt\u00f3rzy chcieliby si\u0119 zaanga\u017cowa\u0107 w sprawy wa\u017cne dla \u015brodowiska. Ludzi, kt\u00f3rzy chcieliby budowa\u0107 siebie, ale i swoje otoczenie. Po to stworzyli\u015bmy, mi\u0119dzy innymi, Szko\u0142\u0119 Lider\u00f3w. Mo\u017cecie do nas napisa\u0107 na Facebooku\/Protest Rolnik\u00f3w. Zreszt\u0105. Zobaczcie postulaty z 1998 roku (<a href=\"http:\/\/pracanaroli.pl\/index.php\/2019\/03\/26\/rok-1998-rolnicy-zablokowali-autostrade-na-granicy-z-niemcami-co-osiagneli\/ \">wi\u0119cej<\/a>) Walka o Nowamyl S.A., o \u201ePolski Cukier\u201d, o korzystne dla rolnik\u00f3w zasady gospodarowania ziemi\u0105 roln\u0105 z Zasobu W\u0142asno\u015bci Rolnej Skarbu Pa\u0144stwa. Walka o utrzymanie szkolnictwa zawodowego, zwracanie uwagi na drena\u017c zaplecza intelektualnego po Akademii Rolniczej w Szczecinie. Czynne protesty w obronie polskiej ziemi w latach 2012 \u2013 2015, mi\u0119dzy innymi w Szczecinie i w Warszawie. Karta Gospodarstw Rodzinnych (<a href=\"http:\/\/protestrolnikow.pl\/wp-content\/uploads\/2014\/01\/I-popr-KARTA-GOSPODARSTW-RODZINNYCH-23.pdf\">zobacz<\/a>). Wiemy jak powinien dzia\u0142a\u0107 rolniczy samorz\u0105d, jak wsp\u00f3\u0142pracowa\u0107 z organizacjami bran\u017cowymi, administracj\u0105 pa\u0144stwow\u0105, czy politykami. Wiemy, jakie dzia\u0142ania nale\u017cy podj\u0105\u0107, aby wykorzysta\u0107 dany nam czas i powierzon\u0105 nam ziemi\u0119 dla dobra wsp\u00f3lnego. Por\u00f3wnaj nasz\u0105 aktywno\u015b\u0107, jej efekty z innymi \u015brodowiskami w regionie. Je\u015bli chcesz co\u015b zmieni\u0107, to do\u0142\u0105cz do nas.   <\/p>\n\n\n\n<p>Red.  \/ Szczecin, 24.06.2019 r.  <\/p>\n\n\n\n<p>Inspiracja <a href=\"https:\/\/www.economist.com\/business\/2014\/01\/04\/bringing-home-the-bacon\">&#8222;Bringing home the bacon&#8221;<\/a> w <a href=\"https:\/\/www.economist.com\/business\/2014\/01\/04\/bringing-home-the-bacon\">The Economist<\/a> (2014)<\/p>\n\n\n\n<p>Zobacz tak\u017ce: <br><a href=\"http:\/\/www.infodania.eu\/info\/rolnictwo-i-przemysl-spozywczy-w-danii\">&#8222;Rolnictwo i przemys\u0142 spo\u017cywczy w Danii&#8221;<\/a> w <a href=\"http:\/\/www.infodania.eu\/info\/rolnictwo-i-przemysl-spozywczy-w-danii\">infodania.eu<\/a><br><a href=\"https:\/\/www.rp.pl\/Rolnictwo\/305049859-Dania-wraca-do-natury.html\">&#8222;Dania wraca do natury&#8221;<\/a> w <a href=\"https:\/\/www.rp.pl\/Rolnictwo\/305049859-Dania-wraca-do-natury.html\">rp.pl<\/a> (2017)<\/p>\n\n\n\n<p>Fot. Dania. &#8222;Wiking&#8221; na traktorze \/ Domena publiczna <\/p>\n","protected":false},"excerpt":{"rendered":"<p>Na pocz\u0105tek teatr wsp\u00f3\u0142czesny. 2014 rok. \u201eCzy mo\u017cliwa jest adaptacja nieu\u017cywanego od niedawna Elewatora Ewa w Szczecinie na now\u0105, znamienit\u0105 siedzib\u0119 Teatru Wsp\u00f3\u0142czesnego? Struktura, kt\u00f3ra&#8230;<\/p>\n","protected":false},"author":2,"featured_media":305,"comment_status":"closed","ping_status":"closed","sticky":false,"template":"","format":"standard","meta":[],"categories":[20,43],"tags":[86,85,59],"_links":{"self":[{"href":"https:\/\/pracanaroli.pl\/index.php\/wp-json\/wp\/v2\/posts\/304"}],"collection":[{"href":"https:\/\/pracanaroli.pl\/index.php\/wp-json\/wp\/v2\/posts"}],"about":[{"href":"https:\/\/pracanaroli.pl\/index.php\/wp-json\/wp\/v2\/types\/post"}],"author":[{"embeddable":true,"href":"https:\/\/pracanaroli.pl\/index.php\/wp-json\/wp\/v2\/users\/2"}],"replies":[{"embeddable":true,"href":"https:\/\/pracanaroli.pl\/index.php\/wp-json\/wp\/v2\/comments?post=304"}],"version-history":[{"count":8,"href":"https:\/\/pracanaroli.pl\/index.php\/wp-json\/wp\/v2\/posts\/304\/revisions"}],"predecessor-version":[{"id":316,"href":"https:\/\/pracanaroli.pl\/index.php\/wp-json\/wp\/v2\/posts\/304\/revisions\/316"}],"wp:featuredmedia":[{"embeddable":true,"href":"https:\/\/pracanaroli.pl\/index.php\/wp-json\/wp\/v2\/media\/305"}],"wp:attachment":[{"href":"https:\/\/pracanaroli.pl\/index.php\/wp-json\/wp\/v2\/media?parent=304"}],"wp:term":[{"taxonomy":"category","embeddable":true,"href":"https:\/\/pracanaroli.pl\/index.php\/wp-json\/wp\/v2\/categories?post=304"},{"taxonomy":"post_tag","embeddable":true,"href":"https:\/\/pracanaroli.pl\/index.php\/wp-json\/wp\/v2\/tags?post=304"}],"curies":[{"name":"wp","href":"https:\/\/api.w.org\/{rel}","templated":true}]}}