{"id":283,"date":"2019-06-12T14:03:30","date_gmt":"2019-06-12T12:03:30","guid":{"rendered":"http:\/\/pracanaroli.pl\/?p=283"},"modified":"2019-06-12T14:04:19","modified_gmt":"2019-06-12T12:04:19","slug":"12-lat-i-ponad-230-krzesel-mniej","status":"publish","type":"post","link":"https:\/\/pracanaroli.pl\/index.php\/2019\/06\/12\/12-lat-i-ponad-230-krzesel-mniej\/","title":{"rendered":"Rolnik i akademik. 12 lat i ponad 230 KRZESE\u0141 mniej"},"content":{"rendered":"\n<p><strong>O co chodzi z krzes\u0142ami w tytule? O my\u015blenie obszarowe. O WSP\u00d3\u0141PRAC\u0118 OBSZAROW\u0104. Akademicy s\u0105 przypisywani do obszar\u00f3w strategicznych dla rozwoju regionu i kraju. Nie dla rozwoju uczelni, czy szkolnictwa wy\u017cszego i nauki w globalnej wiosce. Takimi obszarami s\u0105 dla Pomorza Zachodniego, mi\u0119dzy innymi: rolnictwo, rybactwo, gospodarka \u017cywno\u015bciowa, czy kszta\u0142towanie \u015brodowiska. <\/strong><\/p>\n\n\n\n<p>W ramach obszarowych funkcjonuj\u0105 Akademia Morska w Szczecinie, Pomorski Uniwersytet Medyczny w Szczecinie, czy Akademia Sztuki w Szczecinie. Nie odkrywamy nic nowego. Wskazujemy tylko na to, \u017ce reformy w uczelniach podleg\u0142ych Ministerstwu Nauki i Szkolnictwa Wy\u017cszego musz\u0105 by\u0107 korzystne dla naszego regionu. <br><\/p>\n\n\n\n<p>W my\u015bleniu obszarowym wa\u017cnym staje si\u0119 udzia\u0142 elit akademickich w \u015brodowiskach odpowiedzialnych za rozw\u00f3j danych obszar\u00f3w strategicznych na Pomorzu Zachodnim. Pa\u0144stwo finansuje udzia\u0142 akademik\u00f3w w danym obszarze (obszarach). St\u0105d odniesienie do krzese\u0142. Wykresy tzw. drzewa akademickie, przedstawione poni\u017cej, odnosz\u0105 si\u0119 do Akademii Rolniczej w Szczecinie z 2007 roku i jej wydzia\u0142\u00f3w funkcjonuj\u0105cych w 2019 roku w ramach utworzonego w 2009 roku Zachodniopomorskiego Uniwersytetu Technologicznego w Szczecinie. Opracowanie nie obejmuje pracownik\u00f3w dziekanat\u00f3w i pracownik\u00f3w obs\u0142ugi. <br><\/p>\n\n\n\n<p>Gdyby Pa\u0144stwo finansowa\u0142o obecno\u015b\u0107 akademik\u00f3w w rolnictwie na Pomorzu Zachodnim kieruj\u0105c si\u0119 kryteriami ich aktywno\u015bci w obszarach strategicznych, to obraz struktury omawianych wydzia\u0142\u00f3w ZUT by\u0142by w 2019 roku zapewne inny. Czy w 2019 roku sta\u0107 Polsk\u0119 na finansowanie akademik\u00f3w zajmuj\u0105cych si\u0119 rolnictwem w regionie typowo rolniczym, jakim jest Pomorze Zachodnie? Tak. To inwestycja. Przyk\u0142adowo. Warto\u015b\u0107 eksportu towar\u00f3w rolno-spo\u017cywczych w 2018 r. osi\u0105gn\u0119\u0142a w naszym kraju poziom 29,3 mld euro (za: Krajowy O\u015brodek Wsparcia Rolnictwa). <br><\/p>\n\n\n\n<p>W ci\u0105gu 12 lat w jednostkach organizacyjnych tworz\u0105cych Akademi\u0119 Rolnicz\u0105 w Szczecinie liczba stanowisk pracy zmniejszy\u0142a si\u0119 o ponad 230. Co to oznacza? Ponad 230 krzese\u0142 mniej finansowanych w obszarach wa\u017cnych dla rozwoju regionu: rolnictwo, gospodarka \u017cywno\u015bciowa, rybactwo i kszta\u0142towanie krajobrazu. A co z prac\u0105 wielu pokole\u0144 akademik\u00f3w z AR, specjalizacj\u0105, szko\u0142ami naukowymi itd.? Do archiwum? <br><\/p>\n\n\n\n<p>Gdyby\u015bmy my\u015bleli o reformowaniu szkolnictwa wy\u017cszego i nauki obszarowo, to te umowne krzes\u0142a wraz z ich finansowaniem, mog\u0142yby by\u0107 przeniesione, dla przyk\u0142adu, do Zachodniopomorskiego O\u015brodka Doradztwa Rolniczego w Barzkowicach, Stacji Do\u015bwiadczalnej Oceny Odmian w Szczecinie D\u0105biu, czy na Wydzia\u0142 Prawa i Administracji Uniwersytetu Szczeci\u0144skiego. Zapewne Instytuty Socjologii i Politologii USz tak\u017ce nie pogardzi\u0142yby dodatkowymi etatami (krzes\u0142ami) dla akademik\u00f3w, kt\u00f3rzy zaj\u0119liby si\u0119 obszarami wiejskimi, czy Wsp\u00f3ln\u0105 Polityk\u0105 Roln\u0105 Unii Europejskiej. A tak&#8230; nie my\u015blimy obszarowo. Ponie\u015bli\u015bmy straty. O wysoko\u015bci dotacji z bud\u017cetu pa\u0144stwa decydowa\u0142a cho\u0107by liczba student\u00f3w. Dlaczego nie rolnik\u00f3w w regionie? B\u0142\u0119dne ko\u0142o si\u0119 zamyka&#8230; Akademia Rolnicza w Szczecinie i Politechnika Szczeci\u0144ska stan\u0119\u0142y &#8222;pod \u015bcian\u0105&#8221;. Zreszt\u0105 akademicy, z racji regulacji prawnych, w czasie kolejnych reform bardzo cz\u0119sto staj\u0105 si\u0119 przedmiotem, a nie podmiotem w swojej sprawie. O tym te\u017c warto pami\u0119ta\u0107. <br><\/p>\n\n\n\n<p>Wr\u00f3\u0107my do tych ponad 230 krzese\u0142 i my\u015blenia obszarowego. Rolnicza Polska dzieli si\u0119 na dwie cz\u0119\u015bci. W naszej &#8211; p\u00f3\u0142nocnej i zachodniej &#8211; rolnik\u00f3w kszta\u0142ci si\u0119 w Olsztynie i Wroc\u0142awiu. Oczywi\u015bcie tak\u017ce na ZUT w Szczecinie. Pa\u0144stwo powinno zabezpiecza\u0107 rozw\u00f3j kszta\u0142cenia rolniczego tak\u017ce w naszym regionie i wymusza\u0107 wsp\u00f3\u0142prac\u0119 obszarow\u0105. Jak? Poprzez stabilne finansowanie i jasne kryteria wzmacniaj\u0105ce bezpiecze\u0144stwo i podmiotowo\u015b\u0107 akademik\u00f3w. P\u00f3ki co, to \u015brodowiska rolnicze na Pomorzu Zachodnim straci\u0142y ponad 230 etat\u00f3w w ci\u0105gu ostatnich 12 lat. Nie ZUT, tylko rolnicy, a dok\u0142adniej prowincja. Takie s\u0105 efekty &#8222;reform&#8221; nauki i szkolnictwa wy\u017cszego w naszym kraju. Drena\u017c rolniczych elit na Pomorzu Zachodnim. Ten drena\u017c to tak\u017ce pieni\u0105dze. Oczywi\u015bcie te pochodzi\u0142y z dotacji celowych i by\u0142y wypracowywane przez uczelnie. Kiedy ich zabrak\u0142o, to zacz\u0119to redukowa\u0107 stan zatrudnienia (upraszczaj\u0105c). Politycy i akademicy niestety zawiedli. <br><\/p>\n\n\n\n<p>Do dzi\u015b brakuje nam powa\u017cnych studi\u00f3w nad Akademickim Szczecinem. Wa\u017cnym partnerem staj\u0105 si\u0119 samorz\u0105dy, w tym samorz\u0105d rolniczy. Uwa\u017cam, \u017ce Pa\u0144stwo finansuj\u0105c szko\u0142y wy\u017csze powinno dba\u0107 o utrzymywanie odpowiednich wska\u017anik\u00f3w udzia\u0142u elit akademickich w obszarach strategicznych. Ilo\u015b\u0107 krzese\u0142 i jako\u015b\u0107 pracy akademik\u00f3w, a nie taki czy inny uk\u0142ad si\u0142 w uczelni, powinny decydowa\u0107 o skali finansowania. <br><\/p>\n\n\n\n<p>Dla zobrazowania. 230 pracownik\u00f3w razy 2500 z\u0142otych &#8222;na r\u0119k\u0119&#8221; przez dwana\u015bcie miesi\u0119cy plus &#8222;trzynastka&#8221;. Dla uproszczenia nie ujmujemy sk\u0142adki na ubezpieczenia spo\u0142eczne, ubezpieczenie zdrowotne oraz podatek dochodowy. Efekt? Blisko 7,5 miliona z\u0142otych rocznie. To ile &#8222;odp\u0142ywa&#8221; faktycznie pieni\u0119dzy? Ile \u015brodk\u00f3w &#8222;odp\u0142yn\u0119\u0142o&#8221; w ci\u0105gu dwunastu lat na kszta\u0142cenie i prace naukowe w rolnictwie, rybactwie, czy gospodarce \u017cywno\u015bciowej na Pomorzu Zachodnim? <br><\/p>\n\n\n\n<p>Wykresy. Akademia Rolnicza w Szczecinie w 2007 roku i wydzia\u0142y Akademii Rolniczej w Szczecinie w ramach Zachodniopomorskiego Uniwersytetu Technologicznego w Szczecinie w 2019 roku. Co zyskali\u015bmy, a co stracili\u015bmy? Ciesz\u0119 si\u0119, \u017ce problem jest zauwa\u017cany i staje si\u0119 przedmiotem publicznej dyskusji, czego przyk\u0142adem by\u0142a debata zorganizowana w Centrum Edukacji Ogrodniczej w Szczecinie we wsp\u00f3\u0142pracy z NSZZ Rolnik\u00f3w Indywidualnych &#8222;Solidarno\u015b\u0107&#8221; na Pomorzu Zachodnim w dniu 19.02.2019 r. Wi\u0119cej (zobacz dyskusj\u0119 z udzia\u0142em panelist\u00f3w &#8211; <a href=\"https:\/\/www.youtube.com\/watch?v=_eLLZsXkV1A&amp;list=PLIbNt1L_XntNjsKlDLlYbxagoPRRmGba_&amp;index=1  \">czas od: 33:20<\/a>).  <\/p>\n\n\n\n<figure class=\"wp-block-image\"><img decoding=\"async\" loading=\"lazy\" width=\"1024\" height=\"724\" src=\"http:\/\/pracanaroli.pl\/wp-content\/uploads\/2019\/06\/01-AR-2007-ZUT-2019-11062019-1024x724.png\" alt=\"\" class=\"wp-image-284\" srcset=\"https:\/\/pracanaroli.pl\/wp-content\/uploads\/2019\/06\/01-AR-2007-ZUT-2019-11062019-1024x724.png 1024w, https:\/\/pracanaroli.pl\/wp-content\/uploads\/2019\/06\/01-AR-2007-ZUT-2019-11062019-300x212.png 300w, https:\/\/pracanaroli.pl\/wp-content\/uploads\/2019\/06\/01-AR-2007-ZUT-2019-11062019-768x543.png 768w\" sizes=\"(max-width: 1024px) 100vw, 1024px\" \/><\/figure>\n\n\n\n<figure class=\"wp-block-image\"><img decoding=\"async\" loading=\"lazy\" width=\"1024\" height=\"724\" src=\"http:\/\/pracanaroli.pl\/wp-content\/uploads\/2019\/06\/02-AR-2007-ZUT-2019-11062019-1024x724.png\" alt=\"\" class=\"wp-image-285\" srcset=\"https:\/\/pracanaroli.pl\/wp-content\/uploads\/2019\/06\/02-AR-2007-ZUT-2019-11062019-1024x724.png 1024w, https:\/\/pracanaroli.pl\/wp-content\/uploads\/2019\/06\/02-AR-2007-ZUT-2019-11062019-300x212.png 300w, https:\/\/pracanaroli.pl\/wp-content\/uploads\/2019\/06\/02-AR-2007-ZUT-2019-11062019-768x543.png 768w\" sizes=\"(max-width: 1024px) 100vw, 1024px\" \/><\/figure>\n\n\n\n<figure class=\"wp-block-image\"><img decoding=\"async\" loading=\"lazy\" width=\"1024\" height=\"724\" src=\"http:\/\/pracanaroli.pl\/wp-content\/uploads\/2019\/06\/03-AR-2007-ZUT-2019-11062019-1024x724.png\" alt=\"\" class=\"wp-image-286\" srcset=\"https:\/\/pracanaroli.pl\/wp-content\/uploads\/2019\/06\/03-AR-2007-ZUT-2019-11062019-1024x724.png 1024w, https:\/\/pracanaroli.pl\/wp-content\/uploads\/2019\/06\/03-AR-2007-ZUT-2019-11062019-300x212.png 300w, https:\/\/pracanaroli.pl\/wp-content\/uploads\/2019\/06\/03-AR-2007-ZUT-2019-11062019-768x543.png 768w\" sizes=\"(max-width: 1024px) 100vw, 1024px\" \/><\/figure>\n\n\n\n<figure class=\"wp-block-image\"><img decoding=\"async\" loading=\"lazy\" width=\"1024\" height=\"724\" src=\"http:\/\/pracanaroli.pl\/wp-content\/uploads\/2019\/06\/04-AR-2007-ZUT-2019-11062019-1024x724.png\" alt=\"\" class=\"wp-image-287\" srcset=\"https:\/\/pracanaroli.pl\/wp-content\/uploads\/2019\/06\/04-AR-2007-ZUT-2019-11062019-1024x724.png 1024w, https:\/\/pracanaroli.pl\/wp-content\/uploads\/2019\/06\/04-AR-2007-ZUT-2019-11062019-300x212.png 300w, https:\/\/pracanaroli.pl\/wp-content\/uploads\/2019\/06\/04-AR-2007-ZUT-2019-11062019-768x543.png 768w\" sizes=\"(max-width: 1024px) 100vw, 1024px\" \/><\/figure>\n\n\n\n<figure class=\"wp-block-image\"><img decoding=\"async\" loading=\"lazy\" width=\"1024\" height=\"724\" src=\"http:\/\/pracanaroli.pl\/wp-content\/uploads\/2019\/06\/05-AR-2007-ZUT-2019-11062019-1024x724.png\" alt=\"\" class=\"wp-image-288\" srcset=\"https:\/\/pracanaroli.pl\/wp-content\/uploads\/2019\/06\/05-AR-2007-ZUT-2019-11062019-1024x724.png 1024w, https:\/\/pracanaroli.pl\/wp-content\/uploads\/2019\/06\/05-AR-2007-ZUT-2019-11062019-300x212.png 300w, https:\/\/pracanaroli.pl\/wp-content\/uploads\/2019\/06\/05-AR-2007-ZUT-2019-11062019-768x543.png 768w\" sizes=\"(max-width: 1024px) 100vw, 1024px\" \/><\/figure>\n\n\n\n<p>Polecam tak\u017ce uwadze wykres GUS-u z 2016 roku wskazuj\u0105cy odsetek os\u00f3b kieruj\u0105cych gospodarstwem rolnym z wykszta\u0142ceniem rolniczym, w tym z wy\u017cszym wykszta\u0142ceniem rolniczym (<a href=\"https:\/\/stat.gov.pl\/obszary-tematyczne\/rolnictwo-lesnictwo\/rolnictwo\/charakterystyka-gospodarstw-rolnych-w-2016-r-,5,5.html\ufeff\">wi\u0119cej<\/a>).  <\/p>\n\n\n\n<figure class=\"wp-block-image\"><img decoding=\"async\" loading=\"lazy\" width=\"797\" height=\"493\" src=\"http:\/\/pracanaroli.pl\/wp-content\/uploads\/2019\/06\/WYKSZTALCENIE-REGIONY-GUS-2016.png\" alt=\"\" class=\"wp-image-289\" srcset=\"https:\/\/pracanaroli.pl\/wp-content\/uploads\/2019\/06\/WYKSZTALCENIE-REGIONY-GUS-2016.png 797w, https:\/\/pracanaroli.pl\/wp-content\/uploads\/2019\/06\/WYKSZTALCENIE-REGIONY-GUS-2016-300x186.png 300w, https:\/\/pracanaroli.pl\/wp-content\/uploads\/2019\/06\/WYKSZTALCENIE-REGIONY-GUS-2016-768x475.png 768w\" sizes=\"(max-width: 797px) 100vw, 797px\" \/><figcaption>\u0179r\u00f3d\u0142o: GUS, 2016<\/figcaption><\/figure>\n\n\n\n<p>Opracowanie:  Sebastian Sahajdak <br>Szczecin, 12.06.2019 r.  <\/p>\n","protected":false},"excerpt":{"rendered":"<p>O co chodzi z krzes\u0142ami w tytule? O my\u015blenie obszarowe. O WSP\u00d3\u0141PRAC\u0118 OBSZAROW\u0104. Akademicy s\u0105 przypisywani do obszar\u00f3w strategicznych dla rozwoju regionu i kraju. Nie&#8230;<\/p>\n","protected":false},"author":2,"featured_media":284,"comment_status":"closed","ping_status":"closed","sticky":false,"template":"","format":"standard","meta":[],"categories":[20],"tags":[78,80,81,79],"_links":{"self":[{"href":"https:\/\/pracanaroli.pl\/index.php\/wp-json\/wp\/v2\/posts\/283"}],"collection":[{"href":"https:\/\/pracanaroli.pl\/index.php\/wp-json\/wp\/v2\/posts"}],"about":[{"href":"https:\/\/pracanaroli.pl\/index.php\/wp-json\/wp\/v2\/types\/post"}],"author":[{"embeddable":true,"href":"https:\/\/pracanaroli.pl\/index.php\/wp-json\/wp\/v2\/users\/2"}],"replies":[{"embeddable":true,"href":"https:\/\/pracanaroli.pl\/index.php\/wp-json\/wp\/v2\/comments?post=283"}],"version-history":[{"count":2,"href":"https:\/\/pracanaroli.pl\/index.php\/wp-json\/wp\/v2\/posts\/283\/revisions"}],"predecessor-version":[{"id":291,"href":"https:\/\/pracanaroli.pl\/index.php\/wp-json\/wp\/v2\/posts\/283\/revisions\/291"}],"wp:featuredmedia":[{"embeddable":true,"href":"https:\/\/pracanaroli.pl\/index.php\/wp-json\/wp\/v2\/media\/284"}],"wp:attachment":[{"href":"https:\/\/pracanaroli.pl\/index.php\/wp-json\/wp\/v2\/media?parent=283"}],"wp:term":[{"taxonomy":"category","embeddable":true,"href":"https:\/\/pracanaroli.pl\/index.php\/wp-json\/wp\/v2\/categories?post=283"},{"taxonomy":"post_tag","embeddable":true,"href":"https:\/\/pracanaroli.pl\/index.php\/wp-json\/wp\/v2\/tags?post=283"}],"curies":[{"name":"wp","href":"https:\/\/api.w.org\/{rel}","templated":true}]}}