{"id":275,"date":"2019-05-17T17:08:07","date_gmt":"2019-05-17T15:08:07","guid":{"rendered":"http:\/\/pracanaroli.pl\/?p=275"},"modified":"2019-05-17T17:08:09","modified_gmt":"2019-05-17T15:08:09","slug":"wywlaszczenie-list-otwarty-do-parlamentarzystow","status":"publish","type":"post","link":"https:\/\/pracanaroli.pl\/index.php\/2019\/05\/17\/wywlaszczenie-list-otwarty-do-parlamentarzystow\/","title":{"rendered":"WYW\u0141ASZCZENIE. List otwarty do Parlamentarzyst\u00f3w"},"content":{"rendered":"\n<p> \u201c<b>Szanowna Pani Pose\u0142, Szanowny Panie Po\u015ble<\/b>,<br>w imieniu os\u00f3b dotkni\u0119tych wyw\u0142aszczeniem nieruchomo\u015bci na cele publiczne oraz \u015brodowisk zaanga\u017cowanych w realizacj\u0119 ich praw i obowi\u0105zk\u00f3w w trakcie tego procesu (w szczeg\u00f3lno\u015bci os\u00f3b i podmiot\u00f3w, sk\u0142adaj\u0105cych podpis pod niniejszym pismem), w zwi\u0105zku z brakiem stosownych regulacji, rozbie\u017cno\u015bciami ustawowymi oraz lukami prawnymi, kt\u00f3re generuj\u0105 realne problemy dla os\u00f3b przymusowo pozbawionych prawa w\u0142asno\u015bci, zwracamy si\u0119 do Pa\u0144stwa o podj\u0119cie inicjatywy ustawodawczej we wskazanych poni\u017cej obszarach.Do kluczowych zagadnie\u0144, wymagaj\u0105cych niezw\u0142ocznej interwencji, zaliczamy:<\/p>\n\n\n\n<ul><li>I. Zagwarantowanie osobom wyw\u0142aszczonym prawa do efektywnego odtworzenia utraconej nieruchomo\u015bci.<\/li><li>II. Zagwarantowanie osobom wyw\u0142aszczonym prawa do p\u0142ynnego przej\u015bcia z nieruchomo\u015bci wyw\u0142aszczonej do odtworzonej.<\/li><li>III. Ujednolicenie sytuacji prawnej os\u00f3b wyw\u0142aszczonych na gruncie r\u00f3\u017cnych ustaw.<\/li><li>IV. Ujednolicenie sytuacji prawnej os\u00f3b wyw\u0142aszczonych i zagwarantowanie uczciwo\u015bci i przejrzysto\u015bci w zakresie obci\u0105\u017ce\u0144 podatkowych.<\/li><\/ul>\n\n\n\n<p><a href=\"https:\/\/fundacjainlegis.pl\/list-otwarty\/\"><strong>Wi\u0119cej na stronie Fundacji INLEGIS <br>Zach\u0119camy do zapoznania si\u0119 z uzasadnieniem listu <br>oraz do jego podpisania >>> <\/strong><\/a><\/p>\n\n\n\n<p><strong>O Li\u015bcie otwartym.<\/strong> \u201cCelem poprawy sytuacji os\u00f3b wyw\u0142aszczonych, Fundacja INLEGIS pragnie zwr\u00f3ci\u0107 parlamentarzystom uwag\u0119 na najbardziej pal\u0105ce problemy wyst\u0119puj\u0105ce przy inwestycjach publicznych. Pa\u0144stwa poparcie i wypowiadanie si\u0119 jednym g\u0142osem wzmocni niniejszy komunikat. Liczymy, \u017ce opisane problemy rozumiej\u0105 nie tylko osoby wyw\u0142aszczone i ich najbli\u017csi, ale r\u00f3wnie\u017c inni uczestnicy i obserwatorzy tego procesu: rzeczoznawcy maj\u0105tkowi, prawnicy, dziennikarze itd. Po zako\u0144czeniu zbierania poparcia list zostanie oficjalnie z\u0142o\u017cony na r\u0119ce pos\u0142\u00f3w.\u201d (<a rel=\"noreferrer noopener\" aria-label=\" (otwiera si\u0119 na nowej zak\u0142adce)\" href=\"https:\/\/fundacjainlegis.pl\/list-otwarty\/\" target=\"_blank\">\u0179r\u00f3d\u0142o<\/a>) <\/p>\n","protected":false},"excerpt":{"rendered":"<p>\u201cSzanowna Pani Pose\u0142, Szanowny Panie Po\u015ble,w imieniu os\u00f3b dotkni\u0119tych wyw\u0142aszczeniem nieruchomo\u015bci na cele publiczne oraz \u015brodowisk zaanga\u017cowanych w realizacj\u0119 ich praw i obowi\u0105zk\u00f3w w trakcie&#8230;<\/p>\n","protected":false},"author":2,"featured_media":276,"comment_status":"closed","ping_status":"closed","sticky":false,"template":"","format":"standard","meta":[],"categories":[36],"tags":[35],"_links":{"self":[{"href":"https:\/\/pracanaroli.pl\/index.php\/wp-json\/wp\/v2\/posts\/275"}],"collection":[{"href":"https:\/\/pracanaroli.pl\/index.php\/wp-json\/wp\/v2\/posts"}],"about":[{"href":"https:\/\/pracanaroli.pl\/index.php\/wp-json\/wp\/v2\/types\/post"}],"author":[{"embeddable":true,"href":"https:\/\/pracanaroli.pl\/index.php\/wp-json\/wp\/v2\/users\/2"}],"replies":[{"embeddable":true,"href":"https:\/\/pracanaroli.pl\/index.php\/wp-json\/wp\/v2\/comments?post=275"}],"version-history":[{"count":1,"href":"https:\/\/pracanaroli.pl\/index.php\/wp-json\/wp\/v2\/posts\/275\/revisions"}],"predecessor-version":[{"id":277,"href":"https:\/\/pracanaroli.pl\/index.php\/wp-json\/wp\/v2\/posts\/275\/revisions\/277"}],"wp:featuredmedia":[{"embeddable":true,"href":"https:\/\/pracanaroli.pl\/index.php\/wp-json\/wp\/v2\/media\/276"}],"wp:attachment":[{"href":"https:\/\/pracanaroli.pl\/index.php\/wp-json\/wp\/v2\/media?parent=275"}],"wp:term":[{"taxonomy":"category","embeddable":true,"href":"https:\/\/pracanaroli.pl\/index.php\/wp-json\/wp\/v2\/categories?post=275"},{"taxonomy":"post_tag","embeddable":true,"href":"https:\/\/pracanaroli.pl\/index.php\/wp-json\/wp\/v2\/tags?post=275"}],"curies":[{"name":"wp","href":"https:\/\/api.w.org\/{rel}","templated":true}]}}