{"id":262,"date":"2019-05-11T09:33:06","date_gmt":"2019-05-11T07:33:06","guid":{"rendered":"http:\/\/pracanaroli.pl\/?p=262"},"modified":"2019-05-13T09:49:55","modified_gmt":"2019-05-13T07:49:55","slug":"arimr-przedluza-termin-skladania-wnioskow-do-konca-maja-solidarnosc-ri-zabiegala-o-takie-rozwiazanie-zobacz","status":"publish","type":"post","link":"https:\/\/pracanaroli.pl\/index.php\/2019\/05\/11\/arimr-przedluza-termin-skladania-wnioskow-do-konca-maja-solidarnosc-ri-zabiegala-o-takie-rozwiazanie-zobacz\/","title":{"rendered":"Minister Rolnictwa wyd\u0142u\u017ca termin sk\u0142adania wniosk\u00f3w do ko\u0144ca maja. Solidarno\u015b\u0107 RI zabiega\u0142a o takie rozwi\u0105zanie (zobacz)"},"content":{"rendered":"\n<p><strong>&#8222;Minister rolnictwa i rozwoju wsi Jan Krzysztof Ardanowski podj\u0105\u0142 decyzj\u0119 o przed\u0142u\u017ceniu o dwa tygodnie terminu sk\u0142adania wniosk\u00f3w o przyznanie p\u0142atno\u015bci bezpo\u015brednich oraz obszarowych z PROW 2014-2020 za rok 2019.  Decyzja ta oznacza, \u017ce Agencja Restrukturyzacji i Modernizacji Rolnictwa b\u0119dzie przyjmowa\u0142a wnioski do 31 maja 2019 r. <\/strong><\/p>\n\n\n\n<p>ARiMR apeluje, by ze sk\u0142adaniem wniosk\u00f3w za po\u015brednictwem aplikacji eWniosekPlus nie czeka\u0107 do ostatniej chwili. W razie jakichkolwiek w\u0105tpliwo\u015bci rolnicy mog\u0105 zg\u0142asza\u0107 si\u0119 po pomoc w wype\u0142nianiu dokument\u00f3w czy w sprawach zwi\u0105zanych z obs\u0142ug\u0105 techniczn\u0105 aplikacji do biur powiatowych ARiMR. Czynna jest tak\u017ce infolinia \u2013 pod numerem 800 38 00 84 mo\u017cna uzyska\u0107, np. informacje w przypadku problem\u00f3w z zalogowaniem si\u0119 do systemu.<\/p>\n\n\n\n<p>Warto pami\u0119ta\u0107, \u017ce kto z\u0142o\u017cy wniosek o przyznanie p\u0142atno\u015bci bezpo\u015brednich obszarowych za 2019 r. do 31 maja mo\u017ce liczy\u0107 na otrzymanie ich w pe\u0142nej wysoko\u015bci.&#8221; <a href=\"https:\/\/www.arimr.gov.pl\/aktualnosci\/artykuly\/skladanie-wnioskow-o-doplaty-przedluzone-do-konca-maja.html\">Zobacz pe\u0142n\u0105 tre\u015b\u0107 komunikatu ARiMR (10.05.19) <\/a><\/p>\n\n\n\n<p>NSZZ Rolnik\u00f3w Indywidualnych &#8222;Solidarno\u015b\u0107&#8221; zabiega\u0142 o takie rozwi\u0105zanie. W dniu 8.05.2019 r. do Ministerstwa Rolnictwa i Rozwoju Wsi wp\u0142yn\u0119\u0142o pismo Prezydium Rady Krajowej Zwi\u0105zku z pro\u015bb\u0105 o ustosunkowanie si\u0119 Ministra Rolnictwa p. Jana K. Ardanowskiego w sprawie. W za\u0142\u0105czonej uchwale z dnia 6.05.2019 r. czytamy mi\u0119dzy innymi, \u017ce &#8222;od d\u0142u\u017cszego czasu na terenie Polski nie wyst\u0105pi\u0142y opady, a stan ten utrzymuje si\u0119 od pocz\u0105tku nowego sezonu produkcyjnego. Z obserwacji rolnik\u00f3w wynika, i\u017c sytuacja na polach jest du\u017co gorsza ni\u017c w zesz\u0142ym roku o tej samej porze. Wyst\u0105pi\u0142a ona praktycznie we wszystkich uprawach, jednak na t\u0119 chwil\u0119 trudno jest okre\u015bli\u0107 wielko\u015b\u0107 szk\u00f3d. <\/p>\n\n\n\n<p>Ju\u017c w tym momencie w niekt\u00f3rych cz\u0119\u015bciach kraju, mimo ostatnich opad\u00f3w, s\u0105 prawdopodobnie potrzebne przesiewy upraw, co zupe\u0142nie zmieni struktur\u0119 upraw, je\u015bli termin wniosk\u00f3w o p\u0142atno\u015bci bezpo\u015brednie nie zostanie przed\u0142u\u017cony. &#8222;<\/p>\n\n\n\n<figure class=\"wp-block-image\"><img decoding=\"async\" loading=\"lazy\" width=\"725\" height=\"1024\" src=\"http:\/\/pracanaroli.pl\/wp-content\/uploads\/2019\/05\/PRK-NSZZ-RI-S-6052019-s01-725x1024.png\" alt=\"\" class=\"wp-image-258\" srcset=\"https:\/\/pracanaroli.pl\/wp-content\/uploads\/2019\/05\/PRK-NSZZ-RI-S-6052019-s01-725x1024.png 725w, https:\/\/pracanaroli.pl\/wp-content\/uploads\/2019\/05\/PRK-NSZZ-RI-S-6052019-s01-212x300.png 212w, https:\/\/pracanaroli.pl\/wp-content\/uploads\/2019\/05\/PRK-NSZZ-RI-S-6052019-s01-768x1084.png 768w, https:\/\/pracanaroli.pl\/wp-content\/uploads\/2019\/05\/PRK-NSZZ-RI-S-6052019-s01.png 1022w\" sizes=\"(max-width: 725px) 100vw, 725px\" \/><\/figure>\n\n\n\n<figure class=\"wp-block-image\"><img decoding=\"async\" loading=\"lazy\" width=\"725\" height=\"1024\" src=\"http:\/\/pracanaroli.pl\/wp-content\/uploads\/2019\/05\/PRK-NSZZ-RI-S-6052019-s02-725x1024.png\" alt=\"\" class=\"wp-image-259\" srcset=\"https:\/\/pracanaroli.pl\/wp-content\/uploads\/2019\/05\/PRK-NSZZ-RI-S-6052019-s02-725x1024.png 725w, https:\/\/pracanaroli.pl\/wp-content\/uploads\/2019\/05\/PRK-NSZZ-RI-S-6052019-s02-212x300.png 212w, https:\/\/pracanaroli.pl\/wp-content\/uploads\/2019\/05\/PRK-NSZZ-RI-S-6052019-s02-768x1084.png 768w, https:\/\/pracanaroli.pl\/wp-content\/uploads\/2019\/05\/PRK-NSZZ-RI-S-6052019-s02.png 1022w\" sizes=\"(max-width: 725px) 100vw, 725px\" \/><\/figure>\n\n\n\n<p>Red. <\/p>\n\n\n\n<p>Fot. archiwum NSZZ RI &#8222;Solidarno\u015bc&#8221;<\/p>\n","protected":false},"excerpt":{"rendered":"<p>&#8222;Minister rolnictwa i rozwoju wsi Jan Krzysztof Ardanowski podj\u0105\u0142 decyzj\u0119 o przed\u0142u\u017ceniu o dwa tygodnie terminu sk\u0142adania wniosk\u00f3w o przyznanie p\u0142atno\u015bci bezpo\u015brednich oraz obszarowych z&#8230;<\/p>\n","protected":false},"author":2,"featured_media":263,"comment_status":"closed","ping_status":"closed","sticky":false,"template":"","format":"standard","meta":[],"categories":[25],"tags":[76,33],"_links":{"self":[{"href":"https:\/\/pracanaroli.pl\/index.php\/wp-json\/wp\/v2\/posts\/262"}],"collection":[{"href":"https:\/\/pracanaroli.pl\/index.php\/wp-json\/wp\/v2\/posts"}],"about":[{"href":"https:\/\/pracanaroli.pl\/index.php\/wp-json\/wp\/v2\/types\/post"}],"author":[{"embeddable":true,"href":"https:\/\/pracanaroli.pl\/index.php\/wp-json\/wp\/v2\/users\/2"}],"replies":[{"embeddable":true,"href":"https:\/\/pracanaroli.pl\/index.php\/wp-json\/wp\/v2\/comments?post=262"}],"version-history":[{"count":3,"href":"https:\/\/pracanaroli.pl\/index.php\/wp-json\/wp\/v2\/posts\/262\/revisions"}],"predecessor-version":[{"id":266,"href":"https:\/\/pracanaroli.pl\/index.php\/wp-json\/wp\/v2\/posts\/262\/revisions\/266"}],"wp:featuredmedia":[{"embeddable":true,"href":"https:\/\/pracanaroli.pl\/index.php\/wp-json\/wp\/v2\/media\/263"}],"wp:attachment":[{"href":"https:\/\/pracanaroli.pl\/index.php\/wp-json\/wp\/v2\/media?parent=262"}],"wp:term":[{"taxonomy":"category","embeddable":true,"href":"https:\/\/pracanaroli.pl\/index.php\/wp-json\/wp\/v2\/categories?post=262"},{"taxonomy":"post_tag","embeddable":true,"href":"https:\/\/pracanaroli.pl\/index.php\/wp-json\/wp\/v2\/tags?post=262"}],"curies":[{"name":"wp","href":"https:\/\/api.w.org\/{rel}","templated":true}]}}