{"id":256,"date":"2019-05-07T20:41:42","date_gmt":"2019-05-07T18:41:42","guid":{"rendered":"http:\/\/pracanaroli.pl\/?p=256"},"modified":"2019-06-15T09:30:02","modified_gmt":"2019-06-15T07:30:02","slug":"kleski-zywiolowe-a-raty-za-ziemie-solidarnosc-ri-wnioskuje-o-przelozenie-terminow-splat-uchwala-uzasadnienie-filmy-6-05-19-r","status":"publish","type":"post","link":"https:\/\/pracanaroli.pl\/index.php\/2019\/05\/07\/kleski-zywiolowe-a-raty-za-ziemie-solidarnosc-ri-wnioskuje-o-przelozenie-terminow-splat-uchwala-uzasadnienie-filmy-6-05-19-r\/","title":{"rendered":"Kl\u0119ski \u017cywio\u0142owe, a raty za ziemi\u0119. Solidarno\u015b\u0107 RI wnioskuje o prze\u0142o\u017cenie termin\u00f3w sp\u0142at [uchwa\u0142a, uzasadnienie, filmy] &#8211; 6.05.19 r."},"content":{"rendered":"\n<p><strong>NSZZ Rolnik\u00f3w Indywidualnych &#8222;Solidarno\u015b\u0107&#8221; uchwa\u0142\u0105 nr 2 z dnia 6 maja 2019 r. zawnioskowa\u0142a do Ministra Rolnictwa i Rozwoju Wsi, p. Krzysztofa J. Ardanowskiego o podj\u0119cie dzia\u0142a\u0144 umo\u017cliwiaj\u0105cych prze\u0142o\u017cenie termin\u00f3w sp\u0142at rat z tytu\u0142u nabycia ziemi rolnej z Zasobu W\u0142asno\u015bci Rolnej Skarbu Pa\u0144stwa oraz rozpocz\u0119cie rozm\u00f3w na temat zmian ustawowych, kt\u00f3re umo\u017cliwi\u0105 wyd\u0142u\u017cenie okresu sp\u0142aty zobowi\u0105za\u0144 wzgl\u0119dem Skarbu Pa\u0144stwa z tytu\u0142u nabycia ziemi rolnej w zwi\u0105zku z wyst\u0119puj\u0105cymi kl\u0119skami \u017cywio\u0142owymi i brakiem funkcjonowania ustawy o restrukturyzacji zad\u0142u\u017cenia podmiot\u00f3w prowadz\u0105cych gospodarstwa rolne. <\/strong><\/p>\n\n\n\n<p>W zwi\u0105zku z wyst\u0119puj\u0105cymi od dw\u00f3ch lat kl\u0119skami \u017cywio\u0142owymi, kt\u00f3rych skala jest oszacowana przez powo\u0142ane do tego celu komisje, w szeregu gospodarstw rolnych dotkni\u0119tych kl\u0119skami wyst\u0119puje zagro\u017cenie utraty p\u0142ynno\u015bci finansowej. Wyp\u0142acane przez Pa\u0144stwo odszkodowania stanowi\u0105 znacz\u0105c\u0105 pomoc dla rolnik\u00f3w, nie s\u0105 w stanie pokry\u0107 w pe\u0142ni  strat. Deszcze nawalne w 2017 roku oraz susza z 2018 roku spowodowa\u0142y to, \u017ce szereg gospodarstw rolnych wesz\u0142o w deficyt finansowy i nie s\u0105 w stanie w spos\u00f3b regularny sp\u0142aca\u0107 rat za zakupion\u0105 ziemi\u0119 roln\u0105. <\/p>\n\n\n\n<p>Proponowane rozwi\u0105zanie, w ocenie Zwi\u0105zku, nale\u017ca\u0142oby potraktowa\u0107 jako rozwi\u0105zanie tymczasowe. Jego wprowadzenie pozwoli\u0142oby na rozpocz\u0119cie rozm\u00f3w na temat zmian, kt\u00f3re wyd\u0142u\u017cy\u0142yby okres sp\u0142aty zobowi\u0105za\u0144 z tytu\u0142u zakupu ziemi rolnej z ZWRSP.<\/p>\n\n\n\n<p><strong>Zobacz uzasadnienie rolnika z powiaty pyrzyckiego Roberta Tarnowskiego (4.05.19 r.):<\/strong><\/p>\n\n\n\n<figure class=\"wp-block-embed-youtube wp-block-embed is-type-video is-provider-youtube wp-embed-aspect-16-9 wp-has-aspect-ratio\"><div class=\"wp-block-embed__wrapper\">\n<iframe loading=\"lazy\" width=\"500\" height=\"281\" src=\"https:\/\/www.youtube.com\/embed\/PVN4ArNvAY0?feature=oembed\" frameborder=\"0\" allow=\"accelerometer; autoplay; encrypted-media; gyroscope; picture-in-picture\" allowfullscreen><\/iframe>\n<\/div><\/figure>\n\n\n\n<p><strong>Zobacz uzasadnienie rolnika z powiatu choszcze\u0144skiego Stanis\u0142awa Barny (4.05.19 r.):<\/strong><\/p>\n\n\n\n<figure class=\"wp-block-embed-youtube wp-block-embed is-type-video is-provider-youtube wp-embed-aspect-16-9 wp-has-aspect-ratio\"><div class=\"wp-block-embed__wrapper\">\n<iframe loading=\"lazy\" width=\"500\" height=\"281\" src=\"https:\/\/www.youtube.com\/embed\/PCkKVuL2YZI?feature=oembed\" frameborder=\"0\" allow=\"accelerometer; autoplay; encrypted-media; gyroscope; picture-in-picture\" allowfullscreen><\/iframe>\n<\/div><\/figure>\n\n\n\n<figure class=\"wp-block-image\"><img decoding=\"async\" loading=\"lazy\" width=\"725\" height=\"1024\" src=\"http:\/\/pracanaroli.pl\/wp-content\/uploads\/2019\/05\/PRK-NSZZ-RI-S-6052019-s01-725x1024.png\" alt=\"\" class=\"wp-image-258\" srcset=\"https:\/\/pracanaroli.pl\/wp-content\/uploads\/2019\/05\/PRK-NSZZ-RI-S-6052019-s01-725x1024.png 725w, https:\/\/pracanaroli.pl\/wp-content\/uploads\/2019\/05\/PRK-NSZZ-RI-S-6052019-s01-212x300.png 212w, https:\/\/pracanaroli.pl\/wp-content\/uploads\/2019\/05\/PRK-NSZZ-RI-S-6052019-s01-768x1084.png 768w, https:\/\/pracanaroli.pl\/wp-content\/uploads\/2019\/05\/PRK-NSZZ-RI-S-6052019-s01.png 1022w\" sizes=\"(max-width: 725px) 100vw, 725px\" \/><\/figure>\n\n\n\n<figure class=\"wp-block-image\"><img decoding=\"async\" loading=\"lazy\" width=\"725\" height=\"1024\" src=\"http:\/\/pracanaroli.pl\/wp-content\/uploads\/2019\/05\/PRK-NSZZ-RI-S-6052019-s03-725x1024.png\" alt=\"\" class=\"wp-image-260\" srcset=\"https:\/\/pracanaroli.pl\/wp-content\/uploads\/2019\/05\/PRK-NSZZ-RI-S-6052019-s03-725x1024.png 725w, https:\/\/pracanaroli.pl\/wp-content\/uploads\/2019\/05\/PRK-NSZZ-RI-S-6052019-s03-212x300.png 212w, https:\/\/pracanaroli.pl\/wp-content\/uploads\/2019\/05\/PRK-NSZZ-RI-S-6052019-s03-768x1084.png 768w, https:\/\/pracanaroli.pl\/wp-content\/uploads\/2019\/05\/PRK-NSZZ-RI-S-6052019-s03.png 1022w\" sizes=\"(max-width: 725px) 100vw, 725px\" \/><\/figure>\n\n\n\n<p>Red. <\/p>\n\n\n\n<p>Fot. Posiedzenie Prezydium Rady Krajowej NSZZ RI &#8222;Solidarno\u015bc&#8221; w dniu 6.05.19 r. (archiwum NSZZ RI &#8222;Solidarno\u015b\u0107&#8221;). <\/p>\n","protected":false},"excerpt":{"rendered":"<p>NSZZ Rolnik\u00f3w Indywidualnych &#8222;Solidarno\u015b\u0107&#8221; uchwa\u0142\u0105 nr 2 z dnia 6 maja 2019 r. zawnioskowa\u0142a do Ministra Rolnictwa i Rozwoju Wsi, p. Krzysztofa J. Ardanowskiego o&#8230;<\/p>\n","protected":false},"author":2,"featured_media":257,"comment_status":"closed","ping_status":"closed","sticky":false,"template":"","format":"standard","meta":[],"categories":[17,25],"tags":[73,74,26],"_links":{"self":[{"href":"https:\/\/pracanaroli.pl\/index.php\/wp-json\/wp\/v2\/posts\/256"}],"collection":[{"href":"https:\/\/pracanaroli.pl\/index.php\/wp-json\/wp\/v2\/posts"}],"about":[{"href":"https:\/\/pracanaroli.pl\/index.php\/wp-json\/wp\/v2\/types\/post"}],"author":[{"embeddable":true,"href":"https:\/\/pracanaroli.pl\/index.php\/wp-json\/wp\/v2\/users\/2"}],"replies":[{"embeddable":true,"href":"https:\/\/pracanaroli.pl\/index.php\/wp-json\/wp\/v2\/comments?post=256"}],"version-history":[{"count":1,"href":"https:\/\/pracanaroli.pl\/index.php\/wp-json\/wp\/v2\/posts\/256\/revisions"}],"predecessor-version":[{"id":261,"href":"https:\/\/pracanaroli.pl\/index.php\/wp-json\/wp\/v2\/posts\/256\/revisions\/261"}],"wp:featuredmedia":[{"embeddable":true,"href":"https:\/\/pracanaroli.pl\/index.php\/wp-json\/wp\/v2\/media\/257"}],"wp:attachment":[{"href":"https:\/\/pracanaroli.pl\/index.php\/wp-json\/wp\/v2\/media?parent=256"}],"wp:term":[{"taxonomy":"category","embeddable":true,"href":"https:\/\/pracanaroli.pl\/index.php\/wp-json\/wp\/v2\/categories?post=256"},{"taxonomy":"post_tag","embeddable":true,"href":"https:\/\/pracanaroli.pl\/index.php\/wp-json\/wp\/v2\/tags?post=256"}],"curies":[{"name":"wp","href":"https:\/\/api.w.org\/{rel}","templated":true}]}}