{"id":176,"date":"2019-02-22T20:24:14","date_gmt":"2019-02-22T19:24:14","guid":{"rendered":"http:\/\/pracanaroli.pl\/?p=176"},"modified":"2019-04-02T22:52:38","modified_gmt":"2019-04-02T20:52:38","slug":"uchwala-nr-2-2019-krajowej-rady-izb-rolniczych-wybory-28-lipca-2019-r","status":"publish","type":"post","link":"https:\/\/pracanaroli.pl\/index.php\/2019\/02\/22\/uchwala-nr-2-2019-krajowej-rady-izb-rolniczych-wybory-28-lipca-2019-r\/","title":{"rendered":"Uchwa\u0142y nr 1 i 2\/2019 Krajowej Rady Izb Rolniczych &#8211; wybory 28 lipca 2019 r."},"content":{"rendered":"\n<p>UCHWA\u0141A NR 2\/2019<br>KRAJOWEJ RADY IZB ROLNICZYCH<br>z dnia 25 lutego 2019 r.<\/p>\n\n\n\n<p>w sprawie zarz\u0105dzenia wybor\u00f3w do walnych zgromadze\u0144 izb rolniczych.<\/p>\n\n\n\n<p>Na podstawie art. 25 ust. 1 i 2 ustawy z dnia 14 grudnia 1995 r. o izbach rolniczych (Dz. U. z 2018 r. poz. 1027) uchwala si\u0119 co nast\u0119puje:<\/p>\n\n\n\n<p>\u00a7 1.<\/p>\n\n\n\n<ol><li>Zarz\u0105dza si\u0119 wybory do Walnego Zgromadzenia:<\/li><\/ol>\n\n\n\n<p> 1) Dolno\u015bl\u0105skiej Izby Rolniczej z siedzib\u0105 we Wroc\u0142awiu, <br> 2) Kujawsko-Pomorskiej Izby Rolniczej z siedzib\u0105 w Przysieku, <br> 3) Lubelskiej Izby Rolniczej z siedzib\u0105 w Lublinie, <br> 4) Lubuskiej Izby Rolniczej z siedzib\u0105 Zielonej G\u00f3rze, <br> 5) Izby Rolniczej Wojew\u00f3dztwa \u0141\u00f3dzkiego z siedzib\u0105 w \u0141odzi, <br> 6) Ma\u0142opolskiej Izby Rolniczej z siedzib\u0105 w Krakowie, <br> 7) Mazowieckiej Izby Rolniczej z siedzib\u0105 w Parzniewie, <br> 8) Izby Rolniczej w Opolu z siedzib\u0105 w Opolu, <br> 9) Podkarpackiej Izby Rolniczej z siedzib\u0105 w Trzebownisku, <br> 10) Podlaskiej Izby Rolniczej z siedzib\u0105 w Poros\u0142ach, <br> 11) Pomorskiej Izby Rolniczej z siedzib\u0105 w Pruszczu Gda\u0144skim, <br> 12) \u015al\u0105skiej Izby Rolniczej z siedzib\u0105 w Katowicach, <br> 13) \u015awi\u0119tokrzyskiej Izby Rolniczej z siedzib\u0105 w Kielcach, <br> 14) Warmi\u0144sko-Mazurskiej Izby Rolniczej z siedzib\u0105 w Olsztynie, <br> 15) Wielkopolskiej Izby Rolniczej z siedzib\u0105 w Poznaniu, <br> 16) Zachodniopomorskiej Izby Rolniczej z siedzib\u0105 w Szczecinie.<\/p>\n\n\n\n<ol><li>Termin wybor\u00f3w wyznacza si\u0119 na dzie\u0144 28 lipca 2019 r.<\/li><\/ol>\n\n\n\n<p>\u00a7 2.<br>Terminarz wykonania poszczeg\u00f3lnych czynno\u015bci zwi\u0105zanych z przeprowadzaniem wybor\u00f3w do walnych zgromadze\u0144 izb rolniczych okre\u015bla za\u0142\u0105cznik do uchwa\u0142y.<\/p>\n\n\n\n<p>\u00a7 3.<br>Uchwa\u0142a wchodzi w \u017cycie z dniem podj\u0119cia.<\/p>\n\n\n\n<p>Prezes<br>Krajowej Rady Izb Rolniczych<br>Wiktor Szmulewicz<\/p>\n\n\n\n<p>Za\u0142\u0105cznik do uchwa\u0142y Nr 2\/2019 Krajowej Rady Izb Rolniczych:<\/p>\n\n\n\n<p>TERMINARZ WYKONANIA POSZCZEG\u00d3LNYCH CZYNNO\u015aCI ZWI\u0104ZANYCH Z PRZEPROWADZENIEM WYBOR\u00d3W DO WALNYCH ZGROMADZE\u0143 IZB ROLNICZYCH<\/p>\n\n\n\n<p><strong>Termin wykonania czynno\u015bci:<\/strong> najp\u00f3\u017aniej w dniu 30.04.2019 r. (wt)<br><strong>Rodzaj czynno\u015bci:<\/strong> podanie przez izb\u0119 rolnicz\u0105, do wiadomo\u015bci jej cz\u0142onk\u00f3w, tre\u015bci uchwa\u0142y Krajowej Rady Izb Rolniczych w sprawie zarz\u0105dzenia wybor\u00f3w do walnych zgromadze\u0144 izb rolniczych<\/p>\n\n\n\n<p><strong>Termin wykonania czynno\u015bci:<\/strong> najp\u00f3\u017aniej do dnia 31.05.2019 r. (pt)<br><strong>Rodzaj czynno\u015bci:<\/strong> wyb\u00f3r przez walne zgromadzenie izby rolniczej komisji wojew\u00f3dzkiej przeprowadzaj\u0105cej wybory do rad powiatowych tej izby<\/p>\n\n\n\n<p><strong>Termin wykonania czynno\u015bci:<\/strong> najp\u00f3\u017aniej do dnia 31.05.2019 r.(pt)<br><strong>Rodzaj czynno\u015bci:<\/strong> sporz\u0105dzenie przez zarz\u0105d izby rolniczej wykazu okr\u0119g\u00f3w wyborczych i przekazanie go komisji wojew\u00f3dzkiej<\/p>\n\n\n\n<p><strong>Termin wykonania czynno\u015bci:<\/strong> najp\u00f3\u017aniej do dnia 10.06.2019 r.(pon)<br><strong>Rodzaj czynno\u015bci:<\/strong> powo\u0142anie przez komisj\u0119 wojew\u00f3dzk\u0105 komisji okr\u0119gowych przeprowadzaj\u0105cych wybory do rad powiatowych izby rolniczej<\/p>\n\n\n\n<p><strong>Termin wykonania czynno\u015bci:<\/strong> najp\u00f3\u017aniej do dnia 10.06.2019 r.(pon)<br><strong>Rodzaj czynno\u015bci:<\/strong> przekazanie przez komisj\u0119 wojew\u00f3dzk\u0105 wykazu okr\u0119g\u00f3w wyborczych komisjom okr\u0119gowym i podanie go do wiadomo\u015bci cz\u0142onk\u00f3w izby rolniczej<\/p>\n\n\n\n<p><strong>Termin wykonania czynno\u015bci:<\/strong> najp\u00f3\u017aniej do dnia 14.06.2019 r. (pt)<br><strong>Rodzaj czynno\u015bci:<\/strong> podzia\u0142 okr\u0119gu wyborczego na obwody g\u0142osowania przez komisje okr\u0119gowe<\/p>\n\n\n\n<p><strong>Termin wykonania czynno\u015bci:<\/strong> najp\u00f3\u017aniej do dnia 14.06.2019 r.(pt)<br><strong>Rodzaj czynno\u015bci:<\/strong> &#8211; powo\u0142anie przez komisje okr\u0119gowe komisji obwodowych przeprowadzaj\u0105cych w obwodzie g\u0142osowania w wyborach do rad powiatowych izby rolniczej, &#8211; przekazanie przez komisje okr\u0119gowe wykazu obwod\u00f3w g\u0142osowania w okr\u0119gu komisjom obwodowym i podanie go do wiadomo\u015bci cz\u0142onk\u00f3w izby rolniczej<\/p>\n\n\n\n<p><strong>Termin wykonania czynno\u015bci:<\/strong> najp\u00f3\u017aniej do dnia 17.06.2019 r.(pon)<br><strong>Rodzaj czynno\u015bci:<\/strong> udost\u0119pnienie do wgl\u0105du spisu cz\u0142onk\u00f3w izby rolniczej uprawnionych do udzia\u0142u w g\u0142osowaniu w wyborach do rad powiatowych izby rolniczej<\/p>\n\n\n\n<p><strong>Termin wykonania czynno\u015bci:<\/strong> najp\u00f3\u017aniej do dnia 05.07.2019 r.<br><strong>Rodzaj czynno\u015bci:<\/strong> zg\u0142aszanie i rejestrowanie kandydat\u00f3w na cz\u0142onk\u00f3w rad powiatowych izby rolniczej do komisji okr\u0119gowych, dostarczenie komisji okr\u0119gowej lub komisji obwodowej spisu cz\u0142onk\u00f3w izby rolniczej uprawnionych do udzia\u0142u w g\u0142osowaniu w wyborach do rad powiatowych izby rolniczej<\/p>\n\n\n\n<p><strong>Termin wykonania czynno\u015bci:<\/strong> 08.07.2019 r.<br><strong>Rodzaj czynno\u015bci:<\/strong> zamieszczenie obwieszczenia wzywaj\u0105cego cz\u0142onk\u00f3w izby rolniczej do zg\u0142oszenia kandydat\u00f3w w dodatkowym naborze<\/p>\n\n\n\n<p><strong>Termin wykonania czynno\u015bci:<\/strong> najp\u00f3\u017aniej do dnia 11.07.2019 r. (czw)<br><strong>Rodzaj czynno\u015bci:<\/strong> zg\u0142aszanie kandydat\u00f3w w dodatkowym naborze<\/p>\n\n\n\n<p><strong>Termin wykonania czynno\u015bci:<\/strong> najp\u00f3\u017aniej w dniu 18.07.2019 r. (czw)<br><strong>Rodzaj czynno\u015bci:<\/strong> podanie do wiadomo\u015bci cz\u0142onk\u00f3w izby rolniczej listy kandydat\u00f3w na cz\u0142onk\u00f3w rad powiatowych w poszczeg\u00f3lnych okr\u0119gach wyborczych<\/p>\n\n\n\n<p><strong>Termin wykonania czynno\u015bci:<\/strong> 26.07.2019 r. (pt)<br><strong>Rodzaj czynno\u015bci:<\/strong> przekazanie przez komisje okr\u0119gowe kart do g\u0142osowania komisjom obwodowym<\/p>\n\n\n\n<p><strong>Termin wykonania czynno\u015bci:<\/strong> godz. 8.00-18.00 28.07.2019 r.(ndz)<br><strong>Rodzaj czynno\u015bci:<\/strong> g\u0142osowanie<\/p>\n\n\n\n<p><strong>Termin wykonania czynno\u015bci:<\/strong> najp\u00f3\u017aniej w dniu 18.08.2019 r.(ndz)<br><strong>Rodzaj czynno\u015bci:<\/strong> zwo\u0142anie przez zarz\u0105d izby rolniczej pierwszych posiedze\u0144 rad powiatowych tej izby<\/p>\n\n\n\n<p><strong>Termin wykonania czynno\u015bci:<\/strong> najp\u00f3\u017aniej w dniu 08.09.2019 r.(ndz)<br><strong>Rodzaj czynno\u015bci:<\/strong> zwo\u0142anie przez zarz\u0105d izby rolniczej pierwszego posiedzenia nowo wybranego walnego zgromadzenia<\/p>\n\n\n\n<p>ZOBACZ tak\u017ce: <a href=\"http:\/\/www.wir.org.pl\/wybory_2019\/przepisy\/uchwala_krir_1.pdf\">UCHWA\u0141A NR 1\/2019 KRAJOWEJ RADY IZB ROLNICZYCH z dnia 25 lutego 2019 r. w sprawie szczeg\u00f3\u0142owych zasad i trybu przeprowadzania wybor\u00f3w do walnych zgromadze\u0144 izb rolniczych.<\/a><\/p>\n\n\n\n<p>\u0179r\u00f3d\u0142o: Strona WWW Wielkopolskiej Izby Rolniczej (pobrano: 2.04.2019 r.)<\/p>\n","protected":false},"excerpt":{"rendered":"<p>UCHWA\u0141A NR 2\/2019KRAJOWEJ RADY IZB ROLNICZYCHz dnia 25 lutego 2019 r. w sprawie zarz\u0105dzenia wybor\u00f3w do walnych zgromadze\u0144 izb rolniczych. Na podstawie art. 25 ust.&#8230;<\/p>\n","protected":false},"author":2,"featured_media":177,"comment_status":"closed","ping_status":"closed","sticky":false,"template":"","format":"standard","meta":[],"categories":[40],"tags":[49],"_links":{"self":[{"href":"https:\/\/pracanaroli.pl\/index.php\/wp-json\/wp\/v2\/posts\/176"}],"collection":[{"href":"https:\/\/pracanaroli.pl\/index.php\/wp-json\/wp\/v2\/posts"}],"about":[{"href":"https:\/\/pracanaroli.pl\/index.php\/wp-json\/wp\/v2\/types\/post"}],"author":[{"embeddable":true,"href":"https:\/\/pracanaroli.pl\/index.php\/wp-json\/wp\/v2\/users\/2"}],"replies":[{"embeddable":true,"href":"https:\/\/pracanaroli.pl\/index.php\/wp-json\/wp\/v2\/comments?post=176"}],"version-history":[{"count":4,"href":"https:\/\/pracanaroli.pl\/index.php\/wp-json\/wp\/v2\/posts\/176\/revisions"}],"predecessor-version":[{"id":182,"href":"https:\/\/pracanaroli.pl\/index.php\/wp-json\/wp\/v2\/posts\/176\/revisions\/182"}],"wp:featuredmedia":[{"embeddable":true,"href":"https:\/\/pracanaroli.pl\/index.php\/wp-json\/wp\/v2\/media\/177"}],"wp:attachment":[{"href":"https:\/\/pracanaroli.pl\/index.php\/wp-json\/wp\/v2\/media?parent=176"}],"wp:term":[{"taxonomy":"category","embeddable":true,"href":"https:\/\/pracanaroli.pl\/index.php\/wp-json\/wp\/v2\/categories?post=176"},{"taxonomy":"post_tag","embeddable":true,"href":"https:\/\/pracanaroli.pl\/index.php\/wp-json\/wp\/v2\/tags?post=176"}],"curies":[{"name":"wp","href":"https:\/\/api.w.org\/{rel}","templated":true}]}}