{"id":160,"date":"2019-02-08T17:50:11","date_gmt":"2019-02-08T16:50:11","guid":{"rendered":"http:\/\/pracanaroli.pl\/?p=160"},"modified":"2019-04-02T17:55:45","modified_gmt":"2019-04-02T15:55:45","slug":"tak-dla-centrum-edukacji-ogrodniczej-w-szczecinie","status":"publish","type":"post","link":"https:\/\/pracanaroli.pl\/index.php\/2019\/02\/08\/tak-dla-centrum-edukacji-ogrodniczej-w-szczecinie\/","title":{"rendered":"TAK dla Centrum Edukacji Ogrodniczej w Szczecinie!"},"content":{"rendered":"\n<p><strong>Niezale\u017cny Samorz\u0105dny Zwi\u0105zek Zawodowy Rolnik\u00f3w Indywidualnych &#8222;Solidarno\u015b\u0107&#8221; na Pomorzu Zachodnim jest jednym z wielu podmiot\u00f3w, kt\u00f3re w\u0142\u0105czy\u0142y si\u0119 w akcj\u0119 obrony, ale i dzia\u0142ania na rzecz rozwoju Centrum Edukacji Ogrodniczej w Szczecinie. <\/strong><\/p>\n\n\n\n<figure class=\"wp-block-embed-youtube wp-block-embed is-type-video is-provider-youtube wp-embed-aspect-16-9 wp-has-aspect-ratio\"><div class=\"wp-block-embed__wrapper\">\n<iframe loading=\"lazy\" width=\"500\" height=\"281\" src=\"https:\/\/www.youtube.com\/embed\/IgKgVf9kg1A?feature=oembed\" frameborder=\"0\" allow=\"accelerometer; autoplay; encrypted-media; gyroscope; picture-in-picture\" allowfullscreen><\/iframe>\n<\/div><\/figure>\n\n\n\n<p>Szczecin, 8.02.2019 r. <\/p>\n","protected":false},"excerpt":{"rendered":"<p>Niezale\u017cny Samorz\u0105dny Zwi\u0105zek Zawodowy Rolnik\u00f3w Indywidualnych &#8222;Solidarno\u015b\u0107&#8221; na Pomorzu Zachodnim jest jednym z wielu podmiot\u00f3w, kt\u00f3re w\u0142\u0105czy\u0142y si\u0119 w akcj\u0119 obrony, ale i dzia\u0142ania na&#8230;<\/p>\n","protected":false},"author":2,"featured_media":161,"comment_status":"closed","ping_status":"closed","sticky":false,"template":"","format":"standard","meta":[],"categories":[20],"tags":[46],"_links":{"self":[{"href":"https:\/\/pracanaroli.pl\/index.php\/wp-json\/wp\/v2\/posts\/160"}],"collection":[{"href":"https:\/\/pracanaroli.pl\/index.php\/wp-json\/wp\/v2\/posts"}],"about":[{"href":"https:\/\/pracanaroli.pl\/index.php\/wp-json\/wp\/v2\/types\/post"}],"author":[{"embeddable":true,"href":"https:\/\/pracanaroli.pl\/index.php\/wp-json\/wp\/v2\/users\/2"}],"replies":[{"embeddable":true,"href":"https:\/\/pracanaroli.pl\/index.php\/wp-json\/wp\/v2\/comments?post=160"}],"version-history":[{"count":1,"href":"https:\/\/pracanaroli.pl\/index.php\/wp-json\/wp\/v2\/posts\/160\/revisions"}],"predecessor-version":[{"id":162,"href":"https:\/\/pracanaroli.pl\/index.php\/wp-json\/wp\/v2\/posts\/160\/revisions\/162"}],"wp:featuredmedia":[{"embeddable":true,"href":"https:\/\/pracanaroli.pl\/index.php\/wp-json\/wp\/v2\/media\/161"}],"wp:attachment":[{"href":"https:\/\/pracanaroli.pl\/index.php\/wp-json\/wp\/v2\/media?parent=160"}],"wp:term":[{"taxonomy":"category","embeddable":true,"href":"https:\/\/pracanaroli.pl\/index.php\/wp-json\/wp\/v2\/categories?post=160"},{"taxonomy":"post_tag","embeddable":true,"href":"https:\/\/pracanaroli.pl\/index.php\/wp-json\/wp\/v2\/tags?post=160"}],"curies":[{"name":"wp","href":"https:\/\/api.w.org\/{rel}","templated":true}]}}