{"id":154,"date":"2019-04-02T17:27:49","date_gmt":"2019-04-02T15:27:49","guid":{"rendered":"http:\/\/pracanaroli.pl\/?p=154"},"modified":"2019-04-02T17:33:55","modified_gmt":"2019-04-02T15:33:55","slug":"polecamy-szczecinski-bazar-smakoszy","status":"publish","type":"post","link":"https:\/\/pracanaroli.pl\/index.php\/2019\/04\/02\/polecamy-szczecinski-bazar-smakoszy\/","title":{"rendered":"Polecamy SZCZECI\u0143SKI BAZAR SMAKOSZY"},"content":{"rendered":"\n<p><strong>Rolnikom zainteresowanym sprzeda\u017c\u0105 bezpo\u015bredni\u0105 swoich produkt\u00f3w polecamy uwadze wyj\u0105tkowy projekt, kt\u00f3ry rozwija si\u0119 od 2017 roku w Szczecinie. Szczeci\u0144ski Bazar Smakoszy &#8211; co tydzie\u0144 w niedziel\u0119, w godz. 10.00 &#8211; 15.00.<\/strong><\/p>\n\n\n\n<blockquote class=\"wp-block-quote\"><p>&#8222;Chcieliby\u015bmy wsp\u00f3lnie z Wami tworzy\u0107 w Szczecinie takie miejsce spotka\u0144, na jakie to miasto zas\u0142uguje, dlatego od maja 2017 roku dzia\u0142a Bazar. Zapraszamy serdecznie w ka\u017cd\u0105 niedziel\u0119 w godz. 10-15 do postindustrialnej OFF Mariny przy ul. Chmielewskiego 18 na najwi\u0119ksze w Polsce cykliczne wydarzenie \u0142\u0105cz\u0105ce ekobazar, targ \u015bniadaniowy, gie\u0142d\u0119 winyli, bookcrossing, stacj\u0119 dzieci\u0119c\u0105 i piknik na le\u017cakach. Wst\u0119p i parking 4 free. Wpadajcie ca\u0142ymi rodzinami, jest naprawd\u0119 fajnie. Do zobaczenia!&#8221;<\/p><cite><a href=\"https:\/\/www.facebook.com\/SzczecinskiBazarSmakoszy\/\">Wi\u0119cej na stronie Facebook SZCZECI\u0143SKI BAZAR SMAKOSZY<\/a><\/cite><\/blockquote>\n\n\n\n<figure class=\"wp-block-image\"><img decoding=\"async\" loading=\"lazy\" width=\"1024\" height=\"372\" src=\"http:\/\/pracanaroli.pl\/wp-content\/uploads\/2019\/04\/Szczecinski-Bazar-Smakoszy-03-1024x372.png\" alt=\"\" class=\"wp-image-158\" srcset=\"https:\/\/pracanaroli.pl\/wp-content\/uploads\/2019\/04\/Szczecinski-Bazar-Smakoszy-03-1024x372.png 1024w, https:\/\/pracanaroli.pl\/wp-content\/uploads\/2019\/04\/Szczecinski-Bazar-Smakoszy-03-300x109.png 300w, https:\/\/pracanaroli.pl\/wp-content\/uploads\/2019\/04\/Szczecinski-Bazar-Smakoszy-03-768x279.png 768w, https:\/\/pracanaroli.pl\/wp-content\/uploads\/2019\/04\/Szczecinski-Bazar-Smakoszy-03.png 1193w\" sizes=\"(max-width: 1024px) 100vw, 1024px\" \/><\/figure>\n\n\n\n<p>Fot. <a href=\"https:\/\/www.facebook.com\/SzczecinskiBazarSmakoszy\/\">Facebook Szczeci\u0144ski Bazar Smakoszy<\/a><\/p>\n","protected":false},"excerpt":{"rendered":"<p>Rolnikom zainteresowanym sprzeda\u017c\u0105 bezpo\u015bredni\u0105 swoich produkt\u00f3w polecamy uwadze wyj\u0105tkowy projekt, kt\u00f3ry rozwija si\u0119 od 2017 roku w Szczecinie. Szczeci\u0144ski Bazar Smakoszy &#8211; co tydzie\u0144 w&#8230;<\/p>\n","protected":false},"author":2,"featured_media":155,"comment_status":"closed","ping_status":"closed","sticky":false,"template":"","format":"standard","meta":[],"categories":[41],"tags":[45],"_links":{"self":[{"href":"https:\/\/pracanaroli.pl\/index.php\/wp-json\/wp\/v2\/posts\/154"}],"collection":[{"href":"https:\/\/pracanaroli.pl\/index.php\/wp-json\/wp\/v2\/posts"}],"about":[{"href":"https:\/\/pracanaroli.pl\/index.php\/wp-json\/wp\/v2\/types\/post"}],"author":[{"embeddable":true,"href":"https:\/\/pracanaroli.pl\/index.php\/wp-json\/wp\/v2\/users\/2"}],"replies":[{"embeddable":true,"href":"https:\/\/pracanaroli.pl\/index.php\/wp-json\/wp\/v2\/comments?post=154"}],"version-history":[{"count":2,"href":"https:\/\/pracanaroli.pl\/index.php\/wp-json\/wp\/v2\/posts\/154\/revisions"}],"predecessor-version":[{"id":159,"href":"https:\/\/pracanaroli.pl\/index.php\/wp-json\/wp\/v2\/posts\/154\/revisions\/159"}],"wp:featuredmedia":[{"embeddable":true,"href":"https:\/\/pracanaroli.pl\/index.php\/wp-json\/wp\/v2\/media\/155"}],"wp:attachment":[{"href":"https:\/\/pracanaroli.pl\/index.php\/wp-json\/wp\/v2\/media?parent=154"}],"wp:term":[{"taxonomy":"category","embeddable":true,"href":"https:\/\/pracanaroli.pl\/index.php\/wp-json\/wp\/v2\/categories?post=154"},{"taxonomy":"post_tag","embeddable":true,"href":"https:\/\/pracanaroli.pl\/index.php\/wp-json\/wp\/v2\/tags?post=154"}],"curies":[{"name":"wp","href":"https:\/\/api.w.org\/{rel}","templated":true}]}}