{"id":1411,"date":"2023-03-22T08:20:00","date_gmt":"2023-03-22T07:20:00","guid":{"rendered":"https:\/\/pracanaroli.pl\/?p=1411"},"modified":"2023-03-23T08:30:12","modified_gmt":"2023-03-23T07:30:12","slug":"zachodniopomorskierol-informacje-o-protestach-na-fb-protestrolnikow","status":"publish","type":"post","link":"https:\/\/pracanaroli.pl\/index.php\/2023\/03\/22\/zachodniopomorskierol-informacje-o-protestach-na-fb-protestrolnikow\/","title":{"rendered":"#ZachodniopomorskieROL: informacje o protestach na FB @protestrolnikow"},"content":{"rendered":"\n<p><strong>Informacje na temat akcji protestacyjnych organizowanych na Pomorzu Zachodnim znajduj\u0105 si\u0119 na stronie Facebook @protestrolnikow Jest to strona Zachodniopomorskiej Rady Wojew\u00f3dzkiej NSZZ Rolnik\u00f3w Indywidualnych &#8222;Solidarno\u015b\u0107&#8221;. <\/strong><\/p>\n\n\n\n<p>Protest rolnik\u00f3w w Szczecinie rozpoczynaj\u0105cy si\u0119 23 marca 2023 roku realizowany jest w ramach porozumienia zawartego 14 marca 2023 r. pomi\u0119dzy Zachodniopomorsk\u0105 Rad\u0119 Wojew\u00f3dzk\u0105 NSZZ Rolnik\u00f3w Indywidualnych \u201eSolidarno\u015b\u0107\u201d, Okr\u0119gowym Zwi\u0105zkiem Plantator\u00f3w Buraka Cukrowego oraz Wojew\u00f3dzkim Zwi\u0105zkiem K\u00f3\u0142ek i Organizacji Rolniczych. Dzia\u0142ania Zespo\u0142u wspiera Zachodniopomorska Izba Rolnicza. Dzia\u0142ania w ramach protestu koordynuje Zachodniopomorski Zesp\u00f3\u0142 Koordynacyjny Zwi\u0105zk\u00f3w i Organizacji Rolniczych (ZZKiOR). <\/p>\n\n\n\n<p>Red. <\/p>\n","protected":false},"excerpt":{"rendered":"<p>Informacje na temat akcji protestacyjnych organizowanych na Pomorzu Zachodnim znajduj\u0105 si\u0119 na stronie Facebook @protestrolnikow Jest to strona Zachodniopomorskiej Rady Wojew\u00f3dzkiej NSZZ Rolnik\u00f3w Indywidualnych &#8222;Solidarno\u015b\u0107&#8221;.&#8230;<\/p>\n","protected":false},"author":2,"featured_media":1412,"comment_status":"closed","ping_status":"closed","sticky":false,"template":"","format":"standard","meta":[],"categories":[42],"tags":[61],"_links":{"self":[{"href":"https:\/\/pracanaroli.pl\/index.php\/wp-json\/wp\/v2\/posts\/1411"}],"collection":[{"href":"https:\/\/pracanaroli.pl\/index.php\/wp-json\/wp\/v2\/posts"}],"about":[{"href":"https:\/\/pracanaroli.pl\/index.php\/wp-json\/wp\/v2\/types\/post"}],"author":[{"embeddable":true,"href":"https:\/\/pracanaroli.pl\/index.php\/wp-json\/wp\/v2\/users\/2"}],"replies":[{"embeddable":true,"href":"https:\/\/pracanaroli.pl\/index.php\/wp-json\/wp\/v2\/comments?post=1411"}],"version-history":[{"count":1,"href":"https:\/\/pracanaroli.pl\/index.php\/wp-json\/wp\/v2\/posts\/1411\/revisions"}],"predecessor-version":[{"id":1413,"href":"https:\/\/pracanaroli.pl\/index.php\/wp-json\/wp\/v2\/posts\/1411\/revisions\/1413"}],"wp:featuredmedia":[{"embeddable":true,"href":"https:\/\/pracanaroli.pl\/index.php\/wp-json\/wp\/v2\/media\/1412"}],"wp:attachment":[{"href":"https:\/\/pracanaroli.pl\/index.php\/wp-json\/wp\/v2\/media?parent=1411"}],"wp:term":[{"taxonomy":"category","embeddable":true,"href":"https:\/\/pracanaroli.pl\/index.php\/wp-json\/wp\/v2\/categories?post=1411"},{"taxonomy":"post_tag","embeddable":true,"href":"https:\/\/pracanaroli.pl\/index.php\/wp-json\/wp\/v2\/tags?post=1411"}],"curies":[{"name":"wp","href":"https:\/\/api.w.org\/{rel}","templated":true}]}}