{"id":1363,"date":"2023-01-02T13:16:50","date_gmt":"2023-01-02T12:16:50","guid":{"rendered":"https:\/\/pracanaroli.pl\/?p=1363"},"modified":"2023-01-02T13:19:39","modified_gmt":"2023-01-02T12:19:39","slug":"polskaziemia-10-rocznica-77-dniowego-protestu-rolnikow-w-szczecinie-film-razem-okolo-4-godzin","status":"publish","type":"post","link":"https:\/\/pracanaroli.pl\/index.php\/2023\/01\/02\/polskaziemia-10-rocznica-77-dniowego-protestu-rolnikow-w-szczecinie-film-razem-okolo-4-godzin\/","title":{"rendered":"#PolskaZiemia 10 rocznica 77 dniowego PROTESTU ROLNIK\u00d3W w Szczecinie FILM [w tym: opinie rolnik\u00f3w, konferencja &#8211; razem oko\u0142o 4 godzin]"},"content":{"rendered":"\n<figure class=\"wp-block-embed is-type-video is-provider-youtube wp-block-embed-youtube wp-embed-aspect-16-9 wp-has-aspect-ratio\"><div class=\"wp-block-embed__wrapper\">\n<iframe loading=\"lazy\" title=\"10 rocznica 77 dniowego PROTESTU ROLNIK\u00d3W w Szczecinie 5 grudnia 2022 r.\" width=\"500\" height=\"281\" src=\"https:\/\/www.youtube.com\/embed\/videoseries?list=PL_PhUVe9uJ1JvfEKQXVZYl8UUutqm4riv\" frameborder=\"0\" allow=\"accelerometer; autoplay; clipboard-write; encrypted-media; gyroscope; picture-in-picture\" allowfullscreen><\/iframe>\n<\/div><\/figure>\n","protected":false},"excerpt":{"rendered":"","protected":false},"author":2,"featured_media":0,"comment_status":"open","ping_status":"closed","sticky":false,"template":"","format":"standard","meta":[],"categories":[1,21,17,25],"tags":[61,33,26,50],"_links":{"self":[{"href":"https:\/\/pracanaroli.pl\/index.php\/wp-json\/wp\/v2\/posts\/1363"}],"collection":[{"href":"https:\/\/pracanaroli.pl\/index.php\/wp-json\/wp\/v2\/posts"}],"about":[{"href":"https:\/\/pracanaroli.pl\/index.php\/wp-json\/wp\/v2\/types\/post"}],"author":[{"embeddable":true,"href":"https:\/\/pracanaroli.pl\/index.php\/wp-json\/wp\/v2\/users\/2"}],"replies":[{"embeddable":true,"href":"https:\/\/pracanaroli.pl\/index.php\/wp-json\/wp\/v2\/comments?post=1363"}],"version-history":[{"count":2,"href":"https:\/\/pracanaroli.pl\/index.php\/wp-json\/wp\/v2\/posts\/1363\/revisions"}],"predecessor-version":[{"id":1367,"href":"https:\/\/pracanaroli.pl\/index.php\/wp-json\/wp\/v2\/posts\/1363\/revisions\/1367"}],"wp:attachment":[{"href":"https:\/\/pracanaroli.pl\/index.php\/wp-json\/wp\/v2\/media?parent=1363"}],"wp:term":[{"taxonomy":"category","embeddable":true,"href":"https:\/\/pracanaroli.pl\/index.php\/wp-json\/wp\/v2\/categories?post=1363"},{"taxonomy":"post_tag","embeddable":true,"href":"https:\/\/pracanaroli.pl\/index.php\/wp-json\/wp\/v2\/tags?post=1363"}],"curies":[{"name":"wp","href":"https:\/\/api.w.org\/{rel}","templated":true}]}}