{"id":111,"date":"2019-04-02T13:25:19","date_gmt":"2019-04-02T11:25:19","guid":{"rendered":"http:\/\/pracanaroli.pl\/?p=111"},"modified":"2019-04-02T15:51:45","modified_gmt":"2019-04-02T13:51:45","slug":"dzien-w-ktorym-przestalo-plynac-mleko-1-kwietnia-2019-r","status":"publish","type":"post","link":"https:\/\/pracanaroli.pl\/index.php\/2019\/04\/02\/dzien-w-ktorym-przestalo-plynac-mleko-1-kwietnia-2019-r\/","title":{"rendered":"Dzie\u0144, w kt\u00f3rym przesta\u0142o p\u0142yn\u0105\u0107 mleko &#8211; 1 kwietnia 2019 r."},"content":{"rendered":"\n<p><strong>Mia\u0142o by\u0107 pi\u0119knie. Szczecinek zyskuje obwodnice, my przenosimy si\u0119 z hodowl\u0105 i produkcj\u0105 mleka w inne miejsce, przecie\u017c prawo polskie teoretycznie gwarantuje takie rozwi\u0105zanie (art. 13 specustawy drogowej). No w\u0142a\u015bnie, teoretycznie. <\/strong><\/p>\n\n\n\n<p>W praktyce pracownicy GDDKIA stanowi\u0105 mur nie do przebicia, nie trafiaj\u0105 do nich \u017cadne merytoryczne argumenty, a poniewa\u017c sami takich nie posiadaj\u0105 pisz\u0105 donosy, nasy\u0142aj\u0105 kontrole, r\u00f3wnocze\u015bnie udaj\u0105c zrozumienie. Rado\u015bnie wymachuj\u0105c specustaw\u0105 og\u0142aszaj\u0105 si\u0119 obro\u0144cami pieni\u0119dzy Skarbu Pa\u0144stwa, bo przecie\u017c wyw\u0142aszczony rolnik to zdecydowanie wy\u0142udzacz. Wyst\u0119puj\u0105 w charakterze ekspert\u00f3w od hodowli i za pa\u0144stwowe pieni\u0105dze powo\u0142uj\u0105 \u201ebieg\u0142ego s\u0105dowego\u201d, kt\u00f3ry co\u015b widuje, wydaje mu si\u0119 lub sprawia co\u015b na nim wra\u017cenie, przy okazji pope\u0142nia skandaliczne, niedopuszczalne b\u0142\u0119dy rzeczowe. Jak si\u0119 okazuje jego \u201eopinia\u201d jest wa\u017cniejsza od opinii uniwersyteckiego profesora. <\/p>\n\n\n\n<p>I tak po 25 latach hodowli kr\u00f3w mlecznych musieli\u015bmy zrezygnowa\u0107 z produkcji mleka. Po 2 latach od rozpocz\u0119cia inwestycji drogowej zlokalizowanej 40 metr\u00f3w od obory. Wbrew wizjom GDDKIA nie uda\u0142o si\u0119 utrzyma\u0107 100 sztuk byd\u0142a bez dost\u0119pu do pastwisk, przy 24 godzinnym ha\u0142asie maszyn budowlanych, na areale pomniejszonym o 40%. Ku chwale Ojczyzny.<\/p>\n\n\n\n<p>Anna Dubiniec<\/p>\n\n\n\n<p>Szczecinek, 1.04.2019 r.<\/p>\n","protected":false},"excerpt":{"rendered":"<p>Mia\u0142o by\u0107 pi\u0119knie. Szczecinek zyskuje obwodnice, my przenosimy si\u0119 z hodowl\u0105 i produkcj\u0105 mleka w inne miejsce, przecie\u017c prawo polskie teoretycznie gwarantuje takie rozwi\u0105zanie (art.&#8230;<\/p>\n","protected":false},"author":2,"featured_media":34,"comment_status":"open","ping_status":"closed","sticky":false,"template":"","format":"standard","meta":[],"categories":[23,36],"tags":[35],"_links":{"self":[{"href":"https:\/\/pracanaroli.pl\/index.php\/wp-json\/wp\/v2\/posts\/111"}],"collection":[{"href":"https:\/\/pracanaroli.pl\/index.php\/wp-json\/wp\/v2\/posts"}],"about":[{"href":"https:\/\/pracanaroli.pl\/index.php\/wp-json\/wp\/v2\/types\/post"}],"author":[{"embeddable":true,"href":"https:\/\/pracanaroli.pl\/index.php\/wp-json\/wp\/v2\/users\/2"}],"replies":[{"embeddable":true,"href":"https:\/\/pracanaroli.pl\/index.php\/wp-json\/wp\/v2\/comments?post=111"}],"version-history":[{"count":2,"href":"https:\/\/pracanaroli.pl\/index.php\/wp-json\/wp\/v2\/posts\/111\/revisions"}],"predecessor-version":[{"id":113,"href":"https:\/\/pracanaroli.pl\/index.php\/wp-json\/wp\/v2\/posts\/111\/revisions\/113"}],"wp:featuredmedia":[{"embeddable":true,"href":"https:\/\/pracanaroli.pl\/index.php\/wp-json\/wp\/v2\/media\/34"}],"wp:attachment":[{"href":"https:\/\/pracanaroli.pl\/index.php\/wp-json\/wp\/v2\/media?parent=111"}],"wp:term":[{"taxonomy":"category","embeddable":true,"href":"https:\/\/pracanaroli.pl\/index.php\/wp-json\/wp\/v2\/categories?post=111"},{"taxonomy":"post_tag","embeddable":true,"href":"https:\/\/pracanaroli.pl\/index.php\/wp-json\/wp\/v2\/tags?post=111"}],"curies":[{"name":"wp","href":"https:\/\/api.w.org\/{rel}","templated":true}]}}