{"id":108,"date":"2019-03-14T13:02:00","date_gmt":"2019-03-14T12:02:00","guid":{"rendered":"http:\/\/pracanaroli.pl\/?p=108"},"modified":"2019-04-02T18:20:11","modified_gmt":"2019-04-02T16:20:11","slug":"wywlaszczeni-rolnicy-na-facebooku","status":"publish","type":"post","link":"https:\/\/pracanaroli.pl\/index.php\/2019\/03\/14\/wywlaszczeni-rolnicy-na-facebooku\/","title":{"rendered":"Wyw\u0142aszczeni rolnicy &#8211; strona na Facebooku"},"content":{"rendered":"\n<p>Cz\u0142onk\u00f3w NSZZ Rolnik\u00f3w Indywidualnych &#8222;Solidarno\u015b\u0107&#8221; na Pomorzu Zachodnim dotkn\u0105\u0142 problem wyw\u0142aszczenia. Na naszej stronie znajdziecie informacje, mi\u0119dzy innymi, o sytuacji gospodarstwa Artura i Anny Dubi\u0144c\u00f3w ze Szczecinka. <\/p>\n\n\n\n<p>W zwi\u0105zku z tym, \u017ce wyw\u0142aszczenie jest bardzo z\u0142o\u017conym problemem i wymaga jednoczesnego dzia\u0142ania na kilku poziomach, w tym prawnym, konieczna jest wsp\u00f3\u0142praca wszystkich zainteresowanych. Sami nie jeste\u015bmy w stanie wypracowa\u0107 uczciwych rozwi\u0105za\u0144 prawnych, ale i poradzi\u0107 sobie w relacji z biurokratyczn\u0105 machin\u0105 pa\u0144stwa. Jednym z narz\u0119dzi, kt\u00f3re ma nam pom\u00f3c w ochronie naszych praw, jest za\u0142o\u017cona na Facebooku strona <a href=\"https:\/\/www.facebook.com\/Wyw%C5%82aszczeni-Rolnicy-2294907860785481\/\">WYW\u0141ASZCZENI ROLNICY<\/a>. Zach\u0119camy do polubienia. <\/p>\n","protected":false},"excerpt":{"rendered":"<p>Cz\u0142onk\u00f3w NSZZ Rolnik\u00f3w Indywidualnych &#8222;Solidarno\u015b\u0107&#8221; na Pomorzu Zachodnim dotkn\u0105\u0142 problem wyw\u0142aszczenia. Na naszej stronie znajdziecie informacje, mi\u0119dzy innymi, o sytuacji gospodarstwa Artura i Anny Dubi\u0144c\u00f3w&#8230;<\/p>\n","protected":false},"author":2,"featured_media":35,"comment_status":"closed","ping_status":"closed","sticky":false,"template":"","format":"standard","meta":[],"categories":[36],"tags":[35],"_links":{"self":[{"href":"https:\/\/pracanaroli.pl\/index.php\/wp-json\/wp\/v2\/posts\/108"}],"collection":[{"href":"https:\/\/pracanaroli.pl\/index.php\/wp-json\/wp\/v2\/posts"}],"about":[{"href":"https:\/\/pracanaroli.pl\/index.php\/wp-json\/wp\/v2\/types\/post"}],"author":[{"embeddable":true,"href":"https:\/\/pracanaroli.pl\/index.php\/wp-json\/wp\/v2\/users\/2"}],"replies":[{"embeddable":true,"href":"https:\/\/pracanaroli.pl\/index.php\/wp-json\/wp\/v2\/comments?post=108"}],"version-history":[{"count":2,"href":"https:\/\/pracanaroli.pl\/index.php\/wp-json\/wp\/v2\/posts\/108\/revisions"}],"predecessor-version":[{"id":110,"href":"https:\/\/pracanaroli.pl\/index.php\/wp-json\/wp\/v2\/posts\/108\/revisions\/110"}],"wp:featuredmedia":[{"embeddable":true,"href":"https:\/\/pracanaroli.pl\/index.php\/wp-json\/wp\/v2\/media\/35"}],"wp:attachment":[{"href":"https:\/\/pracanaroli.pl\/index.php\/wp-json\/wp\/v2\/media?parent=108"}],"wp:term":[{"taxonomy":"category","embeddable":true,"href":"https:\/\/pracanaroli.pl\/index.php\/wp-json\/wp\/v2\/categories?post=108"},{"taxonomy":"post_tag","embeddable":true,"href":"https:\/\/pracanaroli.pl\/index.php\/wp-json\/wp\/v2\/tags?post=108"}],"curies":[{"name":"wp","href":"https:\/\/api.w.org\/{rel}","templated":true}]}}